{"id":41285,"date":"2018-05-23T18:30:56","date_gmt":"2018-05-23T16:30:56","guid":{"rendered":"http:\/\/www.brennerbasisdemokratie.eu\/?p=41285"},"modified":"2021-07-19T11:09:17","modified_gmt":"2021-07-19T09:09:17","slug":"die-svp-umfrage-zur-landtagswahl-2018","status":"publish","type":"post","link":"https:\/\/www.brennerbasisdemokratie.eu\/?p=41285","title":{"rendered":"Die SVP-Umfrage zur Landtagswahl 2018."},"content":{"rendered":"<p>Die Nachricht des Tages ist die von der <em>Volkspartei<\/em> beim Wiener Meinungsforschungsinstitut <em>GfK<\/em> in Auftrag gegebene \u2014 und von diesem vor rund vier Wochen durchgef\u00fchrte \u2014 \u00bbSonntagsfrage\u00ab zur heurigen Landtagswahl. Sie wurde gestern von der <abbr title=\"S\u00fcdtiroler Volkspartei\">SVP<\/abbr> den Medien pr\u00e4sentiert und von diesen (<abbr title=\"Tageszeitung\">TAZ<\/abbr>, <em>Dolomiten,<\/em> AA) in ihren heutigen Printausgaben wiedergegeben.<\/p>\n<p>Ich habe hier den Versuch einer grafischen Aufbereitung (im Vergleich zum Landtagswahlergebnis &nbsp;2013) versucht, obwohl die Angaben der drei Zeitungen teils widerspr\u00fcchlich waren:<\/p>\n<blockquote><p><img loading=\"lazy\" decoding=\"async\" class=\"aligncenter size-full wp-image-41286\" src=\"http:\/\/www.brennerbasisdemokratie.eu\/wp-content\/uploads\/2018\/05\/sonntagsfrage2018_gfk.png\" alt=\"\" width=\"660\" height=\"436\"\/><\/p><\/blockquote>\n<p>Allen Bl\u00e4ttern gemeinsam ist die Information, dass die SVP auf rund 40% der Stimmen (laut <em>Dolomiten:<\/em> 39-41%) gekommen w\u00e4re, wenn die Wahl zum Zeitpunkt der Umfrage stattgefunden h\u00e4tte. Das w\u00e4re ein R\u00fcckgang um fast 6 Prozentpunkte im Vergleich zum Landtagswahlergebnis 2013.<\/p>\n<p>Erstaunlich stabil w\u00e4ren demnach die <em>Freiheitlichen<\/em> geblieben. Laut TAZ lagen sie bei 18% und laut <em>Dolomiten<\/em> zwischen 17 und 18% (im \u2014 gerundeten \u2014 Mittel 17,8%). Bei der letzten Wahl hatten sie mit 17,9% sechs Landtagsmandate errungen.<\/p>\n<p>Eine dramatische Verbesserung ihres Ergebnisses von 2013 h\u00e4tte die <em>F\u00fcnfsternebewegung<\/em> hinlegen k\u00f6nnen, die laut AA 7-8%, laut TAZ 8% und laut <em>Dolo<\/em>&nbsp;9% der Stimmen errungen h\u00e4tte. Bei ihrem ersten Antritt zu einer Landtagswahl hatten sie im Herbst 2013 (2,5%) einen Landtagsabgeordneten (Paul K\u00f6llensperger) entsandt.<\/p>\n<p>\u00c4hnlich wie die <em>Freiheitlichen<\/em> h\u00e4tte auch die <em>S\u00fcd-Tiroler Freiheit<\/em> ihr Ergebnis halten k\u00f6nnen. W\u00e4re die Landtagswahl vor rund vier Wochen abgehalten worden, w\u00e4re sie (laut TAZ) auf 7% gekommen \u2014 2013 waren es 7,2% gewesen.<\/p>\n<p>Bei den <em>Gr\u00fcnen<\/em> herrscht wiederum gr\u00f6\u00dfere Konfusion: So sieht sie die TAZ bei 6%, w\u00e4hrend sie der AA als stabil (2013: 8,7%) bezeichnet und die <em>Dolomiten<\/em> von leichten Verlusten spricht.<\/p>\n<p>Die <em>Lega<\/em> h\u00e4tte (laut TAZ und AA) 5% geschafft, w\u00e4hrend sie bei der letzten Landtagswahl im Wahlb\u00fcndnis mit <i>Forza Italia<\/i> und <i>Team Autonomie<\/i> nur 2,5% und mit Elena Artioli einen Sitz errungen hatte.<\/p>\n<p>Und schlie\u00dflich die <abbr title=\"Partito Democratico\">PD<\/abbr>, die laut AA zwischen 4 und 5%, laut TAZ \u00bbunter 5%\u00ab gelegen h\u00e4tte. Rund ein Drittel ihrer W\u00e4hlerinnen w\u00e4ren dem derzeitigen Koalitionspartner der SVP somit abhanden gekommen.<\/p>\n<p>Wo die kleineren Parteien (AAnC\/<abbr title=\"Fratelli d\u2019Italia\">FdI<\/abbr>, <em>B\u00fcrgerUnion,<\/em> aber z.B. auch <em>CasaPound) <\/em>bleiben, ist v\u00f6llig unklar. W\u00e4re die <em>Union<\/em> laut <em>Dolomiten<\/em> \u00bbnicht mehr vertreten\u00ab, schreibt die TAZ, dass<\/p>\n<blockquote><p>die kleineren Ein-Mann-Parteien wie Andreas P\u00f6ders B\u00fcrgerUnion oder Alto Adige nel Cuore von Alessandro Urz\u00ec [\u2026] aufgrund der geringen Prozents\u00e4tze in der Umfrage nicht ber\u00fccksichtigt [wurden].<\/p><\/blockquote>\n<p>Angesichts dieser widerspr\u00fcchlichen Zusammenfassungen sind die Ergebnisse nat\u00fcrlich mit besonderer Vorsicht zu genie\u00dfen. Zur\u00fcckzuf\u00fchren sind die Abweichungen \u00fcbrigens wohl darauf, dass die SVP \u2014 laut <em>Dolomiten<\/em> \u2014 bei der Vorstellung der Daten \u00bbweder Fotos, noch Mitschreiben\u00ab gestattet hatte. Durchgef\u00fchrt worden sei die Umfrage \u00bbbei 1000 S\u00fcdtiroler Wahlberechtigten aller 3 Sprachgruppen\u00ab <em>(Dolo).<\/em><\/p>\n<p><strong><span style=\"font-family: Helvetica, Arial, sans-serif; text-transform: uppercase;\">C\u00ebla enghe:<\/span><\/strong> <a href=\"https:\/\/www.brennerbasisdemokratie.eu\/?p=42309\" title=\"Landtagswahlumfragen 2013 und 2018.\"><span style=\"color: #ff8c00\"><code>01<\/code><\/span><\/a><\/p>","protected":false},"excerpt":{"rendered":"<p>Die Nachricht des Tages ist die von der Volkspartei beim Wiener Meinungsforschungsinstitut GfK in Auftrag gegebene \u2014 und von diesem vor rund vier Wochen durchgef\u00fchrte \u2014 \u00bbSonntagsfrage\u00ab zur heurigen Landtagswahl. Sie wurde gestern von der SVP den Medien pr\u00e4sentiert und von diesen (TAZ, Dolomiten, AA) in ihren heutigen Printausgaben wiedergegeben. Ich habe hier den Versuch [&hellip;]<\/p>","protected":false},"author":1,"featured_media":0,"comment_status":"open","ping_status":"open","sticky":false,"template":"","format":"standard","meta":{"_crdt_document":"","ngg_post_thumbnail":0,"_jetpack_memberships_contains_paid_content":false,"footnotes":""},"categories":[1],"tags":[],"class_list":["post-41285","post","type-post","status-publish","format-standard","hentry","category-allgemein","entity-5sb","entity-burgerunion","entity-cpi","entity-fdi","entity-freiheitliche","entity-lega","entity-pd","entity-pdl","entity-stf","entity-svp","entity-verc","issue-landtagswahl-2013","issue-landtagswahl-2018","issue-zitac","language-deutsch","medium-aa","medium-dolo","medium-taz","topic-democrazia","topic-medien","topic-politik","topic-statistik"],"jetpack_featured_media_url":"","jetpack_sharing_enabled":true,"_links":{"self":[{"href":"https:\/\/www.brennerbasisdemokratie.eu\/index.php?rest_route=\/wp\/v2\/posts\/41285","targetHints":{"allow":["GET"]}}],"collection":[{"href":"https:\/\/www.brennerbasisdemokratie.eu\/index.php?rest_route=\/wp\/v2\/posts"}],"about":[{"href":"https:\/\/www.brennerbasisdemokratie.eu\/index.php?rest_route=\/wp\/v2\/types\/post"}],"author":[{"embeddable":true,"href":"https:\/\/www.brennerbasisdemokratie.eu\/index.php?rest_route=\/wp\/v2\/users\/1"}],"replies":[{"embeddable":true,"href":"https:\/\/www.brennerbasisdemokratie.eu\/index.php?rest_route=%2Fwp%2Fv2%2Fcomments&post=41285"}],"version-history":[{"count":7,"href":"https:\/\/www.brennerbasisdemokratie.eu\/index.php?rest_route=\/wp\/v2\/posts\/41285\/revisions"}],"predecessor-version":[{"id":67090,"href":"https:\/\/www.brennerbasisdemokratie.eu\/index.php?rest_route=\/wp\/v2\/posts\/41285\/revisions\/67090"}],"wp:attachment":[{"href":"https:\/\/www.brennerbasisdemokratie.eu\/index.php?rest_route=%2Fwp%2Fv2%2Fmedia&parent=41285"}],"wp:term":[{"taxonomy":"category","embeddable":true,"href":"https:\/\/www.brennerbasisdemokratie.eu\/index.php?rest_route=%2Fwp%2Fv2%2Fcategories&post=41285"},{"taxonomy":"post_tag","embeddable":true,"href":"https:\/\/www.brennerbasisdemokratie.eu\/index.php?rest_route=%2Fwp%2Fv2%2Ftags&post=41285"}],"curies":[{"name":"wp","href":"https:\/\/api.w.org\/{rel}","templated":true}]}}