{"id":4145,"date":"2010-01-04T11:28:45","date_gmt":"2010-01-04T10:28:45","guid":{"rendered":"http:\/\/www.brennerbasisdemokratie.eu\/?p=4145"},"modified":"2024-01-26T12:19:05","modified_gmt":"2024-01-26T11:19:05","slug":"neue-rechte-hohlen-bestehende-aus","status":"publish","type":"post","link":"https:\/\/www.brennerbasisdemokratie.eu\/?p=4145","title":{"rendered":"Neue Rechte hebeln alte aus."},"content":{"rendered":"<p>Das neue Jahr bringt den Konsumentinnen die wichtige M\u00f6glichkeit, Sammelklagen einzureichen, um ihre gemeinsamen Rechte gegen\u00fcber Firmen, Banken und Konzernen zu verteidigen. Leider geht dieses neue Recht f\u00fcr uns S\u00fcdtiroler mit der Aush\u00f6hlung eines anderen einher: Wie <a title=\"Stol: Sammelklagen auch in Italien.\" href=\"https:\/\/web.archive.org\/web\/20210122134101\/https:\/\/www.stol.it\/artikel\/chronik\/sammelklagen-nun-auch-in-italien\" target=\"_blank\" rel=\"noopener\"><em>S\u00fcdtirol Online<\/em> berichtet<\/a>, ist f\u00fcr Sammelklagen aus S\u00fcdtirol das Gericht in Venedig zust\u00e4ndig, wo das Recht auf Muttersprache nicht geltend gemacht werden kann.<\/p>\n<p>Auch bald 40 Jahre nach Inkrafttreten des zweiten Autonomiestatuts sind die darin enthaltenen Grunds\u00e4tze noch lange keine Selbstverst\u00e4ndlichkeit. Im Gegenteil: Immer wieder werden sie durch Neuerungen und \u00c4nderungen ausgeh\u00f6hlt und m\u00fcssen mit gro\u00dfem Aufwand neu erk\u00e4mpft werden. Dabei sind auch die bereits erreichten Standards alles andere als zufriedenstellend. Der mit dem Autonomiestatut versprochene Zustand wurde nie erreicht und sieht in vielen Bereichen wieder einer Verschlechterung entgegen.<\/p>\n<p>Im Gro\u00dfen und Ganzen kann man sagen, dass die Rechte der deutschen und italienischen Sprachgruppe in dem Ma\u00dfe befriedigend umgesetzt wurden, wie die jeweiligen Zust\u00e4ndigkeiten vom Land S\u00fcdtirol \u00fcbernommen wurden. Vom Staat wurde und wird der \u00bbVertrag\u00ab mit uns S\u00fcdtirolerinnen \u2014 aller Sprachgruppen \u2014 nur teilweise und halbherzig erf\u00fcllt.<\/p>\n<p>Von zufriedenstellenden Verh\u00e4ltnissen f\u00fcr eine dauerhaft friedliche, mehrsprachige Entwicklung kann leider nicht die Rede sein.<\/p>","protected":false},"excerpt":{"rendered":"<p>Das neue Jahr bringt den Konsumentinnen die wichtige M\u00f6glichkeit, Sammelklagen einzureichen, um ihre gemeinsamen Rechte gegen\u00fcber Firmen, Banken und Konzernen zu verteidigen. Leider geht dieses neue Recht f\u00fcr uns S\u00fcdtiroler mit der Aush\u00f6hlung eines anderen einher: Wie S\u00fcdtirol Online berichtet, ist f\u00fcr Sammelklagen aus S\u00fcdtirol das Gericht in Venedig zust\u00e4ndig, wo das Recht auf Muttersprache [&hellip;]<\/p>","protected":false},"author":1,"featured_media":0,"comment_status":"open","ping_status":"open","sticky":false,"template":"","format":"standard","meta":{"ngg_post_thumbnail":0,"_jetpack_newsletter_access":"","_jetpack_dont_email_post_to_subs":false,"_jetpack_newsletter_tier_id":0,"_jetpack_memberships_contains_paywalled_content":false,"_jetpack_memberships_contains_paid_content":false,"footnotes":""},"categories":[1],"tags":[],"class_list":["post-4145","post","type-post","status-publish","format-standard","hentry","category-allgemein","medium-stol","topic-grundrechte","topic-medien","topic-plurilinguism","topic-recht","topic-verbraucherinnen"],"yoast_head":"<!-- This site is optimized with the Yoast SEO plugin v28.3 - https:\/\/yoast.com\/product\/yoast-seo-wordpress\/ -->\n<title>Neue Rechte hebeln alte aus. - BBD<\/title>\n<meta name=\"robots\" content=\"index, follow, max-snippet:-1, max-image-preview:large, max-video-preview:-1\" \/>\n<link rel=\"canonical\" href=\"https:\/\/www.brennerbasisdemokratie.eu\/?p=4145\" \/>\n<meta property=\"og:locale\" content=\"en_GB\" \/>\n<meta property=\"og:type\" content=\"article\" \/>\n<meta property=\"og:title\" content=\"Neue Rechte hebeln alte aus. - BBD\" \/>\n<meta property=\"og:description\" content=\"Das neue Jahr bringt den Konsumentinnen die wichtige M\u00f6glichkeit, Sammelklagen einzureichen, um ihre gemeinsamen Rechte gegen\u00fcber Firmen, Banken und Konzernen zu verteidigen. Leider geht dieses neue Recht f\u00fcr uns S\u00fcdtiroler mit der Aush\u00f6hlung eines anderen einher: Wie S\u00fcdtirol Online berichtet, ist f\u00fcr Sammelklagen aus S\u00fcdtirol das Gericht in Venedig zust\u00e4ndig, wo das Recht auf Muttersprache [&hellip;]\" \/>\n<meta property=\"og:url\" content=\"https:\/\/www.brennerbasisdemokratie.eu\/?p=4145\" \/>\n<meta property=\"og:site_name\" content=\"BBD\" \/>\n<meta property=\"article:publisher\" content=\"https:\/\/www.facebook.com\/Brennerbasisdemokratie\/\" \/>\n<meta property=\"article:published_time\" content=\"2010-01-04T10:28:45+00:00\" \/>\n<meta property=\"article:modified_time\" content=\"2024-01-26T11:19:05+00:00\" \/>\n<meta property=\"og:image\" content=\"https:\/\/www.brennerbasisdemokratie.eu\/wp-content\/uploads\/2026\/08\/bbd-defaultimage.png\" \/>\n\t<meta property=\"og:image:width\" content=\"1200\" \/>\n\t<meta property=\"og:image:height\" content=\"630\" \/>\n\t<meta property=\"og:image:type\" content=\"image\/png\" \/>\n<meta name=\"author\" content=\"Simon Constantini\" \/>\n<meta name=\"twitter:card\" content=\"summary_large_image\" \/>\n<meta name=\"twitter:creator\" content=\"@31bbd\" \/>\n<meta name=\"twitter:site\" content=\"@31bbd\" \/>\n<meta name=\"twitter:label1\" content=\"Written by\" \/>\n\t<meta name=\"twitter:data1\" content=\"Simon Constantini\" \/>\n\t<meta name=\"twitter:label2\" content=\"Estimated reading time\" \/>\n\t<meta name=\"twitter:data2\" content=\"1 minute\" \/>\n<script type=\"application\/ld+json\" class=\"yoast-schema-graph\">{\"@context\":\"https:\\\/\\\/schema.org\",\"@graph\":[{\"@type\":\"Article\",\"@id\":\"https:\\\/\\\/www.brennerbasisdemokratie.eu\\\/?p=4145#article\",\"isPartOf\":{\"@id\":\"https:\\\/\\\/www.brennerbasisdemokratie.eu\\\/?p=4145\"},\"author\":{\"name\":\"Simon Constantini\",\"@id\":\"https:\\\/\\\/www.brennerbasisdemokratie.eu\\\/#\\\/schema\\\/person\\\/d02c4d1a3c6c3b2c70d7c7f27eb857ec\"},\"headline\":\"Neue Rechte hebeln alte aus.\",\"datePublished\":\"2010-01-04T10:28:45+00:00\",\"dateModified\":\"2024-01-26T11:19:05+00:00\",\"mainEntityOfPage\":{\"@id\":\"https:\\\/\\\/www.brennerbasisdemokratie.eu\\\/?p=4145\"},\"wordCount\":215,\"commentCount\":3,\"publisher\":{\"@id\":\"https:\\\/\\\/www.brennerbasisdemokratie.eu\\\/#organization\"},\"articleSection\":[\"BBD\"],\"inLanguage\":\"en-GB\",\"potentialAction\":[{\"@type\":\"CommentAction\",\"name\":\"Comment\",\"target\":[\"https:\\\/\\\/www.brennerbasisdemokratie.eu\\\/?p=4145#respond\"]}]},{\"@type\":\"WebPage\",\"@id\":\"https:\\\/\\\/www.brennerbasisdemokratie.eu\\\/?p=4145\",\"url\":\"https:\\\/\\\/www.brennerbasisdemokratie.eu\\\/?p=4145\",\"name\":\"Neue Rechte hebeln alte aus. - BBD\",\"isPartOf\":{\"@id\":\"https:\\\/\\\/www.brennerbasisdemokratie.eu\\\/#website\"},\"datePublished\":\"2010-01-04T10:28:45+00:00\",\"dateModified\":\"2024-01-26T11:19:05+00:00\",\"breadcrumb\":{\"@id\":\"https:\\\/\\\/www.brennerbasisdemokratie.eu\\\/?p=4145#breadcrumb\"},\"inLanguage\":\"en-GB\",\"potentialAction\":[{\"@type\":\"ReadAction\",\"target\":[\"https:\\\/\\\/www.brennerbasisdemokratie.eu\\\/?p=4145\"]}]},{\"@type\":\"BreadcrumbList\",\"@id\":\"https:\\\/\\\/www.brennerbasisdemokratie.eu\\\/?p=4145#breadcrumb\",\"itemListElement\":[{\"@type\":\"ListItem\",\"position\":1,\"name\":\"Home\",\"item\":\"https:\\\/\\\/www.brennerbasisdemokratie.eu\\\/\"},{\"@type\":\"ListItem\",\"position\":2,\"name\":\"Neue Rechte hebeln alte aus.\"}]},{\"@type\":\"WebSite\",\"@id\":\"https:\\\/\\\/www.brennerbasisdemokratie.eu\\\/#website\",\"url\":\"https:\\\/\\\/www.brennerbasisdemokratie.eu\\\/\",\"name\":\"Brennerbasisdemokratie\",\"description\":\"linksgr\u00fcnversiffter Separatismus\",\"publisher\":{\"@id\":\"https:\\\/\\\/www.brennerbasisdemokratie.eu\\\/#organization\"},\"alternateName\":\"BBD\",\"potentialAction\":[{\"@type\":\"SearchAction\",\"target\":{\"@type\":\"EntryPoint\",\"urlTemplate\":\"https:\\\/\\\/www.brennerbasisdemokratie.eu\\\/?s={search_term_string}\"},\"query-input\":{\"@type\":\"PropertyValueSpecification\",\"valueRequired\":true,\"valueName\":\"search_term_string\"}}],\"inLanguage\":\"en-GB\"},{\"@type\":\"Organization\",\"@id\":\"https:\\\/\\\/www.brennerbasisdemokratie.eu\\\/#organization\",\"name\":\"BBD\",\"url\":\"https:\\\/\\\/www.brennerbasisdemokratie.eu\\\/\",\"logo\":{\"@type\":\"ImageObject\",\"inLanguage\":\"en-GB\",\"@id\":\"https:\\\/\\\/www.brennerbasisdemokratie.eu\\\/#\\\/schema\\\/logo\\\/image\\\/\",\"url\":\"\",\"contentUrl\":\"\",\"caption\":\"BBD\"},\"image\":{\"@id\":\"https:\\\/\\\/www.brennerbasisdemokratie.eu\\\/#\\\/schema\\\/logo\\\/image\\\/\"},\"sameAs\":[\"https:\\\/\\\/www.facebook.com\\\/Brennerbasisdemokratie\\\/\",\"https:\\\/\\\/x.com\\\/31bbd\",\"https:\\\/\\\/bsky.app\\\/profile\\\/31bbd.bsky.social\",\"https:\\\/\\\/tyrol.social\\\/@bbd\"]},{\"@type\":\"Person\",\"@id\":\"https:\\\/\\\/www.brennerbasisdemokratie.eu\\\/#\\\/schema\\\/person\\\/d02c4d1a3c6c3b2c70d7c7f27eb857ec\",\"name\":\"Simon Constantini\",\"image\":{\"@type\":\"ImageObject\",\"inLanguage\":\"en-GB\",\"@id\":\"https:\\\/\\\/secure.gravatar.com\\\/avatar\\\/48c8e5a626e54792d47a47aaa2dfe3ad32a7e03bd56f76114a8ecaae23e227ff?s=96&d=identicon&r=r\",\"url\":\"https:\\\/\\\/secure.gravatar.com\\\/avatar\\\/48c8e5a626e54792d47a47aaa2dfe3ad32a7e03bd56f76114a8ecaae23e227ff?s=96&d=identicon&r=r\",\"contentUrl\":\"https:\\\/\\\/secure.gravatar.com\\\/avatar\\\/48c8e5a626e54792d47a47aaa2dfe3ad32a7e03bd56f76114a8ecaae23e227ff?s=96&d=identicon&r=r\",\"caption\":\"Simon Constantini\"},\"sameAs\":[\"http:\\\/\\\/www.brennerbasisdemokratie.eu\\\/?author=1\"],\"url\":\"https:\\\/\\\/www.brennerbasisdemokratie.eu\\\/?author=1\"}]}<\/script>\n<!-- \/ Yoast SEO plugin. -->","yoast_head_json":{"title":"Neue Rechte hebeln alte aus. - BBD","robots":{"index":"index","follow":"follow","max-snippet":"max-snippet:-1","max-image-preview":"max-image-preview:large","max-video-preview":"max-video-preview:-1"},"canonical":"https:\/\/www.brennerbasisdemokratie.eu\/?p=4145","og_locale":"en_GB","og_type":"article","og_title":"Neue Rechte hebeln alte aus. - BBD","og_description":"Das neue Jahr bringt den Konsumentinnen die wichtige M\u00f6glichkeit, Sammelklagen einzureichen, um ihre gemeinsamen Rechte gegen\u00fcber Firmen, Banken und Konzernen zu verteidigen. Leider geht dieses neue Recht f\u00fcr uns S\u00fcdtiroler mit der Aush\u00f6hlung eines anderen einher: Wie S\u00fcdtirol Online berichtet, ist f\u00fcr Sammelklagen aus S\u00fcdtirol das Gericht in Venedig zust\u00e4ndig, wo das Recht auf Muttersprache [&hellip;]","og_url":"https:\/\/www.brennerbasisdemokratie.eu\/?p=4145","og_site_name":"BBD","article_publisher":"https:\/\/www.facebook.com\/Brennerbasisdemokratie\/","article_published_time":"2010-01-04T10:28:45+00:00","article_modified_time":"2024-01-26T11:19:05+00:00","og_image":[{"width":1200,"height":630,"url":"https:\/\/www.brennerbasisdemokratie.eu\/wp-content\/uploads\/2026\/08\/bbd-defaultimage.png","type":"image\/png"}],"author":"Simon Constantini","twitter_card":"summary_large_image","twitter_creator":"@31bbd","twitter_site":"@31bbd","twitter_misc":{"Written by":"Simon Constantini","Estimated reading time":"1 minute"},"schema":{"@context":"https:\/\/schema.org","@graph":[{"@type":"Article","@id":"https:\/\/www.brennerbasisdemokratie.eu\/?p=4145#article","isPartOf":{"@id":"https:\/\/www.brennerbasisdemokratie.eu\/?p=4145"},"author":{"name":"Simon Constantini","@id":"https:\/\/www.brennerbasisdemokratie.eu\/#\/schema\/person\/d02c4d1a3c6c3b2c70d7c7f27eb857ec"},"headline":"Neue Rechte hebeln alte aus.","datePublished":"2010-01-04T10:28:45+00:00","dateModified":"2024-01-26T11:19:05+00:00","mainEntityOfPage":{"@id":"https:\/\/www.brennerbasisdemokratie.eu\/?p=4145"},"wordCount":215,"commentCount":3,"publisher":{"@id":"https:\/\/www.brennerbasisdemokratie.eu\/#organization"},"articleSection":["BBD"],"inLanguage":"en-GB","potentialAction":[{"@type":"CommentAction","name":"Comment","target":["https:\/\/www.brennerbasisdemokratie.eu\/?p=4145#respond"]}]},{"@type":"WebPage","@id":"https:\/\/www.brennerbasisdemokratie.eu\/?p=4145","url":"https:\/\/www.brennerbasisdemokratie.eu\/?p=4145","name":"Neue Rechte hebeln alte aus. - BBD","isPartOf":{"@id":"https:\/\/www.brennerbasisdemokratie.eu\/#website"},"datePublished":"2010-01-04T10:28:45+00:00","dateModified":"2024-01-26T11:19:05+00:00","breadcrumb":{"@id":"https:\/\/www.brennerbasisdemokratie.eu\/?p=4145#breadcrumb"},"inLanguage":"en-GB","potentialAction":[{"@type":"ReadAction","target":["https:\/\/www.brennerbasisdemokratie.eu\/?p=4145"]}]},{"@type":"BreadcrumbList","@id":"https:\/\/www.brennerbasisdemokratie.eu\/?p=4145#breadcrumb","itemListElement":[{"@type":"ListItem","position":1,"name":"Home","item":"https:\/\/www.brennerbasisdemokratie.eu\/"},{"@type":"ListItem","position":2,"name":"Neue Rechte hebeln alte aus."}]},{"@type":"WebSite","@id":"https:\/\/www.brennerbasisdemokratie.eu\/#website","url":"https:\/\/www.brennerbasisdemokratie.eu\/","name":"Brennerbasisdemokratie","description":"linksgr\u00fcnversiffter Separatismus","publisher":{"@id":"https:\/\/www.brennerbasisdemokratie.eu\/#organization"},"alternateName":"BBD","potentialAction":[{"@type":"SearchAction","target":{"@type":"EntryPoint","urlTemplate":"https:\/\/www.brennerbasisdemokratie.eu\/?s={search_term_string}"},"query-input":{"@type":"PropertyValueSpecification","valueRequired":true,"valueName":"search_term_string"}}],"inLanguage":"en-GB"},{"@type":"Organization","@id":"https:\/\/www.brennerbasisdemokratie.eu\/#organization","name":"BBD","url":"https:\/\/www.brennerbasisdemokratie.eu\/","logo":{"@type":"ImageObject","inLanguage":"en-GB","@id":"https:\/\/www.brennerbasisdemokratie.eu\/#\/schema\/logo\/image\/","url":"","contentUrl":"","caption":"BBD"},"image":{"@id":"https:\/\/www.brennerbasisdemokratie.eu\/#\/schema\/logo\/image\/"},"sameAs":["https:\/\/www.facebook.com\/Brennerbasisdemokratie\/","https:\/\/x.com\/31bbd","https:\/\/bsky.app\/profile\/31bbd.bsky.social","https:\/\/tyrol.social\/@bbd"]},{"@type":"Person","@id":"https:\/\/www.brennerbasisdemokratie.eu\/#\/schema\/person\/d02c4d1a3c6c3b2c70d7c7f27eb857ec","name":"Simon Constantini","image":{"@type":"ImageObject","inLanguage":"en-GB","@id":"https:\/\/secure.gravatar.com\/avatar\/48c8e5a626e54792d47a47aaa2dfe3ad32a7e03bd56f76114a8ecaae23e227ff?s=96&d=identicon&r=r","url":"https:\/\/secure.gravatar.com\/avatar\/48c8e5a626e54792d47a47aaa2dfe3ad32a7e03bd56f76114a8ecaae23e227ff?s=96&d=identicon&r=r","contentUrl":"https:\/\/secure.gravatar.com\/avatar\/48c8e5a626e54792d47a47aaa2dfe3ad32a7e03bd56f76114a8ecaae23e227ff?s=96&d=identicon&r=r","caption":"Simon Constantini"},"sameAs":["http:\/\/www.brennerbasisdemokratie.eu\/?author=1"],"url":"https:\/\/www.brennerbasisdemokratie.eu\/?author=1"}]}},"jetpack_sharing_enabled":true,"jetpack_featured_media_url":"","_links":{"self":[{"href":"https:\/\/www.brennerbasisdemokratie.eu\/index.php?rest_route=\/wp\/v2\/posts\/4145","targetHints":{"allow":["GET"]}}],"collection":[{"href":"https:\/\/www.brennerbasisdemokratie.eu\/index.php?rest_route=\/wp\/v2\/posts"}],"about":[{"href":"https:\/\/www.brennerbasisdemokratie.eu\/index.php?rest_route=\/wp\/v2\/types\/post"}],"author":[{"embeddable":true,"href":"https:\/\/www.brennerbasisdemokratie.eu\/index.php?rest_route=\/wp\/v2\/users\/1"}],"replies":[{"embeddable":true,"href":"https:\/\/www.brennerbasisdemokratie.eu\/index.php?rest_route=%2Fwp%2Fv2%2Fcomments&post=4145"}],"version-history":[{"count":14,"href":"https:\/\/www.brennerbasisdemokratie.eu\/index.php?rest_route=\/wp\/v2\/posts\/4145\/revisions"}],"predecessor-version":[{"id":83315,"href":"https:\/\/www.brennerbasisdemokratie.eu\/index.php?rest_route=\/wp\/v2\/posts\/4145\/revisions\/83315"}],"wp:attachment":[{"href":"https:\/\/www.brennerbasisdemokratie.eu\/index.php?rest_route=%2Fwp%2Fv2%2Fmedia&parent=4145"}],"wp:term":[{"taxonomy":"category","embeddable":true,"href":"https:\/\/www.brennerbasisdemokratie.eu\/index.php?rest_route=%2Fwp%2Fv2%2Fcategories&post=4145"},{"taxonomy":"post_tag","embeddable":true,"href":"https:\/\/www.brennerbasisdemokratie.eu\/index.php?rest_route=%2Fwp%2Fv2%2Ftags&post=4145"}],"curies":[{"name":"wp","href":"https:\/\/api.w.org\/{rel}","templated":true}]}}