{"id":41529,"date":"2018-06-11T18:52:43","date_gmt":"2018-06-11T16:52:43","guid":{"rendered":"http:\/\/www.brennerbasisdemokratie.eu\/?p=41529"},"modified":"2025-10-13T18:26:48","modified_gmt":"2025-10-13T16:26:48","slug":"aquarius-auf-dem-weg-nach-valencia","status":"publish","type":"post","link":"https:\/\/www.brennerbasisdemokratie.eu\/?p=41529","title":{"rendered":"\u203aAquarius\u2039 auf dem Weg nach Val\u00e8ncia."},"content":{"rendered":"<p>Nachdem der italienische Innenminister Matteo Salvini <em>(Lega)<\/em> am Wochenende entschieden hatte, dem Rettungsschiff <em>Aquarius<\/em> \u2014 mit 629 Migrantinnen an Bord, darunter 123 Minderj\u00e4hrige und sieben schwangere Frauen \u2014 die Nutzung italienischer H\u00e4fen zu untersagen, hat <a title=\"Rajoy, S\u00e1nchez, Torra. Und Altsasu.\" href=\"http:\/\/www.brennerbasisdemokratie.eu\/?p=41450\">die neue spanische Regierung<\/a> von Pedro S\u00e1nchez (<abbr title=\"Partido Socialista Obrero Espa\u00f1ol\">PSOE<\/abbr>) heute den Hafen von Val\u00e8ncia zur Verf\u00fcgung gestellt. Das Schiff von <em>\u00c4rzte ohne Grenzen<\/em> und <em>SOS Mediterran\u00e9e<\/em> befindet sich bereits auf dem Weg dorthin.<\/p>\n<p>Vorangegangen war dem Angebot der spanischen Regierung eine entsprechende Aufforderung des B\u00fcrgermeisters von Val\u00e8ncia, Joan Rib\u00f3, der der linken provalencianischen Koalition <em>Comprom\u00eds pel Pa\u00eds Valenci\u00e0<\/em> (CPV) angeh\u00f6rt. Die Vizepr\u00e4sidentin der <em>Generalitat Valenciana,<\/em> Monica Oltra (ebenfalls CPV) hatte sich Rib\u00f3 angeschlossen und die Unterst\u00fctzung der Regionalregierung zugesichert.<\/p>\n<p>Auch B\u00fcrgermeisterinnen italienischer Hafenst\u00e4dte hatten sich in den letzten Stunden dazu bereit erkl\u00e4rt, das Rettungsschiff im offenen Dissens zur <em>Lega<\/em>-5SB-Regierung einlaufen zu lassen.<\/p>\n<p><strong>Nachtrag (1):<\/strong> Analog zu Rib\u00f3 und Oltra hatten sich auch die B\u00fcrgermeisterin von Barcelona, Ada Colau <em>(<abbr title=\"Barcelona en Com\u00fa\">BenC<\/abbr>),<\/em> und der katalanische Pr\u00e4sident Quim Torra (<abbr title=\"Junts per Catalunya\">JxC<\/abbr>) um die Aufnahme der Migrantinnen beworben.<\/p>\n<p><strong>Nachtrag (2):<\/strong> Auch das von autonomistischen und separatistischen Kr\u00e4ften regierte Korsika bot an, die Insassinnen der <em>Aquarius<\/em> aufzunehmen.<\/p>\n<p><strong><span style=\"font-family: Helvetica, Arial, sans-serif; text-transform: uppercase;\">C\u00ebla enghe:<\/span><\/strong> <a title=\"Ich habe fast nichts zu bef\u00fcrchten.\" href=\"http:\/\/www.brennerbasisdemokratie.eu\/?p=41442\"><code>01<\/code><\/a> <a title=\"Pr\u00e4sident versenkt Regierung von \u2018Lega\u2019 und 5SB.\" href=\"http:\/\/www.brennerbasisdemokratie.eu\/?p=41384\"><code>02<\/code><\/a> <a title=\"Der Nationalismus- und Intoleranz-Index.\" href=\"http:\/\/www.brennerbasisdemokratie.eu\/?p=41475\"><code>03<\/code><\/a> <a title=\"Quotation (472): Wo ist die Emp\u00f6rung?\" href=\"http:\/\/www.brennerbasisdemokratie.eu\/?p=41523\"><code>04<\/code><\/a> <a title=\"Kommunale B\u00fcrgerinnenschaft.\" href=\"http:\/\/www.brennerbasisdemokratie.eu\/?p=34256\"><code>05<\/code><\/a> <a title=\"Ada Colau ospite di \u2018Propaganda Live\u2019.\" href=\"http:\/\/www.brennerbasisdemokratie.eu\/?p=39852\"><code>06<\/code><\/a> <a title=\"Katalonien demonstriert f\u00fcr Fl\u00fcchtlingsaufnahme.\" href=\"http:\/\/www.brennerbasisdemokratie.eu\/?p=33774\"><code>07<\/code><\/a><\/p>","protected":false},"excerpt":{"rendered":"<p>Nachdem der italienische Innenminister Matteo Salvini (Lega) am Wochenende entschieden hatte, dem Rettungsschiff Aquarius \u2014 mit 629 Migrantinnen an Bord, darunter 123 Minderj\u00e4hrige und sieben schwangere Frauen \u2014 die Nutzung italienischer H\u00e4fen zu untersagen, hat die neue spanische Regierung von Pedro S\u00e1nchez (PSOE) heute den Hafen von Val\u00e8ncia zur Verf\u00fcgung gestellt. Das Schiff von \u00c4rzte [&hellip;]<\/p>","protected":false},"author":1,"featured_media":0,"comment_status":"open","ping_status":"open","sticky":false,"template":"","format":"standard","meta":{"_crdt_document":"","ngg_post_thumbnail":0,"_jetpack_memberships_contains_paid_content":false,"footnotes":""},"categories":[1],"tags":[],"class_list":["post-41529","post","type-post","status-publish","format-standard","hentry","category-allgemein","entity-5sb","entity-junts","entity-lega","entity-psoe","issue-good-news","location-pais-valencia","language-deutsch","person-ada-colau","person-matteo-salvini","person-pedro-sanchez","person-quim-torra","topic-migraziun","topic-politik","topic-solidariete","topic-soziales"],"jetpack_featured_media_url":"","jetpack_sharing_enabled":true,"_links":{"self":[{"href":"https:\/\/www.brennerbasisdemokratie.eu\/index.php?rest_route=\/wp\/v2\/posts\/41529","targetHints":{"allow":["GET"]}}],"collection":[{"href":"https:\/\/www.brennerbasisdemokratie.eu\/index.php?rest_route=\/wp\/v2\/posts"}],"about":[{"href":"https:\/\/www.brennerbasisdemokratie.eu\/index.php?rest_route=\/wp\/v2\/types\/post"}],"author":[{"embeddable":true,"href":"https:\/\/www.brennerbasisdemokratie.eu\/index.php?rest_route=\/wp\/v2\/users\/1"}],"replies":[{"embeddable":true,"href":"https:\/\/www.brennerbasisdemokratie.eu\/index.php?rest_route=%2Fwp%2Fv2%2Fcomments&post=41529"}],"version-history":[{"count":10,"href":"https:\/\/www.brennerbasisdemokratie.eu\/index.php?rest_route=\/wp\/v2\/posts\/41529\/revisions"}],"predecessor-version":[{"id":95268,"href":"https:\/\/www.brennerbasisdemokratie.eu\/index.php?rest_route=\/wp\/v2\/posts\/41529\/revisions\/95268"}],"wp:attachment":[{"href":"https:\/\/www.brennerbasisdemokratie.eu\/index.php?rest_route=%2Fwp%2Fv2%2Fmedia&parent=41529"}],"wp:term":[{"taxonomy":"category","embeddable":true,"href":"https:\/\/www.brennerbasisdemokratie.eu\/index.php?rest_route=%2Fwp%2Fv2%2Fcategories&post=41529"},{"taxonomy":"post_tag","embeddable":true,"href":"https:\/\/www.brennerbasisdemokratie.eu\/index.php?rest_route=%2Fwp%2Fv2%2Ftags&post=41529"}],"curies":[{"name":"wp","href":"https:\/\/api.w.org\/{rel}","templated":true}]}}