{"id":41613,"date":"2018-06-18T13:21:45","date_gmt":"2018-06-18T11:21:45","guid":{"rendered":"http:\/\/www.brennerbasisdemokratie.eu\/?p=41613"},"modified":"2019-02-13T11:02:04","modified_gmt":"2019-02-13T10:02:04","slug":"jensen-fur-entspannten-umgang-mit-sezession","status":"publish","type":"post","link":"https:\/\/www.brennerbasisdemokratie.eu\/?p=41613","title":{"rendered":"Jensen f\u00fcr entspannten Umgang mit Sezession."},"content":{"rendered":"<p>Die Vorsitzende des Menschenrechtsausschusses im deutschen Bundestag, Gyde Jensen, ruft die EU auf, im Katalonienkonflikt zu vermitteln. Die junge Liberale ist \u00fcberzeugt<\/p>\n<blockquote><p>dass wir einen positiveren Diskurs \u00fcber regionale Identit\u00e4t in Europa brauchen. Dazu kann auch Deutschland als gr\u00f6\u00dftes EU-Mitgliedsland beitragen.<\/p><\/blockquote>\n<p>Die <em>Europ\u00e4ische Union,<\/em> so Jensen, sollte in Bezug auf Katalonien eine moderatere und neutralere Position einnehmen, um separatistische und unionistische Kr\u00e4fte an den Verhandlungstisch zu bringen. Auch mit Sezessionismus solle es einen positiveren Umgang geben, ist die Abgeordnete aus Schleswig-Holstein \u00fcberzeugt.<\/p>\n<p>Trotz wiederholter Aufforderungen aus dem In- uns Ausland hatte sich der bisherige spanische Regierungschef Mariano Rajoy (PP) beharrlich geweigert, mit Unabh\u00e4ngigkeitsbef\u00fcrworterinnen in einen Dialog zu treten. Ob sich dies mit der neuen sozialistischen Regierung von Pedro S\u00e1nchez \u00e4ndert, ist noch unklar.<\/p>\n<p>Vor wenigen Tagen hatte die katalanische Volksanwaltschaft bekannt gegeben, ihren Erkenntnissen zufolge habe eine Intervention von Bundeskanzlerin Angela Merkel (CDU) bei ihrem Amtskollegen Mariano Rajoy am 1. Oktober 2017 eine weitere Eskalation der Polizeigewalt verhindert. So sei schlussendlich unter anderem von einem massiven Polizeieinsatz zum Ende der Wahlhandlungen abgesehen worden.<\/p>\n<p><strong><span style=\"font-family: Helvetica, Arial, sans-serif; text-transform: uppercase;\">C\u00ebla enghe:<\/span><\/strong> <a title=\"Barley st\u00fctzt OLG-Entscheid.\" href=\"http:\/\/www.brennerbasisdemokratie.eu\/?p=40422\"><code>01<\/code><\/a> <a title=\"Diese EU ist eine Schande.\" href=\"http:\/\/www.brennerbasisdemokratie.eu\/?p=36808\"><code>02<\/code><\/a> <a title=\"Artikel 155 als Antwort auf letztes Verhandlungsangebot.\" href=\"http:\/\/www.brennerbasisdemokratie.eu\/?p=36971\"><code>03<\/code><\/a> <a title=\"Verfolgte Abgeordnete \u00bbeine Schande\u00ab.\" href=\"http:\/\/www.brennerbasisdemokratie.eu\/?p=38550\"><code>04<\/code><\/a> <a title=\"Ska Keller f\u00fcr Referendum in Katalonien.\" href=\"http:\/\/www.brennerbasisdemokratie.eu\/?p=33839\"><code>05<\/code><\/a><\/p>","protected":false},"excerpt":{"rendered":"<p>Die Vorsitzende des Menschenrechtsausschusses im deutschen Bundestag, Gyde Jensen, ruft die EU auf, im Katalonienkonflikt zu vermitteln. Die junge Liberale ist \u00fcberzeugt dass wir einen positiveren Diskurs \u00fcber regionale Identit\u00e4t in Europa brauchen. Dazu kann auch Deutschland als gr\u00f6\u00dftes EU-Mitgliedsland beitragen. Die Europ\u00e4ische Union, so Jensen, sollte in Bezug auf Katalonien eine moderatere und neutralere [&hellip;]<\/p>","protected":false},"author":1,"featured_media":0,"comment_status":"open","ping_status":"open","sticky":false,"template":"","format":"standard","meta":{"_crdt_document":"","ngg_post_thumbnail":0,"_jetpack_memberships_contains_paid_content":false,"footnotes":""},"categories":[1],"tags":[],"class_list":["post-41613","post","type-post","status-publish","format-standard","hentry","category-allgemein","entity-cdu-csu","entity-eu","entity-pp","issue-good-news","issue-zitac","location-catalunya","language-deutsch","person-angela-merkel","person-mariano-rajoy","topic-democrazia","topic-foederalismus","topic-politik","topic-selbstbestimmung"],"jetpack_featured_media_url":"","jetpack_sharing_enabled":true,"_links":{"self":[{"href":"https:\/\/www.brennerbasisdemokratie.eu\/index.php?rest_route=\/wp\/v2\/posts\/41613","targetHints":{"allow":["GET"]}}],"collection":[{"href":"https:\/\/www.brennerbasisdemokratie.eu\/index.php?rest_route=\/wp\/v2\/posts"}],"about":[{"href":"https:\/\/www.brennerbasisdemokratie.eu\/index.php?rest_route=\/wp\/v2\/types\/post"}],"author":[{"embeddable":true,"href":"https:\/\/www.brennerbasisdemokratie.eu\/index.php?rest_route=\/wp\/v2\/users\/1"}],"replies":[{"embeddable":true,"href":"https:\/\/www.brennerbasisdemokratie.eu\/index.php?rest_route=%2Fwp%2Fv2%2Fcomments&post=41613"}],"version-history":[{"count":1,"href":"https:\/\/www.brennerbasisdemokratie.eu\/index.php?rest_route=\/wp\/v2\/posts\/41613\/revisions"}],"predecessor-version":[{"id":41614,"href":"https:\/\/www.brennerbasisdemokratie.eu\/index.php?rest_route=\/wp\/v2\/posts\/41613\/revisions\/41614"}],"wp:attachment":[{"href":"https:\/\/www.brennerbasisdemokratie.eu\/index.php?rest_route=%2Fwp%2Fv2%2Fmedia&parent=41613"}],"wp:term":[{"taxonomy":"category","embeddable":true,"href":"https:\/\/www.brennerbasisdemokratie.eu\/index.php?rest_route=%2Fwp%2Fv2%2Fcategories&post=41613"},{"taxonomy":"post_tag","embeddable":true,"href":"https:\/\/www.brennerbasisdemokratie.eu\/index.php?rest_route=%2Fwp%2Fv2%2Ftags&post=41613"}],"curies":[{"name":"wp","href":"https:\/\/api.w.org\/{rel}","templated":true}]}}