{"id":41637,"date":"2018-06-20T12:47:53","date_gmt":"2018-06-20T10:47:53","guid":{"rendered":"http:\/\/www.brennerbasisdemokratie.eu\/?p=41637"},"modified":"2026-02-03T10:10:28","modified_gmt":"2026-02-03T09:10:28","slug":"__trashed","status":"publish","type":"post","link":"https:\/\/www.brennerbasisdemokratie.eu\/?p=41637","title":{"rendered":"R\u00fccksicht f\u00fcr Rom."},"content":{"rendered":"<blockquote><p>Die Autonomie und einzelne Gesetze, die aufgrund unserer Autonomie erlassen wurden, haben sicherlich nicht den Wert, der immer hochgehalten wird. Diese Bestimmungen haben eine[n] weit geringeren Wert.<\/p><\/blockquote>\n<blockquote><p>Ich glaube, unsere Politiker haben nicht mehr diesen k\u00e4mpferischen Geist, Autonomiebestimmungen bis aufs Letzte zu verteidigen. Ich sehe eher eine R\u00fccksichtnahme gegen\u00fcber Rom.<\/p><\/blockquote>\n<p><em>Heinrich Erhard, ehemaliger Direktor des Landesamts f\u00fcr Jagd und Fischerei, im <\/em>Salto<em>&#8211;<a title=\"Salto: Der Mut hat abgenommen.\" href=\"https:\/\/www.salto.bz\/de\/article\/19062018\/der-mut-hat-abgenommen\" target=\"_blank\" rel=\"noopener noreferrer\">Interview<\/a> mit Christoph Franceschini.<\/em><\/p>\n<p>Erhard war \u2014 genauso wie der ehemalige Landeshauptmann Luis Durnwalder (<abbr title=\"S\u00fcdtiroler Volkspartei\">SVP<\/abbr>) \u2014 vom Rechnungshof verurteilt worden,&nbsp;wegen mehrerer Abschussdekrete 600.000 Euro Schadensersatz zu leisten.<\/p>\n<p>Landeshauptmann Arno Kompatscher (SVP) wies Erhards Darstellung mit Verweis auf die inzwischen ver\u00e4nderte Gesetzeslage zur\u00fcck.<\/p>\n<p><strong><span style=\"font-family: Helvetica, Arial, sans-serif; text-transform: uppercase;\">C\u00ebla enghe:<\/span><\/strong> <a title=\"J\u00e4hrlich gr\u00fc\u00dft das Murmeltier.\" href=\"http:\/\/www.brennerbasisdemokratie.eu\/?p=35866\"><code>01<\/code><\/a> <a title=\"VfG zermalmt Gemeindenfinanzierung.\" href=\"http:\/\/www.brennerbasisdemokratie.eu\/?p=34713\"><code>02<\/code><\/a> <span style=\"font-family: Helvetica, Arial, sans-serif; font-weight: normal;\">||<\/span> <a title=\"Die Jagd-Nichtzust\u00e4ndigkeit.\" href=\"https:\/\/www.brennerbasisdemokratie.eu\/?p=41782\" rel=\"\"><span style=\"color: #ff8c00\"><code>01<\/code><\/span><\/a> <a title=\"Ausgesessene Landesgesetze?\" href=\"https:\/\/www.brennerbasisdemokratie.eu\/?p=82915\"><span style=\"color: #ff8c00\"><code>02<\/code><\/span><\/a><\/p>","protected":false},"excerpt":{"rendered":"<p>Die Autonomie und einzelne Gesetze, die aufgrund unserer Autonomie erlassen wurden, haben sicherlich nicht den Wert, der immer hochgehalten wird. Diese Bestimmungen haben eine[n] weit geringeren Wert. Ich glaube, unsere Politiker haben nicht mehr diesen k\u00e4mpferischen Geist, Autonomiebestimmungen bis aufs Letzte zu verteidigen. Ich sehe eher eine R\u00fccksichtnahme gegen\u00fcber Rom. Heinrich Erhard, ehemaliger Direktor des [&hellip;]<\/p>","protected":false},"author":1,"featured_media":0,"comment_status":"open","ping_status":"open","sticky":false,"template":"","format":"standard","meta":{"_crdt_document":"","ngg_post_thumbnail":0,"_jetpack_memberships_contains_paid_content":false,"footnotes":""},"categories":[1],"tags":[],"class_list":["post-41637","post","type-post","status-publish","format-standard","hentry","category-allgemein","entity-svp","issue-quotation","location-sudtirolo","language-deutsch","medium-salto","person-arno-kompatscher","person-christoph-franceschini","person-luis-durnwalder","topic-ecologia","topic-medien","topic-politik","topic-recht","topic-staatland","topic-vorzeigeautonomie","topic-wirtschaft","topic-zentralismus","topic-zustaendigkeiten"],"jetpack_featured_media_url":"","jetpack_sharing_enabled":true,"_links":{"self":[{"href":"https:\/\/www.brennerbasisdemokratie.eu\/index.php?rest_route=\/wp\/v2\/posts\/41637","targetHints":{"allow":["GET"]}}],"collection":[{"href":"https:\/\/www.brennerbasisdemokratie.eu\/index.php?rest_route=\/wp\/v2\/posts"}],"about":[{"href":"https:\/\/www.brennerbasisdemokratie.eu\/index.php?rest_route=\/wp\/v2\/types\/post"}],"author":[{"embeddable":true,"href":"https:\/\/www.brennerbasisdemokratie.eu\/index.php?rest_route=\/wp\/v2\/users\/1"}],"replies":[{"embeddable":true,"href":"https:\/\/www.brennerbasisdemokratie.eu\/index.php?rest_route=%2Fwp%2Fv2%2Fcomments&post=41637"}],"version-history":[{"count":9,"href":"https:\/\/www.brennerbasisdemokratie.eu\/index.php?rest_route=\/wp\/v2\/posts\/41637\/revisions"}],"predecessor-version":[{"id":97913,"href":"https:\/\/www.brennerbasisdemokratie.eu\/index.php?rest_route=\/wp\/v2\/posts\/41637\/revisions\/97913"}],"wp:attachment":[{"href":"https:\/\/www.brennerbasisdemokratie.eu\/index.php?rest_route=%2Fwp%2Fv2%2Fmedia&parent=41637"}],"wp:term":[{"taxonomy":"category","embeddable":true,"href":"https:\/\/www.brennerbasisdemokratie.eu\/index.php?rest_route=%2Fwp%2Fv2%2Fcategories&post=41637"},{"taxonomy":"post_tag","embeddable":true,"href":"https:\/\/www.brennerbasisdemokratie.eu\/index.php?rest_route=%2Fwp%2Fv2%2Ftags&post=41637"}],"curies":[{"name":"wp","href":"https:\/\/api.w.org\/{rel}","templated":true}]}}