{"id":41697,"date":"2018-06-24T12:43:48","date_gmt":"2018-06-24T10:43:48","guid":{"rendered":"http:\/\/www.brennerbasisdemokratie.eu\/?p=41697"},"modified":"2020-02-28T00:05:10","modified_gmt":"2020-02-27T23:05:10","slug":"kein-proporz-bei-bahndiensten-der-sad","status":"publish","type":"post","link":"https:\/\/www.brennerbasisdemokratie.eu\/?p=41697","title":{"rendered":"Kein Proporz bei Bahndiensten der SAD."},"content":{"rendered":"<p>Die SAD AG muss als Konzession\u00e4rin \u00f6ffentlicher Bahndienste nicht den Stellenproporz einhalten. Laut einem <a title=\"TAZ: N\u00e4chster Sieg.\" href=\"https:\/\/www.tageszeitung.it\/2018\/06\/23\/naechster-sieg\/\" target=\"_blank\" rel=\"noopener noreferrer\">Bericht<\/a> der <em>Neuen S\u00fcdtiroler Tageszeitung<\/em> (TAZ) konnte sich der S\u00fcdtiroler Nahverkehrsbetreiber vor dem Bozner Landesgericht mit dieser Auffassung gegen die Landesregierung durchsetzen.<\/p>\n<p>Damit best\u00e4tigte Richterin Elena Covi, dass die wichtige S\u00e4ule der S\u00fcdtirolautonomie auch in diesem Bereich hinf\u00e4llig ist. Ob das Land gegen die Entscheidung Rechtsmittel einlegen wird, geht aus dem Bericht nicht hervor.<\/p>\n<p>Wieder einmal deutet sich leider an, dass die Interpretation der Autonomie durch die Landesregierung von Arno Kompatscher (SVP) blau\u00e4ugig war.<\/p>","protected":false},"excerpt":{"rendered":"<p>Die SAD AG muss als Konzession\u00e4rin \u00f6ffentlicher Bahndienste nicht den Stellenproporz einhalten. Laut einem Bericht der Neuen S\u00fcdtiroler Tageszeitung (TAZ) konnte sich der S\u00fcdtiroler Nahverkehrsbetreiber vor dem Bozner Landesgericht mit dieser Auffassung gegen die Landesregierung durchsetzen. Damit best\u00e4tigte Richterin Elena Covi, dass die wichtige S\u00e4ule der S\u00fcdtirolautonomie auch in diesem Bereich hinf\u00e4llig ist. Ob das [&hellip;]<\/p>","protected":false},"author":1,"featured_media":0,"comment_status":"open","ping_status":"open","sticky":false,"template":"","format":"standard","meta":{"_crdt_document":"","ngg_post_thumbnail":0,"_jetpack_memberships_contains_paid_content":false,"footnotes":""},"categories":[1],"tags":[],"class_list":["post-41697","post","type-post","status-publish","format-standard","hentry","category-allgemein","entity-sad","entity-svp","issue-proporz","language-deutsch","medium-taz","person-arno-kompatscher","topic-medien","topic-minderheitenschutz","topic-mobilitaet","topic-recht","topic-servicepublic","topic-soziales","topic-vorzeigeautonomie"],"jetpack_featured_media_url":"","jetpack_sharing_enabled":true,"_links":{"self":[{"href":"https:\/\/www.brennerbasisdemokratie.eu\/index.php?rest_route=\/wp\/v2\/posts\/41697","targetHints":{"allow":["GET"]}}],"collection":[{"href":"https:\/\/www.brennerbasisdemokratie.eu\/index.php?rest_route=\/wp\/v2\/posts"}],"about":[{"href":"https:\/\/www.brennerbasisdemokratie.eu\/index.php?rest_route=\/wp\/v2\/types\/post"}],"author":[{"embeddable":true,"href":"https:\/\/www.brennerbasisdemokratie.eu\/index.php?rest_route=\/wp\/v2\/users\/1"}],"replies":[{"embeddable":true,"href":"https:\/\/www.brennerbasisdemokratie.eu\/index.php?rest_route=%2Fwp%2Fv2%2Fcomments&post=41697"}],"version-history":[{"count":3,"href":"https:\/\/www.brennerbasisdemokratie.eu\/index.php?rest_route=\/wp\/v2\/posts\/41697\/revisions"}],"predecessor-version":[{"id":55220,"href":"https:\/\/www.brennerbasisdemokratie.eu\/index.php?rest_route=\/wp\/v2\/posts\/41697\/revisions\/55220"}],"wp:attachment":[{"href":"https:\/\/www.brennerbasisdemokratie.eu\/index.php?rest_route=%2Fwp%2Fv2%2Fmedia&parent=41697"}],"wp:term":[{"taxonomy":"category","embeddable":true,"href":"https:\/\/www.brennerbasisdemokratie.eu\/index.php?rest_route=%2Fwp%2Fv2%2Fcategories&post=41697"},{"taxonomy":"post_tag","embeddable":true,"href":"https:\/\/www.brennerbasisdemokratie.eu\/index.php?rest_route=%2Fwp%2Fv2%2Ftags&post=41697"}],"curies":[{"name":"wp","href":"https:\/\/api.w.org\/{rel}","templated":true}]}}