{"id":41846,"date":"2018-07-12T11:43:48","date_gmt":"2018-07-12T09:43:48","guid":{"rendered":"http:\/\/www.brennerbasisdemokratie.eu\/?p=41846"},"modified":"2023-01-26T18:15:51","modified_gmt":"2023-01-26T17:15:51","slug":"puigdemont-soll-ausgeliefert-werden","status":"publish","type":"post","link":"https:\/\/www.brennerbasisdemokratie.eu\/?p=41846","title":{"rendered":"Puigdemont soll ausgeliefert werden."},"content":{"rendered":"<p>Am heutigen Donnerstag machte das Oberlandesgericht (OLG) Schleswig-Holstein seinen Beschluss bekannt, der Auslieferung des ehemaligen katalanischen Pr\u00e4sidenten Carles Puigdemont (<abbr title=\"Partit Dem\u00f2crata Europeu Catal\u00e0\">PDeCAT<\/abbr>) an Spanien zuzustimmen.<\/p>\n<p>Grundlage ist <a title=\"Neue Justizoffensive gegen Katalonien.\" href=\"http:\/\/www.brennerbasisdemokratie.eu\/?p=39842\">ein europ\u00e4ischer Haftbefehl des spanischen H\u00f6chstgerichts<\/a> <em>(Tribunal Supremo).<\/em><\/p>\n<p>Puigdemont war auf dem Weg von Finnland nach Belgien \u2014 wohin er sich <a title=\"Quotation (419): Flucht zur Justiz.\" href=\"http:\/\/www.brennerbasisdemokratie.eu\/?p=37382\">ins Exil begeben hatte<\/a> \u2014, als er von der Polizei des n\u00f6rdlichsten deutschen Bundeslandes <a title=\"Eil: Puigdemont in Deutschland festgenommen.\" href=\"http:\/\/www.brennerbasisdemokratie.eu\/?p=39869\">aufgegriffen wurde.<\/a><\/p>\n<p>Das OLG beschloss jedoch, Puigdemont nicht wegen des Rebellionsvorwurfs auszuliefern, sondern lediglich wegen mutma\u00dflicher Veruntreuung \u00f6ffentlicher Gelder im Zusammenhang mit dem <a title=\"Katalonien, Europa, 2017.\" href=\"http:\/\/www.brennerbasisdemokratie.eu\/?p=36646\">Unabh\u00e4ngigkeitsreferendum<\/a> vom 1. Oktober 2017.<\/p>\n<p>Wie das hohe Gericht ausf\u00fchrt, erf\u00fcllen die Handlungen, die dem ehemaligen Pr\u00e4sidenten in Spanien vorgeworfen werden, weder den Straftatbestand des Hochverrats (\u00a781 StGB), noch jenen des Landfriedensbruchs (\u00a7125 StGB). Auf <a title=\"Die \u00bbRebellion\u00ab nimmt Gestalt an.\" href=\"http:\/\/www.brennerbasisdemokratie.eu\/?p=37263\">Rebellion<\/a> stehen in Spanien Haftstrafen von bis zu 30 Jahren Freiheitsentzug.<\/p>\n<p>Bez\u00fcglich der Veruntreuung h\u00e4lt der Gerichtssenat ausdr\u00fccklich fest, dass es sich um eine sogenannte Katalogtat handelt, bei der eine inhaltliche \u00dcberpr\u00fcfung \u2014 anders als bez\u00fcglich Rebellion \u2014 entfalle.<\/p>\n<p>Aufgrund des sogenannten Spezialit\u00e4tsgrundsatzes darf Spanien Puigdemont nur wegen des Tatbestandes anklagen und gegebenenfalls verurteilen, auf dessen Grundlage er ausgeliefert wurde.<\/p>\n<blockquote><p>Formelle Auslieferungshindernisse oder Bedenken gegen\u00fcber der vom Generalstaatsanwalt des Landes Schleswig-Holstein zu erteilenden Auslieferungsbewilligung hat der Senat nicht gesehen.<\/p>\n<p>Dies betrifft auch die Einhaltung des Grundsatzes der Spezialit\u00e4t (Strafverfolgung in Spanien jetzt nur noch im Umfang der f\u00fcr zul\u00e4ssig erkl\u00e4rten Auslieferung). Der Senat geht davon aus, dass die spanischen Gerichte diesen Grundsatz beachten und nicht etwa den Verfolgten Puigdemont nach der Auslieferung wegen des Vorwurfs der Korruption auch noch wegen Rebellion verfolgen werden.<\/p>\n<p><em>\u2014 Schleswig-Holsteinisches Oberlandesgericht<\/em><\/p><\/blockquote>\n<p>Gegen den Auslieferungsbeschluss kann Puigdemont, der weiterhin auf freiem Fu\u00df bleibt, Rekurs einlegen.<\/p>\n<p><strong><span style=\"font-family: Helvetica, Arial, sans-serif; text-transform: uppercase;\">C\u00ebla enghe:<\/span><\/strong> <a title=\"Haftbefehl gegen Serret, Com\u00edn, Puig gegenstandslos.\" href=\"http:\/\/www.brennerbasisdemokratie.eu\/?p=41217\"><code>01<\/code><\/a> <a title=\"Eil: Puigdemont unter Auflagen frei.\" href=\"http:\/\/www.brennerbasisdemokratie.eu\/?p=40360\"><code>02<\/code><\/a> <a title=\"Gazeas kritisiert Generalstaatsanwaltschaft.\" href=\"http:\/\/www.brennerbasisdemokratie.eu\/?p=40228\"><code>03<\/code><\/a><\/p>","protected":false},"excerpt":{"rendered":"<p>Am heutigen Donnerstag machte das Oberlandesgericht (OLG) Schleswig-Holstein seinen Beschluss bekannt, der Auslieferung des ehemaligen katalanischen Pr\u00e4sidenten Carles Puigdemont (PDeCAT) an Spanien zuzustimmen. Grundlage ist ein europ\u00e4ischer Haftbefehl des spanischen H\u00f6chstgerichts (Tribunal Supremo). Puigdemont war auf dem Weg von Finnland nach Belgien \u2014 wohin er sich ins Exil begeben hatte \u2014, als er von der [&hellip;]<\/p>","protected":false},"author":1,"featured_media":0,"comment_status":"open","ping_status":"open","sticky":false,"template":"","format":"standard","meta":{"_crdt_document":"","ngg_post_thumbnail":0,"_jetpack_memberships_contains_paid_content":false,"footnotes":""},"categories":[1],"tags":[],"class_list":["post-41846","post","type-post","status-publish","format-standard","hentry","category-allgemein","entity-eu","entity-pdecat","issue-1o2017","issue-zitac","location-catalunya","location-schleswig-holstein","language-deutsch","person-carles-puigdemont","topic-politik","topic-recht","topic-selbstbestimmung"],"jetpack_featured_media_url":"","jetpack_sharing_enabled":true,"_links":{"self":[{"href":"https:\/\/www.brennerbasisdemokratie.eu\/index.php?rest_route=\/wp\/v2\/posts\/41846","targetHints":{"allow":["GET"]}}],"collection":[{"href":"https:\/\/www.brennerbasisdemokratie.eu\/index.php?rest_route=\/wp\/v2\/posts"}],"about":[{"href":"https:\/\/www.brennerbasisdemokratie.eu\/index.php?rest_route=\/wp\/v2\/types\/post"}],"author":[{"embeddable":true,"href":"https:\/\/www.brennerbasisdemokratie.eu\/index.php?rest_route=\/wp\/v2\/users\/1"}],"replies":[{"embeddable":true,"href":"https:\/\/www.brennerbasisdemokratie.eu\/index.php?rest_route=%2Fwp%2Fv2%2Fcomments&post=41846"}],"version-history":[{"count":10,"href":"https:\/\/www.brennerbasisdemokratie.eu\/index.php?rest_route=\/wp\/v2\/posts\/41846\/revisions"}],"predecessor-version":[{"id":76406,"href":"https:\/\/www.brennerbasisdemokratie.eu\/index.php?rest_route=\/wp\/v2\/posts\/41846\/revisions\/76406"}],"wp:attachment":[{"href":"https:\/\/www.brennerbasisdemokratie.eu\/index.php?rest_route=%2Fwp%2Fv2%2Fmedia&parent=41846"}],"wp:term":[{"taxonomy":"category","embeddable":true,"href":"https:\/\/www.brennerbasisdemokratie.eu\/index.php?rest_route=%2Fwp%2Fv2%2Fcategories&post=41846"},{"taxonomy":"post_tag","embeddable":true,"href":"https:\/\/www.brennerbasisdemokratie.eu\/index.php?rest_route=%2Fwp%2Fv2%2Ftags&post=41846"}],"curies":[{"name":"wp","href":"https:\/\/api.w.org\/{rel}","templated":true}]}}