{"id":42032,"date":"2018-07-22T12:22:27","date_gmt":"2018-07-22T10:22:27","guid":{"rendered":"http:\/\/www.brennerbasisdemokratie.eu\/?p=42032"},"modified":"2025-10-13T18:26:28","modified_gmt":"2025-10-13T16:26:28","slug":"der-neue-liberale-pp-chef","status":"publish","type":"post","link":"https:\/\/www.brennerbasisdemokratie.eu\/?p=42032","title":{"rendered":"Der neue, \u203aliberale\u2039 PP-Chef."},"content":{"rendered":"<p>Nach dem R\u00fccktritt von Mariano Rajoy von allen Partei\u00e4mtern infolge seiner <a title=\"Rajoy, S\u00e1nchez, Torra. Und Altsasu.\" href=\"http:\/\/www.brennerbasisdemokratie.eu\/?p=41450\">Abwahl<\/a> als Regierungschef wurde gestern Pablo Casado (Jahrgang 1981) zum neuen Parteivorsitzenden der <abbr title=\"Partido Popular\">PP<\/abbr> gew\u00e4hlt. Seiner von ausl\u00e4ndischen Medien gern nachgebeteten Selbstdarstellung als Liberalem zum Trotz, ist der Thatcher- und Aznar-Fan ein aggressiver Rechtsau\u00dfen, dessen Kandidatur nicht zuf\u00e4llig ma\u00dfgeblich vom rechtsradikalen Parteifl\u00fcgel <em>\u00bbHazte O\u00edr<\/em>\u00ab getragen wurde.<\/p>\n<p>Am Parteikongress setzte sich Casado am Samstag mit 57% gegen die eigentliche Favoritin, Rajoys Vizepremier Soraya S\u00e1enz de Santamar\u00eda durch, die er nochmal weit rechts \u00fcberholte. Er f\u00fchrt jetzt eine Partei an, die zwar nicht mehr die Regierung stellt, aber noch immer die st\u00e4rkste Fraktion im spanischen Kongress.<\/p>\n<p>Casados Rhetorik ist extrem: Gegen Katalonien, f\u00fcr das Phantasiekonstrukt Tabarnia, gegen die Aufarbeitung franquistischer Verbrechen und nat\u00fcrlich gegen Gefl\u00fcchtete.<\/p>\n<p>Wenige Tage nach dem Referendum vom 1. Oktober w\u00fcnschte er Carles Puigdemont, wie der ehemalige katalanische Pr\u00e4sident Llu\u00eds Companys zu enden. Companys war vor dem Franquismus nach Frankreich geflohen, von der <em>Gestapo<\/em> an Spanien \u00fcbergeben und schlie\u00dflich erschossen worden. Die <a title=\"Puigdemont soll ausgeliefert werden.\" href=\"http:\/\/www.brennerbasisdemokratie.eu\/?p=41846\">Abweisung des Rebellionsvorwurfs<\/a>&nbsp;durch das OLG von Schleswig-Holstein quittierte Casado hingegen mit der Forderung, Spanien solle den Schengenraum verlassen.<\/p>\n<p>Unabh\u00e4ngigkeitsbef\u00fcrworterinnen ruft er offen dazu auf, spanischen Boden zu verlassen. Einen Dialog mit ihnen lehnt er vehement ab.<\/p>","protected":false},"excerpt":{"rendered":"<p>Nach dem R\u00fccktritt von Mariano Rajoy von allen Partei\u00e4mtern infolge seiner Abwahl als Regierungschef wurde gestern Pablo Casado (Jahrgang 1981) zum neuen Parteivorsitzenden der PP gew\u00e4hlt. Seiner von ausl\u00e4ndischen Medien gern nachgebeteten Selbstdarstellung als Liberalem zum Trotz, ist der Thatcher- und Aznar-Fan ein aggressiver Rechtsau\u00dfen, dessen Kandidatur nicht zuf\u00e4llig ma\u00dfgeblich vom rechtsradikalen Parteifl\u00fcgel \u00bbHazte O\u00edr\u00ab [&hellip;]<\/p>","protected":false},"author":1,"featured_media":0,"comment_status":"open","ping_status":"open","sticky":false,"template":"","format":"standard","meta":{"_crdt_document":"","ngg_post_thumbnail":0,"_jetpack_memberships_contains_paid_content":false,"footnotes":""},"categories":[1],"tags":[],"class_list":["post-42032","post","type-post","status-publish","format-standard","hentry","category-allgemein","entity-pp","issue-geschichtsaufarbeitung","location-catalunya","location-spania","language-deutsch","person-carles-puigdemont","person-mariano-rajoy","topic-faschismen","topic-nationalismus","topic-politik"],"jetpack_featured_media_url":"","jetpack_sharing_enabled":true,"_links":{"self":[{"href":"https:\/\/www.brennerbasisdemokratie.eu\/index.php?rest_route=\/wp\/v2\/posts\/42032","targetHints":{"allow":["GET"]}}],"collection":[{"href":"https:\/\/www.brennerbasisdemokratie.eu\/index.php?rest_route=\/wp\/v2\/posts"}],"about":[{"href":"https:\/\/www.brennerbasisdemokratie.eu\/index.php?rest_route=\/wp\/v2\/types\/post"}],"author":[{"embeddable":true,"href":"https:\/\/www.brennerbasisdemokratie.eu\/index.php?rest_route=\/wp\/v2\/users\/1"}],"replies":[{"embeddable":true,"href":"https:\/\/www.brennerbasisdemokratie.eu\/index.php?rest_route=%2Fwp%2Fv2%2Fcomments&post=42032"}],"version-history":[{"count":10,"href":"https:\/\/www.brennerbasisdemokratie.eu\/index.php?rest_route=\/wp\/v2\/posts\/42032\/revisions"}],"predecessor-version":[{"id":95266,"href":"https:\/\/www.brennerbasisdemokratie.eu\/index.php?rest_route=\/wp\/v2\/posts\/42032\/revisions\/95266"}],"wp:attachment":[{"href":"https:\/\/www.brennerbasisdemokratie.eu\/index.php?rest_route=%2Fwp%2Fv2%2Fmedia&parent=42032"}],"wp:term":[{"taxonomy":"category","embeddable":true,"href":"https:\/\/www.brennerbasisdemokratie.eu\/index.php?rest_route=%2Fwp%2Fv2%2Fcategories&post=42032"},{"taxonomy":"post_tag","embeddable":true,"href":"https:\/\/www.brennerbasisdemokratie.eu\/index.php?rest_route=%2Fwp%2Fv2%2Ftags&post=42032"}],"curies":[{"name":"wp","href":"https:\/\/api.w.org\/{rel}","templated":true}]}}