{"id":42089,"date":"2018-07-24T10:05:09","date_gmt":"2018-07-24T08:05:09","guid":{"rendered":"http:\/\/www.brennerbasisdemokratie.eu\/?p=42089"},"modified":"2022-12-19T10:58:23","modified_gmt":"2022-12-19T09:58:23","slug":"die-dolomitesvives-farce","status":"publish","type":"post","link":"https:\/\/www.brennerbasisdemokratie.eu\/?p=42089","title":{"rendered":"Die Dolomitesvives-Farce."},"content":{"rendered":"<p>Seit gestern l\u00e4uft das insgesamt 30 Tage umfassende <em>Dolomitesvives<\/em>-Projekt zur angeblichen Verkehrsbeschr\u00e4nkung des Sellajochs, das jedoch weder an Wochenenden (Samstag\/Sonntag), noch an Werktagen zwischen 16.00 und 9.00 Uhr gilt. Es gilt unter anderem auch nicht f\u00fcr G\u00e4ste der Beherbergungsbetriebe am Sellajoch, landwirtschaftliche Maschinen, Lieferverkehr, technische Dienstleisterinnen, Reisebusse (!) und E-Fahrzeuge. Au\u00dferdem frei sind Grundst\u00fccksbesitzer-, Eigent\u00fcmer-, P\u00e4chterinnen, Mitarbeitende der Beherbergungsbetriebe, Taxis, Mietwagen mit Fahrerin sowie Pendlerinnen.<\/p>\n<p>Aber das wars noch nicht: Es reicht, sich \u2014 online oder offline \u2014 einen kontingentierten, aber kostenlosen <em>Dolomitesvives<\/em>-Pass zu sichern, um trotz angeblicher Beschr\u00e4nkung jederzeit mit dem privaten Pkw aufs Sellajoch zu gelangen. Doch nat\u00fcrlich d\u00fcrfen G\u00e4ste, die vor 9.00 Uhr \u2018oben\u2019 waren, jederzeit ohne Pass herunterfahren \u2014 also auch im Zeitfenster zwischen 9.00 und 16.00 Uhr.<\/p>\n<p>All diese Informationen finden sich auf der eigens eingerichteten <a title=\"Dolomitesvives.\" href=\"http:\/\/www.dolomitesvives.com\" target=\"_blank\" rel=\"noopener noreferrer\">Homepage<\/a>, die f\u00fcr ein Gebiet, das sich vollst\u00e4ndig in der \u00bbLadinia\u00ab befindet, nur auf Italienisch, Deutsch und Englisch \u2014 aber nicht auf Ladinisch! \u2014 verf\u00fcgbar ist.<\/p>\n<p>Das Kalk\u00fcl ist, dass eine (minimale) Verkehrsminderung nicht durch die Regulierung, sondern durch die Schikane der Pass-Beantragung erreicht werden kann. Das d\u00fcrfte wenigstens bei G\u00e4sten gelingen, die der italienischen Sprache nicht m\u00e4chtig sind, denn sowohl die Handy- als auch die Web-App sind neben Italienisch nur in der Variante \u00bbgebrochenes Deutsch\u00ab verf\u00fcgbar und kennen au\u00dferdem weder ladinische noch deutsche, sondern nur die italienischen Ortsbezeichnungen (Selva di Valgardena, Passo Sella\u2026). Das steht auch so im einschl\u00e4gigen <a title=\"Dolomitesvives: Leitfaden.\" href=\"http:\/\/www.brennerbasisdemokratie.eu\/wp-content\/uploads\/2018\/07\/dolomitesvives_leitfaden.pdf\" rel=\"noopener noreferrer\">Leitfaden<\/a>:<\/p>\n<blockquote><p><img loading=\"lazy\" decoding=\"async\" class=\"aligncenter size-full wp-image-42090\" src=\"http:\/\/www.brennerbasisdemokratie.eu\/wp-content\/uploads\/2018\/07\/dolomitesvives_openmove.png\" alt=\"\" width=\"751\" height=\"258\" \/><\/p><\/blockquote>\n<p><strong><span style=\"font-family: Helvetica, Arial, sans-serif; text-transform: uppercase;\">C\u00ebla enghe:<\/span><\/strong> <a title=\"Kleine \u2018Sprachstudie\u2019 zur Wolfsstudie.\" href=\"http:\/\/www.brennerbasisdemokratie.eu\/?p=41332\"><code>01<\/code><\/a> <a title=\"Tolomeische Urst\u00e4nd am Stilfser Joch.\" href=\"http:\/\/www.brennerbasisdemokratie.eu\/?p=12506\"><code>02<\/code><\/a> <a title=\"Ab in die\u2026 \u00bbSebstst\u00e4ndigkeit\u00ab.\" href=\"http:\/\/www.brennerbasisdemokratie.eu\/?p=35826\"><code>03<\/code><\/a> <a title=\"Die Ausreden der \u00bbStiftung Dolomites Unesco\u00ab.\" href=\"http:\/\/www.brennerbasisdemokratie.eu\/?p=31098\"><code>04<\/code><\/a> <a title=\"LEC mich am Brenner.\" href=\"http:\/\/www.brennerbasisdemokratie.eu\/?p=39611\"><code>05<\/code><\/a> <a title=\"Zweisprachigkeit: Hemds\u00e4rmeligkeit allerorten.\" href=\"http:\/\/www.brennerbasisdemokratie.eu\/?p=29143\"><code>06<\/code><\/a> <a title=\"Astat-Datenbank: Quellcode national.\" href=\"http:\/\/www.brennerbasisdemokratie.eu\/?p=28995\"><code>07<\/code><\/a> <span style=\"font-family: Helvetica, Arial, sans-serif; font-weight: normal;\">||<\/span> <a title=\"\u2018Dolomitesvives\u2019 auch in Prags eine Farce.\" href=\"http:\/\/www.brennerbasisdemokratie.eu\/?p=42243\"><span style=\"color: #ff8c00\"><code>01<\/code><\/span><\/a> <a title=\"Pragser Toponomastik-Masochismus.\" href=\"http:\/\/www.brennerbasisdemokratie.eu\/?p=49948\"><span style=\"color: #ff8c00\"><code>02<\/code><\/span><\/a><\/p>","protected":false},"excerpt":{"rendered":"<p>Seit gestern l\u00e4uft das insgesamt 30 Tage umfassende Dolomitesvives-Projekt zur angeblichen Verkehrsbeschr\u00e4nkung des Sellajochs, das jedoch weder an Wochenenden (Samstag\/Sonntag), noch an Werktagen zwischen 16.00 und 9.00 Uhr gilt. Es gilt unter anderem auch nicht f\u00fcr G\u00e4ste der Beherbergungsbetriebe am Sellajoch, landwirtschaftliche Maschinen, Lieferverkehr, technische Dienstleisterinnen, Reisebusse (!) und E-Fahrzeuge. Au\u00dferdem frei sind Grundst\u00fccksbesitzer-, Eigent\u00fcmer-, [&hellip;]<\/p>","protected":false},"author":1,"featured_media":0,"comment_status":"open","ping_status":"open","sticky":false,"template":"","format":"standard","meta":{"_crdt_document":"","ngg_post_thumbnail":0,"_jetpack_memberships_contains_paid_content":false,"footnotes":""},"categories":[1],"tags":[],"class_list":["post-42089","post","type-post","status-publish","format-standard","hentry","category-allgemein","location-ladinia","location-sudtirolo","language-deutsch","topic-buerokratismus","topic-discriminaziun","topic-ecologia","topic-mobilitaet","topic-ortsnamen","topic-plurilinguism","topic-sprachpfusch","topic-tourismus"],"jetpack_featured_media_url":"","jetpack_sharing_enabled":true,"_links":{"self":[{"href":"https:\/\/www.brennerbasisdemokratie.eu\/index.php?rest_route=\/wp\/v2\/posts\/42089","targetHints":{"allow":["GET"]}}],"collection":[{"href":"https:\/\/www.brennerbasisdemokratie.eu\/index.php?rest_route=\/wp\/v2\/posts"}],"about":[{"href":"https:\/\/www.brennerbasisdemokratie.eu\/index.php?rest_route=\/wp\/v2\/types\/post"}],"author":[{"embeddable":true,"href":"https:\/\/www.brennerbasisdemokratie.eu\/index.php?rest_route=\/wp\/v2\/users\/1"}],"replies":[{"embeddable":true,"href":"https:\/\/www.brennerbasisdemokratie.eu\/index.php?rest_route=%2Fwp%2Fv2%2Fcomments&post=42089"}],"version-history":[{"count":8,"href":"https:\/\/www.brennerbasisdemokratie.eu\/index.php?rest_route=\/wp\/v2\/posts\/42089\/revisions"}],"predecessor-version":[{"id":75381,"href":"https:\/\/www.brennerbasisdemokratie.eu\/index.php?rest_route=\/wp\/v2\/posts\/42089\/revisions\/75381"}],"wp:attachment":[{"href":"https:\/\/www.brennerbasisdemokratie.eu\/index.php?rest_route=%2Fwp%2Fv2%2Fmedia&parent=42089"}],"wp:term":[{"taxonomy":"category","embeddable":true,"href":"https:\/\/www.brennerbasisdemokratie.eu\/index.php?rest_route=%2Fwp%2Fv2%2Fcategories&post=42089"},{"taxonomy":"post_tag","embeddable":true,"href":"https:\/\/www.brennerbasisdemokratie.eu\/index.php?rest_route=%2Fwp%2Fv2%2Ftags&post=42089"}],"curies":[{"name":"wp","href":"https:\/\/api.w.org\/{rel}","templated":true}]}}