{"id":4212,"date":"2010-01-17T19:03:33","date_gmt":"2010-01-17T18:03:33","guid":{"rendered":"http:\/\/www.brennerbasisdemokratie.eu\/?p=4212"},"modified":"2019-08-14T18:23:46","modified_gmt":"2019-08-14T16:23:46","slug":"bozen-stadtregierung-ohne-svp","status":"publish","type":"post","link":"https:\/\/www.brennerbasisdemokratie.eu\/?p=4212","title":{"rendered":"Bozen: Stadtregierung ohne SVP?"},"content":{"rendered":"<p>Laut einem Bericht der <em>Zett<\/em> (Ausschnitt) vom vergangenen Sonntag, den 10.01.2010 schlie\u00dft SVP-Obmann Richard Theiner eine Koalition mit den italienischen Mitterechtsparteien in Bozen aus. Siegfried Brugger hatte sich zuvor daf\u00fcr ausgesprochen, eine solche Konstellation nach den kommenden Gemeindewahlen ergebnisoffen zu pr\u00fcfen. Seine Ablehnung begr\u00fcndete der Obmann damit, dass man nicht mit Parteien zusammenarbeiten wolle, die \u00bbf\u00fcr den Beibehalt faschistischer Relikte\u00ab sind.<\/p>\n<blockquote>\n<p style=\"text-align: center;\"><img loading=\"lazy\" decoding=\"async\" class=\"size-full wp-image-4213 aligncenter\" title=\"Ausschnitt Zett.\" src=\"http:\/\/www.brennerbasisdemokratie.eu\/wp-content\/uploads\/2010\/01\/zett_theinerelikte.jpg\" alt=\"Ausschnitt Zett.\" width=\"450\" height=\"621\" srcset=\"https:\/\/www.brennerbasisdemokratie.eu\/wp-content\/uploads\/2010\/01\/zett_theinerelikte.jpg 450w, https:\/\/www.brennerbasisdemokratie.eu\/wp-content\/uploads\/2010\/01\/zett_theinerelikte-108x150.jpg 108w, https:\/\/www.brennerbasisdemokratie.eu\/wp-content\/uploads\/2010\/01\/zett_theinerelikte-217x300.jpg 217w\" sizes=\"auto, (max-width: 450px) 100vw, 450px\" \/><\/p>\n<\/blockquote>\n<p>Es ist nicht damit zu rechnen, dass die Volkspartei gen\u00fcgend Stimmen erhalten wird, um eine Stadtregierung ohne \u2014 oder mit einem kleinen \u2014 Koalitionspartner zu bilden. Daher k\u00f6nnte sich hinter dieser Aussage die Absicht verbergen, nach den Gemeindewahlen in der Landeshauptstadt erstmals in die Opposition zu gehen.<\/p>","protected":false},"excerpt":{"rendered":"<p>Laut einem Bericht der Zett (Ausschnitt) vom vergangenen Sonntag, den 10.01.2010 schlie\u00dft SVP-Obmann Richard Theiner eine Koalition mit den italienischen Mitterechtsparteien in Bozen aus. Siegfried Brugger hatte sich zuvor daf\u00fcr ausgesprochen, eine solche Konstellation nach den kommenden Gemeindewahlen ergebnisoffen zu pr\u00fcfen. Seine Ablehnung begr\u00fcndete der Obmann damit, dass man nicht mit Parteien zusammenarbeiten wolle, die [&hellip;]<\/p>","protected":false},"author":1,"featured_media":0,"comment_status":"open","ping_status":"open","sticky":false,"template":"","format":"standard","meta":{"_crdt_document":"","ngg_post_thumbnail":0,"_jetpack_memberships_contains_paid_content":false,"footnotes":""},"categories":[1],"tags":[],"class_list":["post-4212","post","type-post","status-publish","format-standard","hentry","category-allgemein","entity-pd","entity-pdl","entity-svp","issue-faschistische-relikte","issue-gemeindewahl-2010","issue-geschichtsaufarbeitung","location-sudtirolo","language-deutsch","medium-zett","person-giorgio-holzmann","person-luigi-spagnolli","person-richard-theiner","person-siegfried-brugger","topic-medien","topic-politik","topic-satire"],"jetpack_featured_media_url":"","jetpack_sharing_enabled":true,"_links":{"self":[{"href":"https:\/\/www.brennerbasisdemokratie.eu\/index.php?rest_route=\/wp\/v2\/posts\/4212","targetHints":{"allow":["GET"]}}],"collection":[{"href":"https:\/\/www.brennerbasisdemokratie.eu\/index.php?rest_route=\/wp\/v2\/posts"}],"about":[{"href":"https:\/\/www.brennerbasisdemokratie.eu\/index.php?rest_route=\/wp\/v2\/types\/post"}],"author":[{"embeddable":true,"href":"https:\/\/www.brennerbasisdemokratie.eu\/index.php?rest_route=\/wp\/v2\/users\/1"}],"replies":[{"embeddable":true,"href":"https:\/\/www.brennerbasisdemokratie.eu\/index.php?rest_route=%2Fwp%2Fv2%2Fcomments&post=4212"}],"version-history":[{"count":11,"href":"https:\/\/www.brennerbasisdemokratie.eu\/index.php?rest_route=\/wp\/v2\/posts\/4212\/revisions"}],"predecessor-version":[{"id":50619,"href":"https:\/\/www.brennerbasisdemokratie.eu\/index.php?rest_route=\/wp\/v2\/posts\/4212\/revisions\/50619"}],"wp:attachment":[{"href":"https:\/\/www.brennerbasisdemokratie.eu\/index.php?rest_route=%2Fwp%2Fv2%2Fmedia&parent=4212"}],"wp:term":[{"taxonomy":"category","embeddable":true,"href":"https:\/\/www.brennerbasisdemokratie.eu\/index.php?rest_route=%2Fwp%2Fv2%2Fcategories&post=4212"},{"taxonomy":"post_tag","embeddable":true,"href":"https:\/\/www.brennerbasisdemokratie.eu\/index.php?rest_route=%2Fwp%2Fv2%2Ftags&post=4212"}],"curies":[{"name":"wp","href":"https:\/\/api.w.org\/{rel}","templated":true}]}}