{"id":42151,"date":"2018-07-27T00:17:04","date_gmt":"2018-07-26T22:17:04","guid":{"rendered":"http:\/\/www.brennerbasisdemokratie.eu\/?p=42151"},"modified":"2025-10-13T18:19:56","modified_gmt":"2025-10-13T16:19:56","slug":"mallorca-salvini-ist-persona-non-grata","status":"publish","type":"post","link":"https:\/\/www.brennerbasisdemokratie.eu\/?p=42151","title":{"rendered":"Mallorca, Salvini ist \u203apersona non grata\u2039."},"content":{"rendered":"<p>Der Inselrat von Mallorca hat gestern <strong>einstimmig<\/strong> eine Resolution von <em>Podem,<\/em> Sozialistischer Partei (PSIB) und M\u00c9S verabschiedet, mit der der italienische Innenminister Matteo Salvini<em> (Lega)<\/em> auf der Insel zur <strong><em>persona non grata<\/em><\/strong> erkl\u00e4rt wird. Hintergrund ist die menschenfeindliche Migrationspolitik der italienischen Regierung, f\u00fcr die Salvini ma\u00dfgeblich verantwortlich zeichnet.<\/p>\n<p>In dem Text wird ferner kritisiert, dass der europ\u00e4ische Umgang mit den Gefl\u00fcchteten nicht die <strong>Achtung der Menschenrechte<\/strong> sicherstelle.<\/p>\n<p>Vor seiner Verabschiedung wurde der Text um einen Vorschlag der rechten <abbr title=\"Partido Popular\">PP<\/abbr>* erg\u00e4nzt, Salvinis Absicht zu verurteilen, <a title=\"Salvini, die Roma und der PD.\" href=\"http:\/\/www.brennerbasisdemokratie.eu\/?p=41616\">eine Z\u00e4hlung von Roma und Sinti<\/a> zu veranlassen.<sup class=\"modern-footnotes-footnote modern-footnotes-footnote--hover-on-desktop \" data-mfn=\"1\" data-mfn-post-scope=\"00000000000007e30000000000000000_42151\"><a href=\"javascript:void(0)\"  role=\"button\" aria-pressed=\"false\" aria-describedby=\"mfn-content-00000000000007e30000000000000000_42151-1\">1<\/a><\/sup><span id=\"mfn-content-00000000000007e30000000000000000_42151-1\" role=\"tooltip\" class=\"modern-footnotes-footnote__note\" tabindex=\"0\" data-mfn=\"1\">die PP der Balearen \u00fcberrascht nicht selten mit relativ progressiven Positionen<\/span> Zudem wird der Inselrat die spanische <abbr title=\"Partido Socialista Obrero Espa\u00f1ol\">PSOE<\/abbr>-Regierung auffordern, den <em>Lega<\/em>-Chef auch auf Staatsebene zur unerw\u00fcnschten Person zu erkl\u00e4ren \u2014 wie von der regionalen Zentrumspartei PI angeregt.<\/p>\n<p><strong><span style=\"font-family: Helvetica, Arial, sans-serif; text-transform: uppercase;\">C\u00ebla enghe:<\/span><\/strong> <a title=\"Maroni \u00bbnicht willkommen\u00ab.\" href=\"http:\/\/www.brennerbasisdemokratie.eu\/?p=18101\"><code>01<\/code><\/a> <a title=\"Ich habe fast nichts zu bef\u00fcrchten.\" href=\"http:\/\/www.brennerbasisdemokratie.eu\/?p=41442\"><code>02<\/code><\/a>&nbsp;<span style=\"font-family: Helvetica, Arial, sans-serif; font-weight: normal;\">||<\/span> <a title=\"Diada: Lega isoliert und ausgeschlossen.\" href=\"https:\/\/www.brennerbasisdemokratie.eu\/?p=42660\"><span style=\"color: #ff8c00\"><code>01<\/code><\/span><\/a> <a title=\"Barcelona klagt gegen Salvini.\" href=\"https:\/\/www.brennerbasisdemokratie.eu\/?p=64686\"><span style=\"color: #ff8c00\"><code>02<\/code><\/span><\/a><\/p>\n<ul class=\"modern-footnotes-list modern-footnotes-list--show-only-for-print\"><li><span>1<\/span><div>die PP der Balearen \u00fcberrascht nicht selten mit relativ progressiven Positionen<\/div><\/li><\/ul>","protected":false},"excerpt":{"rendered":"<p>Der Inselrat von Mallorca hat gestern einstimmig eine Resolution von Podem, Sozialistischer Partei (PSIB) und M\u00c9S verabschiedet, mit der der italienische Innenminister Matteo Salvini (Lega) auf der Insel zur persona non grata erkl\u00e4rt wird. Hintergrund ist die menschenfeindliche Migrationspolitik der italienischen Regierung, f\u00fcr die Salvini ma\u00dfgeblich verantwortlich zeichnet. In dem Text wird ferner kritisiert, dass [&hellip;]<\/p>","protected":false},"author":1,"featured_media":0,"comment_status":"open","ping_status":"open","sticky":false,"template":"","format":"standard","meta":{"_crdt_document":"","ngg_post_thumbnail":0,"_jetpack_memberships_contains_paid_content":false,"footnotes":""},"categories":[1],"tags":[],"class_list":["post-42151","post","type-post","status-publish","format-standard","hentry","category-allgemein","entity-eu","entity-lega","entity-pp","entity-psoe","issue-good-news","location-illes-balears","location-italy","language-deutsch","person-matteo-salvini","topic-democrazia","topic-grundrechte","topic-migraziun","topic-politik","topic-racism","topic-romasinti","topic-ungehorsam"],"jetpack_featured_media_url":"","jetpack_sharing_enabled":true,"_links":{"self":[{"href":"https:\/\/www.brennerbasisdemokratie.eu\/index.php?rest_route=\/wp\/v2\/posts\/42151","targetHints":{"allow":["GET"]}}],"collection":[{"href":"https:\/\/www.brennerbasisdemokratie.eu\/index.php?rest_route=\/wp\/v2\/posts"}],"about":[{"href":"https:\/\/www.brennerbasisdemokratie.eu\/index.php?rest_route=\/wp\/v2\/types\/post"}],"author":[{"embeddable":true,"href":"https:\/\/www.brennerbasisdemokratie.eu\/index.php?rest_route=\/wp\/v2\/users\/1"}],"replies":[{"embeddable":true,"href":"https:\/\/www.brennerbasisdemokratie.eu\/index.php?rest_route=%2Fwp%2Fv2%2Fcomments&post=42151"}],"version-history":[{"count":10,"href":"https:\/\/www.brennerbasisdemokratie.eu\/index.php?rest_route=\/wp\/v2\/posts\/42151\/revisions"}],"predecessor-version":[{"id":95248,"href":"https:\/\/www.brennerbasisdemokratie.eu\/index.php?rest_route=\/wp\/v2\/posts\/42151\/revisions\/95248"}],"wp:attachment":[{"href":"https:\/\/www.brennerbasisdemokratie.eu\/index.php?rest_route=%2Fwp%2Fv2%2Fmedia&parent=42151"}],"wp:term":[{"taxonomy":"category","embeddable":true,"href":"https:\/\/www.brennerbasisdemokratie.eu\/index.php?rest_route=%2Fwp%2Fv2%2Fcategories&post=42151"},{"taxonomy":"post_tag","embeddable":true,"href":"https:\/\/www.brennerbasisdemokratie.eu\/index.php?rest_route=%2Fwp%2Fv2%2Ftags&post=42151"}],"curies":[{"name":"wp","href":"https:\/\/api.w.org\/{rel}","templated":true}]}}