{"id":42297,"date":"2018-08-08T09:42:12","date_gmt":"2018-08-08T07:42:12","guid":{"rendered":"http:\/\/www.brennerbasisdemokratie.eu\/?p=42297"},"modified":"2025-05-16T22:05:51","modified_gmt":"2025-05-16T20:05:51","slug":"sprachpolitik-fur-lalguer-alghero","status":"publish","type":"post","link":"https:\/\/www.brennerbasisdemokratie.eu\/?p=42297","title":{"rendered":"Sprachpolitik f\u00fcr l&#8217;Alguer (Alghero)."},"content":{"rendered":"<p>K\u00fcrzlich wurde auf Sardinien <a title=\"Sardinien: Neues Sprachpolitikgesetz.\" href=\"http:\/\/www.brennerbasisdemokratie.eu\/?p=41752\">erstmals ein einheitliches Sprachpolitikgesetz verabschiedet<\/a>, das das Sardische und das in l&#8217;Alguer (Alghero) gesprochene Katalanische in den Rang von Amtssprachen erhebt. Die katalanische <a title=\"Plataforma per la Llengua.\" href=\"https:\/\/www.plataforma-llengua.cat\/\" target=\"_blank\" rel=\"noopener noreferrer\"><em>Plataforma per la Llengua<\/em><\/a> (Plattform f\u00fcr die Sprache) war ma\u00dfgeblich an der Ausarbeitung des Gesetzes beteiligt, was den l&#8217;Alguer betreffenden Teil angeht.<\/p>\n<p>Fast zeitgleich erschien in der <em>Biblioteca T\u00e8cnica de Pol\u00edtica Ling\u00fc\u00edstica<\/em> (BTPL) der <em>Generalitat de Catalunya<\/em> eine dreisprachige <a title=\"Els usos ling\u00fc\u00edstics a l'Alguer, 2015.\" href=\"http:\/\/www.brennerbasisdemokratie.eu\/wp-content\/uploads\/2018\/08\/btpl_usoslinguistics_alguer.pdf\" rel=\"noopener noreferrer\">Publikation<\/a> (Katalanisch, Sardisch<sup class=\"modern-footnotes-footnote modern-footnotes-footnote--hover-on-desktop \" data-mfn=\"1\" data-mfn-post-scope=\"00000000000007e30000000000000000_42297\"><a href=\"javascript:void(0)\"  role=\"button\" aria-pressed=\"false\" aria-describedby=\"mfn-content-00000000000007e30000000000000000_42297-1\">1<\/a><\/sup><span id=\"mfn-content-00000000000007e30000000000000000_42297-1\" role=\"tooltip\" class=\"modern-footnotes-footnote__note\" tabindex=\"0\" data-mfn=\"1\">selbst die sardische Sprache betreffende Publikationen erscheinen meist nur auf Italienisch, weshalb hier vermutlich auch eine Signalwirkung beabsichtigt war<\/span>, Italienisch) \u00fcber den Sprachgebrauch in L&#8217;Alguer.<\/p>\n<blockquote><p><img loading=\"lazy\" decoding=\"async\" class=\"aligncenter wp-image-42298 size-full\" src=\"http:\/\/www.brennerbasisdemokratie.eu\/wp-content\/uploads\/2018\/08\/btpl_usoslinguistics_alguer.png\" alt=\"\" width=\"700\" height=\"385\"\/><\/p><\/blockquote>\n<p>Schon seit langem hat Katalonien seine hochprofessionelle Sprachpolitik auch auf Gebiete au\u00dferhalb des unmittelbaren Zust\u00e4ndigkeitsbereichs der <em>Generalitat<\/em> ausgedehnt. Neben den Auslandsvertretungen in Berlin, Br\u00fcssel, Wien oder Rom betreibt das Land aus diesem Grund auch Delegationen in Perpiny\u00e0 (Perpignan) und l&#8217;Alguer<sup class=\"modern-footnotes-footnote modern-footnotes-footnote--hover-on-desktop \" data-mfn=\"2\" data-mfn-post-scope=\"00000000000007e30000000000000000_42297\"><a href=\"javascript:void(0)\"  role=\"button\" aria-pressed=\"false\" aria-describedby=\"mfn-content-00000000000007e30000000000000000_42297-2\">2<\/a><\/sup><span id=\"mfn-content-00000000000007e30000000000000000_42297-2\" role=\"tooltip\" class=\"modern-footnotes-footnote__note\" tabindex=\"0\" data-mfn=\"2\">wiewohl derzeit \u2014 in Erwartung einer Wiederinbetriebnahme <a title=\"Riattivate 6 delegazioni catalane all\u2019estero.\" href=\"http:\/\/www.brennerbasisdemokratie.eu\/?p=41732\"><small><i class=\"fa fa-link\" aria-hidden=\"true\"><\/i><\/small><\/a> \u2014 nicht aktiv<\/span>.<\/p>\n<p>Immerhin gilt zu ber\u00fccksichtigen, dass die sardisch-katalanische Stadt nicht mehr Einwohnerinnen z\u00e4hlt, als unsere Ladinia.<\/p>\n<p>\u00dcber Inhalt und Ergebnisse der Studie hinaus finde ich aus S\u00fcdtiroler Sicht zum Beispiel auch interessant, dass die Interviewenden nicht nur die Aufgabe hatten, zu <em>befragen,<\/em> sondern auch zu <em>beobachten.<\/em> Dies geht aus dem im Anhang ver\u00f6ffentlichten Fragebogen hervor, der einen Abschnitt beinhaltet, wo die Interviewenden unter anderem<\/p>\n<ul>\n<li>gesondert die vor und nach dem Gespr\u00e4ch gebrauchte(n) Sprache(n)<\/li>\n<li>die Evolution des Sprachgebrauchs w\u00e4hrend des Interviews und<\/li>\n<li>die von der interviewten Person mit anderen ggf. im Haushalt Anwesenden verwendete(n) Sprache(n)<\/li>\n<\/ul>\n<p>vermerken sollten. Dies geh\u00f6rt zu jener Art der Sprachforschung, die in S\u00fcdtirol meines Wissens v\u00f6llig vernachl\u00e4ssigt wird. So wird in Katalonien und dem Baskenland regelm\u00e4\u00dfig analysiert, welche Sprachen in welchem Umfang \u00bbauf der Stra\u00dfe\u00ab zu h\u00f6ren sind.<\/p>\n<p><strong><span style=\"font-family: Helvetica, Arial, sans-serif; text-transform: uppercase;\">C\u00ebla enghe:<\/span><\/strong> <a title=\"Sprache: Daten als Grundlage f\u00fcr Politik.\" href=\"http:\/\/www.brennerbasisdemokratie.eu\/?p=23110\"><code>01<\/code><\/a> <a title=\"L\u2019Alguer f\u00fcr mehrsprachige Etikettierung.\" href=\"http:\/\/www.brennerbasisdemokratie.eu\/?p=35296\"><code>02<\/code><\/a> <a title=\"Sprachpolitische \u00bbHeimsuchung\u00ab.\" href=\"http:\/\/www.brennerbasisdemokratie.eu\/?p=1398\"><code>03<\/code><\/a> <a title=\"Kurzbericht Katalonien: Etikettierung.\" href=\"http:\/\/www.brennerbasisdemokratie.eu\/?p=1246\"><code>04<\/code><\/a> <span style=\"font-family: Helvetica, Arial, sans-serif; font-weight: normal;\">||<\/span> <a title=\"Neuer Pakt f\u00fcr die katalanische Sprache.\" href=\"https:\/\/www.brennerbasisdemokratie.eu\/?p=91916\"><span style=\"color: #ff8c00\"><code>01<\/code><\/span><\/a><small><\/small><\/p>\n<ul class=\"modern-footnotes-list modern-footnotes-list--show-only-for-print\"><li><span>1<\/span><div>selbst die sardische Sprache betreffende Publikationen erscheinen meist nur auf Italienisch, weshalb hier vermutlich auch eine Signalwirkung beabsichtigt war<\/div><\/li><li><span>2<\/span><div>wiewohl derzeit \u2014 in Erwartung einer Wiederinbetriebnahme <a title=\"Riattivate 6 delegazioni catalane all\u2019estero.\" href=\"http:\/\/www.brennerbasisdemokratie.eu\/?p=41732\"><small><i class=\"fa fa-link\" aria-hidden=\"true\"><\/i><\/small><\/a> \u2014 nicht aktiv<\/div><\/li><\/ul>","protected":false},"excerpt":{"rendered":"<p>K\u00fcrzlich wurde auf Sardinien erstmals ein einheitliches Sprachpolitikgesetz verabschiedet, das das Sardische und das in l&#8217;Alguer (Alghero) gesprochene Katalanische in den Rang von Amtssprachen erhebt. Die katalanische Plataforma per la Llengua (Plattform f\u00fcr die Sprache) war ma\u00dfgeblich an der Ausarbeitung des Gesetzes beteiligt, was den l&#8217;Alguer betreffenden Teil angeht. Fast zeitgleich erschien in der Biblioteca [&hellip;]<\/p>","protected":false},"author":1,"featured_media":0,"comment_status":"open","ping_status":"open","sticky":false,"template":"","format":"standard","meta":{"_crdt_document":"","ngg_post_thumbnail":0,"_jetpack_memberships_contains_paid_content":false,"footnotes":""},"categories":[1],"tags":[],"class_list":["post-42297","post","type-post","status-publish","format-standard","hentry","category-allgemein","entity-gencat","entity-pxl","issue-good-news","issue-good-practices","location-catalunya","location-lalguer","location-sardigna","language-deutsch","topic-comparatio","topic-minderheitenschutz","topic-plurilinguism","topic-politik","topic-publikationen","topic-sprachpolitik","topic-statistik","topic-wissenschaft"],"jetpack_featured_media_url":"","jetpack_sharing_enabled":true,"_links":{"self":[{"href":"https:\/\/www.brennerbasisdemokratie.eu\/index.php?rest_route=\/wp\/v2\/posts\/42297","targetHints":{"allow":["GET"]}}],"collection":[{"href":"https:\/\/www.brennerbasisdemokratie.eu\/index.php?rest_route=\/wp\/v2\/posts"}],"about":[{"href":"https:\/\/www.brennerbasisdemokratie.eu\/index.php?rest_route=\/wp\/v2\/types\/post"}],"author":[{"embeddable":true,"href":"https:\/\/www.brennerbasisdemokratie.eu\/index.php?rest_route=\/wp\/v2\/users\/1"}],"replies":[{"embeddable":true,"href":"https:\/\/www.brennerbasisdemokratie.eu\/index.php?rest_route=%2Fwp%2Fv2%2Fcomments&post=42297"}],"version-history":[{"count":7,"href":"https:\/\/www.brennerbasisdemokratie.eu\/index.php?rest_route=\/wp\/v2\/posts\/42297\/revisions"}],"predecessor-version":[{"id":91925,"href":"https:\/\/www.brennerbasisdemokratie.eu\/index.php?rest_route=\/wp\/v2\/posts\/42297\/revisions\/91925"}],"wp:attachment":[{"href":"https:\/\/www.brennerbasisdemokratie.eu\/index.php?rest_route=%2Fwp%2Fv2%2Fmedia&parent=42297"}],"wp:term":[{"taxonomy":"category","embeddable":true,"href":"https:\/\/www.brennerbasisdemokratie.eu\/index.php?rest_route=%2Fwp%2Fv2%2Fcategories&post=42297"},{"taxonomy":"post_tag","embeddable":true,"href":"https:\/\/www.brennerbasisdemokratie.eu\/index.php?rest_route=%2Fwp%2Fv2%2Ftags&post=42297"}],"curies":[{"name":"wp","href":"https:\/\/api.w.org\/{rel}","templated":true}]}}