{"id":42374,"date":"2018-08-16T18:40:55","date_gmt":"2018-08-16T16:40:55","guid":{"rendered":"http:\/\/www.brennerbasisdemokratie.eu\/?p=42374"},"modified":"2023-04-20T12:06:35","modified_gmt":"2023-04-20T10:06:35","slug":"quotation-488-volkstumspolitik","status":"publish","type":"post","link":"https:\/\/www.brennerbasisdemokratie.eu\/?p=42374","title":{"rendered":"Volkstumspolitik."},"content":{"rendered":"<p>Die <abbr title=\"S\u00fcdtiroler Volkspartei\">SVP<\/abbr> hat im Vorfeld der Landtagswahl 2018 die <em>Plattform Heimat<\/em> pr\u00e4sentiert, die sich \u2014 wie andere Parteien <em>(Freiheitliche,<\/em> <abbr title=\"S\u00fcd-Tiroler Freiheit\">STF<\/abbr>\u2026) und Str\u00f6mungen in S\u00fcdtirol \u2014 unter anderem der \u00bbVolkstumspolitik\u00ab verpflichtet sieht.<\/p>\n<blockquote><p>Die Plattform Heimat ist eine wertvolle Bereicherung f\u00fcr die S\u00fcdtiroler Volkspartei und ein deutlicher Ausdruck daf\u00fcr, dass Heimat- und Volkstumspolitik als Markenkern der S\u00fcdtiroler Volkspartei immer wieder neu lebendig gehalten wird.<\/p>\n<p><em>\u2013 <\/em>SVP<em>-Obmann Philipp Achammer<\/em><\/p><\/blockquote>\n<blockquote><p>Wenn die SVP die Volkstumspolitik wirklich st\u00e4rken will, w\u00e4re es ratsam, ihren noch verbliebenen patriotischen W\u00e4hlern zu empfehlen, bei den Landtagswahlen diesmal die S\u00fcd-Tiroler Freiheit zu w\u00e4hlen, denn da k\u00f6nnen sich die W\u00e4hler dann sicher sein, dass sie auch nach den Wahlen noch die Volkstumspolitik bekommen, die ihnen vor den Wahlen versprochen wurde!<\/p>\n<p><em>\u2013 Sven Knoll<\/em> (STF)<\/p><\/blockquote>\n<p>Doch:<\/p>\n<blockquote><p>Volkstumspolitik ist eine rein deutsche Begriffspr\u00e4gung [\u2026]. Ihre praktische Ausgestaltung erfuhr sie in der Zeit des <strong>Nationalsozialismus<\/strong> durch das Deutsche Reich zun\u00e4chst mit dem Anschluss des Saargebiets 1935, dem <strong>Anschluss<\/strong> \u00d6sterreichs als \u201eUnternehmen Otto\u201c, der Eingliederung des Sudetenlandes 1938, und dann im Zweiten Weltkrieg mit dem <strong>Polenfeldzug<\/strong> und dem <strong>\u201eRusslandfeldzug\u201c<\/strong> als \u201eUnternehmen Barbarossa\u201c parallel neben Himmlers \u201eProgramm Heinrich\u201c.<\/p>\n<p>Volkstumspolitik beinhaltete im \u201eGro\u00dfdeutschen Reich\u201c die au\u00dfenpolitische, <strong>rassistisch-imperialistische<\/strong> Verl\u00e4ngerung der N\u00fcrnberger Gesetze vom \u201eReichsparteitag der Freiheit\u201c am 15. September 1935, die als sogenanntes Blutschutzgesetz die <strong>\u201eReinheit des deutschen Blutes\u201c<\/strong> und das \u201eartverwandte Blut\u201c zun\u00e4chst vor der \u201eVermischung\u201c mit <strong>\u201eJuden\u201c, \u201eNegern\u201c und \u201eZigeunern\u201c<\/strong> bewahren sollten, bis mit der geplanten <strong>Ausweitung des Lebensraums<\/strong> im Osten beziehungsweise des \u201egermanischen\u201c Volkstums bis zum Ural als <strong>\u201eSchutz vor den Fremdv\u00f6lkischen\u201c<\/strong> deren \u201eUmvolkung\u201c \u00fcber graduelle Einb\u00fcrgerung bis zur Endstufe der \u201eReichsb\u00fcrgerschaft\u201c oder Bek\u00e4mpfung bis zur <strong>Vernichtung<\/strong> hinzukamen. Sie ist also <strong>zentraler Herrschaftsbegriff des Nationalsozialismus.<\/strong><\/p><\/blockquote>\n<p><em>Wikipedia. Hervorhebungen: <img class=\"bbdlogo\" src=\"https:\/\/www.brennerbasisdemokratie.eu\/wp-content\/uploads\/bbdsmileys\/bbde.png\"><\/em><\/p>\n<p>Es w\u00e4re an der Zeit, sich auch in S\u00fcdtirol von diesem entsetzlichen Begriff endg\u00fcltig zu verabschieden.<\/p>\n<p><strong><span style=\"font-family: Helvetica, Arial, sans-serif; text-transform: uppercase;\">C\u00ebla enghe:<\/span><\/strong> <a title=\"Die S\u00fcd-Tiroler Freiheit zitiert Ernst Moritz Arndt.\" href=\"http:\/\/www.brennerbasisdemokratie.eu\/?p=39202\"><code>01<\/code><\/a>\u00a0<span style=\"font-family: Helvetica, Arial, sans-serif; font-weight: normal;\">||<\/span> <a title=\"Belarus\u2026 und Sudtirolo.\" href=\"https:\/\/www.brennerbasisdemokratie.eu\/?p=59648\"><span style=\"color: #ff8c00\"><code>01<\/code><\/span><\/a><\/p>","protected":false},"excerpt":{"rendered":"<p>Die SVP hat im Vorfeld der Landtagswahl 2018 die Plattform Heimat pr\u00e4sentiert, die sich \u2014 wie andere Parteien (Freiheitliche, STF\u2026) und Str\u00f6mungen in S\u00fcdtirol \u2014 unter anderem der \u00bbVolkstumspolitik\u00ab verpflichtet sieht. Die Plattform Heimat ist eine wertvolle Bereicherung f\u00fcr die S\u00fcdtiroler Volkspartei und ein deutlicher Ausdruck daf\u00fcr, dass Heimat- und Volkstumspolitik als Markenkern der S\u00fcdtiroler [&hellip;]<\/p>","protected":false},"author":1,"featured_media":0,"comment_status":"open","ping_status":"open","sticky":false,"template":"","format":"standard","meta":{"_crdt_document":"","ngg_post_thumbnail":0,"_jetpack_memberships_contains_paid_content":false,"footnotes":""},"categories":[1],"tags":[],"class_list":["post-42374","post","type-post","status-publish","format-standard","hentry","category-allgemein","entity-freiheitliche","entity-stf","entity-svp","issue-landtagswahl-2018","issue-quotation","location-sudtirolo","language-deutsch","person-philipp-achammer","person-sven-knoll","topic-geschichte","topic-politik","topic-racism"],"jetpack_featured_media_url":"","jetpack_sharing_enabled":true,"_links":{"self":[{"href":"https:\/\/www.brennerbasisdemokratie.eu\/index.php?rest_route=\/wp\/v2\/posts\/42374","targetHints":{"allow":["GET"]}}],"collection":[{"href":"https:\/\/www.brennerbasisdemokratie.eu\/index.php?rest_route=\/wp\/v2\/posts"}],"about":[{"href":"https:\/\/www.brennerbasisdemokratie.eu\/index.php?rest_route=\/wp\/v2\/types\/post"}],"author":[{"embeddable":true,"href":"https:\/\/www.brennerbasisdemokratie.eu\/index.php?rest_route=\/wp\/v2\/users\/1"}],"replies":[{"embeddable":true,"href":"https:\/\/www.brennerbasisdemokratie.eu\/index.php?rest_route=%2Fwp%2Fv2%2Fcomments&post=42374"}],"version-history":[{"count":12,"href":"https:\/\/www.brennerbasisdemokratie.eu\/index.php?rest_route=\/wp\/v2\/posts\/42374\/revisions"}],"predecessor-version":[{"id":76754,"href":"https:\/\/www.brennerbasisdemokratie.eu\/index.php?rest_route=\/wp\/v2\/posts\/42374\/revisions\/76754"}],"wp:attachment":[{"href":"https:\/\/www.brennerbasisdemokratie.eu\/index.php?rest_route=%2Fwp%2Fv2%2Fmedia&parent=42374"}],"wp:term":[{"taxonomy":"category","embeddable":true,"href":"https:\/\/www.brennerbasisdemokratie.eu\/index.php?rest_route=%2Fwp%2Fv2%2Fcategories&post=42374"},{"taxonomy":"post_tag","embeddable":true,"href":"https:\/\/www.brennerbasisdemokratie.eu\/index.php?rest_route=%2Fwp%2Fv2%2Ftags&post=42374"}],"curies":[{"name":"wp","href":"https:\/\/api.w.org\/{rel}","templated":true}]}}