{"id":42684,"date":"2018-09-17T19:36:45","date_gmt":"2018-09-17T17:36:45","guid":{"rendered":"http:\/\/www.brennerbasisdemokratie.eu\/?p=42684"},"modified":"2024-07-19T12:29:49","modified_gmt":"2024-07-19T10:29:49","slug":"wahllokal-thema-selbstbestimmung","status":"publish","type":"post","link":"https:\/\/www.brennerbasisdemokratie.eu\/?p=42684","title":{"rendered":"Wahllokal: Thema Selbstbestimmung."},"content":{"rendered":"<p>Heute ging mit Blick auf die baldige Landtagswahl das aktualisierte <a title=\"Wahllokal.\" href=\"http:\/\/www.wahllokal.it\" target=\"_blank\" rel=\"noopener noreferrer\"><em>Wahllokal<\/em><\/a> des <em>Jugendrings<sup class=\"modern-footnotes-footnote modern-footnotes-footnote--hover-on-desktop \" data-mfn=\"1\" data-mfn-post-scope=\"00000000000007e30000000000000000_42684\"><a href=\"javascript:void(0)\"  role=\"button\" aria-pressed=\"false\" aria-describedby=\"mfn-content-00000000000007e30000000000000000_42684-1\">1<\/a><\/sup><span id=\"mfn-content-00000000000007e30000000000000000_42684-1\" role=\"tooltip\" class=\"modern-footnotes-footnote__note\" tabindex=\"0\" data-mfn=\"1\">das Projekt wurde von einem hochkar\u00e4tig besetzten wissenschaftlichen Beirat begleitet: Hermann Atz, Lucio Giudiceandrea, Wolfgang Mayr, G\u00fcnther Pallaver, Renate Prugger, Mateo Taibon, Mathias Ungerer und Andrej Werth<\/span><\/em> online, das einen Vergleich der Positionen von Parteien und Listen zu wichtigen Themen der Landespolitik gestattet. In manchen F\u00e4llen ist es gar zum ersten Mal m\u00f6glich, (bestimmte) programmatische Standpunkte in Erfahrung zu bringen.<\/p>\n<p>Wie schon <a title=\"Parteipositionen: Selbstbestimmung.\" href=\"http:\/\/www.brennerbasisdemokratie.eu\/?p=16766\">vor f\u00fcnf Jahren<\/a> will ich hier zun\u00e4chst wiedergeben \u2014 und kommentieren \u2014, wie sich die Wahlwerbenden zur Abhaltung eines Unabh\u00e4ngigkeitsreferendums<sup class=\"modern-footnotes-footnote modern-footnotes-footnote--hover-on-desktop \" data-mfn=\"2\" data-mfn-post-scope=\"00000000000007e30000000000000000_42684\"><a href=\"javascript:void(0)\"  role=\"button\" aria-pressed=\"false\" aria-describedby=\"mfn-content-00000000000007e30000000000000000_42684-2\">2<\/a><\/sup><span id=\"mfn-content-00000000000007e30000000000000000_42684-2\" role=\"tooltip\" class=\"modern-footnotes-footnote__note\" tabindex=\"0\" data-mfn=\"2\">Fragestellung: Soll ein Referendum \u00fcber den Verbleib S\u00fcdtirols bei Italien abgehalten werden?<\/span> ge\u00e4u\u00dfert haben.<\/p>\n<p>Dass <strong><abbr title=\"S\u00fcd-Tiroler Freiheit\">STF<\/abbr><\/strong>, <strong><em>Freiheitliche<\/em><\/strong> und <strong><em>B\u00fcrgerUnion<\/em><\/strong> eine derartige Abstimmung bef\u00fcrworten, war genauso zu erwarten, wie die Gegnerschaft von <strong>AAnC\/<abbr title=\"Fratelli d\u2019Italia\">FdI<\/abbr><\/strong>, <strong><abbr title=\"Partito Democratico\">PD<\/abbr><\/strong> und <strong><em>Forza Italia.<\/em><\/strong> Erw\u00e4hnenswert ist h\u00f6chstens das (<a title=\"K33: Violentissima presa di posizione.\" href=\"http:\/\/www.brennerbasisdemokratie.eu\/?p=31705\">eh bekannte<\/a>) Demokratieverst\u00e4ndnis von AAnC\/FdI (Alessandro Urz\u00ec), die ihre Antwort mit dem kriminalisierenden Hinweis garnieren, dass es hier nicht um politische Meinung, sondern um eine strafrechtlich relevante Frage gehe. Ob gar <a title=\"FdI will Folter legalisieren.\" href=\"http:\/\/www.brennerbasisdemokratie.eu\/?p=41857\">Folter<\/a> droht?<\/p>\n<p>Die <em><strong>Volkspartei<\/strong><\/em> spricht sich gegen ein Selbstbestimmungsreferendum aus, weil wir mit der \u2014 untoten \u2014 Vollautonomie bereits \u00bbeine weitgehend unabh\u00e4ngige Region im Herzen Europas\u00ab w\u00e4ren. Jene SVP, die sich unter anderem <a title=\"Landtag gegen Landessendeanstalt.\" href=\"http:\/\/www.brennerbasisdemokratie.eu\/?p=40491\">gegen eine eigene \u00f6ffentlich-rechtliche Sendeanstalt<\/a> ausgesprochen hat, deren Parlamentarier Manfred Schullian <a title=\"SVP will Pr\u00e4fektur nicht abschaffen.\" href=\"http:\/\/www.brennerbasisdemokratie.eu\/?p=39243\">nicht die Pr\u00e4fektur abschaffen<\/a> m\u00f6chte und die den <strong>PD<\/strong> als \u00bbautonomiefreundlich\u00ab bezeichnet, obschon dies <a title=\"Autonomiefreundliche PD-Regierungen?\" href=\"http:\/\/www.brennerbasisdemokratie.eu\/?p=38965\">ganz offensichtlich nicht der Fall<\/a> ist.<\/p>\n<p>Das <em><strong>Team K\u00f6llensperger<\/strong><\/em> (TK) nimmt eine \u00e4hnliche Position ein, wie die SVP: Man sei gegen die Abhaltung einer derartigen Volksabstimmung, stuft das Thema als \u00bbweniger wichtig\u00ab ein und zieht es vor, an der Autonomie weiterzuarbeiten, die als \u00bbinnere Selbstbestimmung\u00ab bezeichnet wird.<\/p>\n<p>Erstaunlich ist f\u00fcr mich die Position der S\u00fcdtiroler <em><strong>Gr\u00fcnen<\/strong>.<\/em> Nicht sosehr, dass sie die Selbstbestimmung (wie schon 2013) ablehnen. Unter ihrem neuen \u00bbinternationalisierten\u00ab Logo (mit dem Verweis auf die <em>Europ\u00e4ischen Gr\u00fcnen)<\/em> mag dies wohl <a title=\"Zu Heiss gebadet?\" href=\"http:\/\/www.brennerbasisdemokratie.eu\/?p=32264\">noch merkw\u00fcrdiger<\/a> klingen, als bislang; was ich aber absurd finde, ist die Einstufung der Frage als \u00bbsehr wichtig\u00ab. Den direktdemokratischen <em>Gr\u00fcnen<\/em> ist also sehr wichtig, ein Referendum zu diesem Thema zu verhindern. Dies steht (anders als 2013) auch nicht mehr unter dem Vorbehalt, dass eine Mehrheit jeder Sprachgruppe daf\u00fcr sein m\u00fcsste.<\/p>\n<p>Auch die <em><strong>F\u00fcnfsternebewegung<\/strong><\/em> (5SB) wirft in diesem Zusammenhang all ihre Prinzipien und Pr\u00e4ferenzen \u00fcber Bord. Die Partei, die sich die direkte Demokratie auf die Flagge geschrieben hat; deren Gr\u00fcnder und Namensgeber die Einheit Italiens als nicht existent und \u00fcberfl\u00fcssig bezeichnet hatte; deren r\u00f6mische Regierung der EU fast t\u00e4glich mit Austritt droht, bezeichnet ein etwaiges Unabh\u00e4ngigkeitsreferendum als \u00bbgef\u00e4hrlich\u00ab und argumentiert mit Europa, um es abzulehnen.<\/p>\n<p>Die lange als Sezessionspartei bekannte <em><strong>Lega<\/strong>,<\/em> die noch vor wenigen Monaten im Regionalrat <a title=\"Regionalrat gegen Selbstbestimmungskonvent.\" href=\"http:\/\/www.brennerbasisdemokratie.eu\/?p=26239\">einen Selbstbestimmungskonvent lancieren<\/a> und deren venetischer Ableger k\u00fcrzlich <a title=\"Il Veneto decide.\" href=\"http:\/\/www.brennerbasisdemokratie.eu\/?p=19585\">ein Unabh\u00e4ngigkeitsreferendum durchf\u00fchren<\/a> wollte, bringt sich nun auch gegen ein solches Referendum in Stellung. Sie bezeichnet diese ihre neue Einstellung \u2014 wie die S\u00fcdtiroler <strong><em>Gr\u00fcnen<\/em><\/strong> \u2014 sogar als \u00bbsehr wichtig\u00ab. Wie wir wissen, ist die <em>Lega<\/em> inzwischen sogar <a title=\"Autonomia integrale, ci risiamo. \u00abIn Italia\u00bb.\" href=\"http:\/\/www.brennerbasisdemokratie.eu\/?p=42420\">gegen die Vollautonomie.<\/a><\/p>\n<p>Nicht zuletzt sprechen sich auch die <em><strong>Vereinte Linke<\/strong><\/em> (\u00bbsehr wichtig\u00ab) und <em><strong>Noi A. A. S\u00fcdtirol<\/strong><\/em> (\u00bbweniger wichtig\u00ab) <a title=\"Quotation (283): Ricatti e confini.\" href=\"http:\/\/www.brennerbasisdemokratie.eu\/?p=29632\">von Roberto Bizzo<\/a> dagegen aus, dass die Bev\u00f6lkerung demokratisch \u00fcber die staatliche Zugeh\u00f6rigkeit befinden kann. Erstere bef\u00fcrchtet die Gef\u00e4hrdung des friedlichen Zusammenlebens und will sich stattdessen f\u00fcr ein Europa der Regionen engagieren.<\/p>\n<div style=\"border: 8px solid #4372a6; padding: 30px 30px 30px 30px; margin-bottom: 20px;\">Zum Thema: Die <img class=\"bbdlogo\" src=\"https:\/\/www.brennerbasisdemokratie.eu\/wp-content\/uploads\/bbdsmileys\/bbde.png\">-Position zur Selbstbestimmung kann unter anderem im <a title=\"BBD-Manifest.\" href=\"http:\/\/www.brennerbasisdemokratie.eu\/?page_id=183\">Manifest<\/a> und in den <a title=\"FAQ.\" href=\"http:\/\/www.brennerbasisdemokratie.eu\/?page_id=200\">h\u00e4ufig gestellten Fragen<\/a> nachgelesen werden.<\/div>\n<p><strong><span style=\"font-family: Helvetica, Arial, sans-serif; text-transform: uppercase;\">C\u00ebla enghe:<\/span><\/strong> <a title=\"Un \u00abno\u00bb che non ha senso.\" href=\"http:\/\/www.brennerbasisdemokratie.eu\/?p=35448\"><code>01<\/code><\/a>&nbsp;<a title=\"Quotation (490): Geld statt Autonomie.\" href=\"http:\/\/www.brennerbasisdemokratie.eu\/?p=42436\"><code>02<\/code><\/a>&nbsp;<a title=\"Quotation (486): Perch\u00e9 stupirsi?\" href=\"http:\/\/www.brennerbasisdemokratie.eu\/?p=42291\"><code>03<\/code><\/a> <a title=\"Ist Selbstbestimmung rechts oder links?\" href=\"http:\/\/www.brennerbasisdemokratie.eu\/?p=35133\"><code>04<\/code><\/a> <a title=\"Autodeterminazione, opposizione di sinistra \u00abinconcepibile\u00bb.\" href=\"http:\/\/www.brennerbasisdemokratie.eu\/?p=15901\"><code>05<\/code><\/a><small><\/small><\/p>\n<ul class=\"modern-footnotes-list modern-footnotes-list--show-only-for-print\"><li><span>1<\/span><div>das Projekt wurde von einem hochkar\u00e4tig besetzten wissenschaftlichen Beirat begleitet: Hermann Atz, Lucio Giudiceandrea, Wolfgang Mayr, G\u00fcnther Pallaver, Renate Prugger, Mateo Taibon, Mathias Ungerer und Andrej Werth<\/div><\/li><li><span>2<\/span><div>Fragestellung: Soll ein Referendum \u00fcber den Verbleib S\u00fcdtirols bei Italien abgehalten werden?<\/div><\/li><\/ul>","protected":false},"excerpt":{"rendered":"<p>Heute ging mit Blick auf die baldige Landtagswahl das aktualisierte Wahllokal des Jugendrings online, das einen Vergleich der Positionen von Parteien und Listen zu wichtigen Themen der Landespolitik gestattet. In manchen F\u00e4llen ist es gar zum ersten Mal m\u00f6glich, (bestimmte) programmatische Standpunkte in Erfahrung zu bringen. Wie schon vor f\u00fcnf Jahren will ich hier zun\u00e4chst [&hellip;]<\/p>","protected":false},"author":1,"featured_media":0,"comment_status":"open","ping_status":"open","sticky":false,"template":"","format":"standard","meta":{"_crdt_document":"","ngg_post_thumbnail":0,"_jetpack_memberships_contains_paid_content":false,"footnotes":""},"categories":[1],"tags":[],"class_list":["post-42684","post","type-post","status-publish","format-standard","hentry","category-allgemein","entity-5sb","entity-burgerunion","entity-eu","entity-freiheitliche","entity-jugendring","entity-lega","entity-pd","entity-pdl","entity-regierungskommissariat","entity-stf","entity-svp","entity-tk","entity-verc","issue-landtagswahl-2018","location-sudtirolo","location-venetien","language-deutsch","person-hermann-atz","person-wolfgang-mayr","topic-democrazia","topic-foederalismus","topic-mitbestimmung","topic-politik","topic-selbstbestimmung","topic-statistik","topic-vorzeigeautonomie","topic-zentralismus"],"jetpack_featured_media_url":"","jetpack_sharing_enabled":true,"_links":{"self":[{"href":"https:\/\/www.brennerbasisdemokratie.eu\/index.php?rest_route=\/wp\/v2\/posts\/42684","targetHints":{"allow":["GET"]}}],"collection":[{"href":"https:\/\/www.brennerbasisdemokratie.eu\/index.php?rest_route=\/wp\/v2\/posts"}],"about":[{"href":"https:\/\/www.brennerbasisdemokratie.eu\/index.php?rest_route=\/wp\/v2\/types\/post"}],"author":[{"embeddable":true,"href":"https:\/\/www.brennerbasisdemokratie.eu\/index.php?rest_route=\/wp\/v2\/users\/1"}],"replies":[{"embeddable":true,"href":"https:\/\/www.brennerbasisdemokratie.eu\/index.php?rest_route=%2Fwp%2Fv2%2Fcomments&post=42684"}],"version-history":[{"count":23,"href":"https:\/\/www.brennerbasisdemokratie.eu\/index.php?rest_route=\/wp\/v2\/posts\/42684\/revisions"}],"predecessor-version":[{"id":86950,"href":"https:\/\/www.brennerbasisdemokratie.eu\/index.php?rest_route=\/wp\/v2\/posts\/42684\/revisions\/86950"}],"wp:attachment":[{"href":"https:\/\/www.brennerbasisdemokratie.eu\/index.php?rest_route=%2Fwp%2Fv2%2Fmedia&parent=42684"}],"wp:term":[{"taxonomy":"category","embeddable":true,"href":"https:\/\/www.brennerbasisdemokratie.eu\/index.php?rest_route=%2Fwp%2Fv2%2Fcategories&post=42684"},{"taxonomy":"post_tag","embeddable":true,"href":"https:\/\/www.brennerbasisdemokratie.eu\/index.php?rest_route=%2Fwp%2Fv2%2Ftags&post=42684"}],"curies":[{"name":"wp","href":"https:\/\/api.w.org\/{rel}","templated":true}]}}