{"id":43140,"date":"2018-10-09T16:27:19","date_gmt":"2018-10-09T14:27:19","guid":{"rendered":"http:\/\/www.brennerbasisdemokratie.eu\/?p=43140"},"modified":"2025-05-16T22:13:43","modified_gmt":"2025-05-16T20:13:43","slug":"packungsbeilagen-in-kanada-zweisprachig","status":"publish","type":"post","link":"https:\/\/www.brennerbasisdemokratie.eu\/?p=43140","title":{"rendered":"Packungsbeilagen in Kanada: zweisprachig."},"content":{"rendered":"<p>Vor einigen Wochen hatte ich die Gelegenheit, Qu\u00e9bec und Ontario zu bereisen und mir dabei auch ein Bild von der dort herrschenden Sprachpolitik zu machen. Unter anderem habe ich mich hierzu in eine Apotheke begeben und ein Medikament gekauft.<\/p>\n<blockquote><p><img loading=\"lazy\" decoding=\"async\" class=\"wp-image-43141 size-full aligncenter\" src=\"http:\/\/www.brennerbasisdemokratie.eu\/wp-content\/uploads\/2018\/10\/cnd_ibu_schachtel.jpg\" alt=\"\" width=\"800\" height=\"668\"\/><\/p><\/blockquote>\n<p><small><em>Zweisprachige Au\u00dfenverpackung<\/em><\/small><\/p>\n<p>Und anders als in S\u00fcdtirol wird \u2014 <em>you guessed it<\/em> \u2014 die gesetzlich vorgeschriebene Mehrsprachigkeit (Englisch-Franz\u00f6sisch) selbstverst\u00e4ndlich von der Au\u00dfenverpackung bis zur Packungsbeilage zu 100% eingehalten. Wie <a title=\"Es ist m\u00f6glich!\" href=\"http:\/\/www.brennerbasisdemokratie.eu\/?p=7472\">in Finnland<\/a>. Und wie <a title=\"Fragen Sie Ihren Arzt. Nicht.\" href=\"http:\/\/www.brennerbasisdemokratie.eu\/?p=178\">in der Schweiz<\/a>.<\/p>\n<blockquote><p><img loading=\"lazy\" decoding=\"async\" class=\"wp-image-43142 size-full aligncenter\" src=\"http:\/\/www.brennerbasisdemokratie.eu\/wp-content\/uploads\/2018\/10\/cnd_ibu_packungsbeilage.jpg\" alt=\"\" width=\"800\" height=\"412\" srcset=\"https:\/\/www.brennerbasisdemokratie.eu\/wp-content\/uploads\/2018\/10\/cnd_ibu_packungsbeilage.jpg 800w, https:\/\/www.brennerbasisdemokratie.eu\/wp-content\/uploads\/2018\/10\/cnd_ibu_packungsbeilage-768x396.jpg 768w\" sizes=\"auto, (max-width: 800px) 100vw, 800px\" \/><\/p><\/blockquote>\n<p><small><em>Zweisprachige Packungsbeilage<\/em><\/small><\/p>\n<p>Viel mehr ist dazu auch nicht zu sagen: Ungeachtet der absoluten oder relativen Anzahl an Sprecherinnen funktionieren Mehrsprachigkeitsmodelle weltweit. Nur wo \u2014 wie in Italien bzw. <a title=\"Packungsbeilagen: Gesetz als Placebo.\" href=\"http:\/\/www.brennerbasisdemokratie.eu\/?p=19725\">in S\u00fcdtirol<\/a> \u2014 kein politischer Wille besteht, Recht tats\u00e4chlich zu exekutieren, haben die Interessen der St\u00e4rkeren (also der Pharmariesen) Vorrang vor jenen der B\u00fcrgerinnen.<\/p>\n<p><strong><span style=\"font-family: Helvetica, Arial, sans-serif; text-transform: uppercase;\">C\u00ebla enghe:<\/span><\/strong> <a title=\"Ukraine: Medikamente zweisprachig.\" href=\"http:\/\/www.brennerbasisdemokratie.eu\/?p=25360\"><code>01<\/code><\/a> <a title=\"Packungsbeilagen: Urz\u00ec daf\u00fcr, SVP dagegen.\" href=\"http:\/\/www.brennerbasisdemokratie.eu\/?p=27478\"><code>02<\/code><\/a> <a title=\"Die SVP und die Fassadensprache.\" href=\"http:\/\/www.brennerbasisdemokratie.eu\/?p=13892\"><code>03<\/code><\/a> <a title=\"Das Land braucht eine (echte) Sprachstelle!\" href=\"http:\/\/www.brennerbasisdemokratie.eu\/?p=34390\"><code>04<\/code><\/a> <span style=\"font-family: Helvetica, Arial, sans-serif; font-weight: normal;\">||<\/span> <a title=\"In Svizzera medicinali trilingui.\" href=\"https:\/\/www.brennerbasisdemokratie.eu\/?p=88635\"><span style=\"color: #ff8c00\"><code>01<\/code><\/span><\/a> <a title=\"Lungodegenti, fondamentale la concordanza linguistica.\" href=\"https:\/\/www.brennerbasisdemokratie.eu\/?p=90078\"><span style=\"color: #ff8c00\"><code>02<\/code><\/span><\/a><\/p>","protected":false},"excerpt":{"rendered":"<p>Vor einigen Wochen hatte ich die Gelegenheit, Qu\u00e9bec und Ontario zu bereisen und mir dabei auch ein Bild von der dort herrschenden Sprachpolitik zu machen. Unter anderem habe ich mich hierzu in eine Apotheke begeben und ein Medikament gekauft. Zweisprachige Au\u00dfenverpackung Und anders als in S\u00fcdtirol wird \u2014 you guessed it \u2014 die gesetzlich vorgeschriebene [&hellip;]<\/p>","protected":false},"author":1,"featured_media":0,"comment_status":"open","ping_status":"open","sticky":false,"template":"","format":"standard","meta":{"_crdt_document":"","ngg_post_thumbnail":0,"_jetpack_memberships_contains_paid_content":false,"footnotes":""},"categories":[1],"tags":[],"class_list":["post-43140","post","type-post","status-publish","format-standard","hentry","category-allgemein","issue-good-practices","issue-packungsbeilagen","location-canada","location-suomi","location-quebec","location-sudtirolo","location-svizra","language-deutsch","topic-comparatio","topic-gesundheit","topic-plurilinguism","topic-politik","topic-recht","topic-sprachpolitik","topic-verbraucherinnen","topic-vorzeigeautonomie","topic-wirtschaft"],"jetpack_featured_media_url":"","jetpack_sharing_enabled":true,"_links":{"self":[{"href":"https:\/\/www.brennerbasisdemokratie.eu\/index.php?rest_route=\/wp\/v2\/posts\/43140","targetHints":{"allow":["GET"]}}],"collection":[{"href":"https:\/\/www.brennerbasisdemokratie.eu\/index.php?rest_route=\/wp\/v2\/posts"}],"about":[{"href":"https:\/\/www.brennerbasisdemokratie.eu\/index.php?rest_route=\/wp\/v2\/types\/post"}],"author":[{"embeddable":true,"href":"https:\/\/www.brennerbasisdemokratie.eu\/index.php?rest_route=\/wp\/v2\/users\/1"}],"replies":[{"embeddable":true,"href":"https:\/\/www.brennerbasisdemokratie.eu\/index.php?rest_route=%2Fwp%2Fv2%2Fcomments&post=43140"}],"version-history":[{"count":14,"href":"https:\/\/www.brennerbasisdemokratie.eu\/index.php?rest_route=\/wp\/v2\/posts\/43140\/revisions"}],"predecessor-version":[{"id":90083,"href":"https:\/\/www.brennerbasisdemokratie.eu\/index.php?rest_route=\/wp\/v2\/posts\/43140\/revisions\/90083"}],"wp:attachment":[{"href":"https:\/\/www.brennerbasisdemokratie.eu\/index.php?rest_route=%2Fwp%2Fv2%2Fmedia&parent=43140"}],"wp:term":[{"taxonomy":"category","embeddable":true,"href":"https:\/\/www.brennerbasisdemokratie.eu\/index.php?rest_route=%2Fwp%2Fv2%2Fcategories&post=43140"},{"taxonomy":"post_tag","embeddable":true,"href":"https:\/\/www.brennerbasisdemokratie.eu\/index.php?rest_route=%2Fwp%2Fv2%2Ftags&post=43140"}],"curies":[{"name":"wp","href":"https:\/\/api.w.org\/{rel}","templated":true}]}}