{"id":43190,"date":"2018-10-14T00:24:44","date_gmt":"2018-10-13T22:24:44","guid":{"rendered":"http:\/\/www.brennerbasisdemokratie.eu\/?p=43190"},"modified":"2022-08-23T16:10:51","modified_gmt":"2022-08-23T14:10:51","slug":"hannah-arendt-uber-den-nationalstaat","status":"publish","type":"post","link":"https:\/\/www.brennerbasisdemokratie.eu\/?p=43190","title":{"rendered":"Hannah Arendt \u00fcber den Nationalstaat."},"content":{"rendered":"<blockquote><p>Die Lebensunf\u00e4higkeit gerade dieser Staatsform \u2013 und die Form scheitert an Fragen des Lebens, denn das sind alle wirtschaftlichen Fragen, wenn Sie sie recht betrachten \u2013 in der modernen Welt ist l\u00e4ngst erwiesen, und je l\u00e4nger man an ihr festh\u00e4lt, umso b\u00f6ser und r\u00fccksichtsloser werden sich die Pervertierungen nicht nur des Nationalstaats, sondern auch des Nationalismus durchsetzen. Man sollte nicht vergessen, dass die totale Herrschaft vor allem auch in der Form des Hitler-Regimes, nicht zuletzt dem Zusammenbruch des Nationalstaats und der Aufl\u00f6sung der nationalen Klassengesellschaft geschuldet war. Es war im Grunde ein Zersetzungsprodukt, wenn man es rein objektiv betrachten will. Der Souver\u00e4nit\u00e4tsbegriff des Nationalstaats, der ohnehin aus dem Absolutismus stammt, ist unter heutigen Machtverh\u00e4ltnissen ein gef\u00e4hrlicher Gr\u00f6\u00dfenwahn. Die f\u00fcr den Nationalstaat typische Fremdenfeindlichkeit ist unter heutigen Verkehrs- und Bev\u00f6lkerungsbedingungen so provinziell, dass eine bewusst national orientierte Kultur sehr schnell auf den Stand der Folklore und der Heimatkunst herabsinken d\u00fcrfte. Wirkliche Demokratie aber, und das ist vielleicht in diesem Zusammenhang das Entscheidende, kann es nur geben, wo die Machtzentralisierung des Nationalstaats gebrochen ist und an ihre Stelle die dem f\u00f6derativen System eigene Diffusion der Macht in viele Machtzentren gesichert ist.<\/p><\/blockquote>\n<p><em>Hannah Arendt in ihrem Essay \u00bbWir Fl\u00fcchtlinge\u00ab.<\/em><\/p>\n<p><strong><span style=\"font-family: Helvetica, Arial, sans-serif; text-transform: uppercase;\">C\u00ebla enghe:<\/span><\/strong> <a title=\"Radikale Demokratie statt Nationalstaat.\" href=\"http:\/\/www.brennerbasisdemokratie.eu\/?p=34382\"><code>01<\/code><\/a> <a title=\"\u00bbV\u00f6lkerkerker\u00ab Nationalstaat.\" href=\"http:\/\/www.brennerbasisdemokratie.eu\/?p=33495\"><code>02<\/code><\/a> <a title=\"Einheit ohne Nationalstaat.\" href=\"http:\/\/www.brennerbasisdemokratie.eu\/?p=36958\"><code>03<\/code><\/a> <a title=\"Martin Schulz bleibt Nationalstaaten treu.\" href=\"http:\/\/www.brennerbasisdemokratie.eu\/?p=38255\"><code>04<\/code><\/a> <span style=\"font-family: Helvetica, Arial, sans-serif; font-weight: normal;\">||<\/span> <a title=\"Hinter dem Ethnopluralismus.\" href=\"http:\/\/www.brennerbasisdemokratie.eu\/?p=52541\"><span style=\"color: #ff8c00\"><code>01<\/code><\/span><\/a> <a title=\"Erziehung nach Auschwitz.\" href=\"http:\/\/www.brennerbasisdemokratie.eu\/?p=54425\"><span style=\"color: #ff8c00\"><code>02<\/code><\/span><\/a> <a href=\"https:\/\/www.brennerbasisdemokratie.eu\/?p=73800\" title=\"Die egozentrische Borniertheit des Nationalstaats.\"><span style=\"color: #ff8c00\"><code>03<\/code><\/span><\/a><\/p>","protected":false},"excerpt":{"rendered":"<p>Die Lebensunf\u00e4higkeit gerade dieser Staatsform \u2013 und die Form scheitert an Fragen des Lebens, denn das sind alle wirtschaftlichen Fragen, wenn Sie sie recht betrachten \u2013 in der modernen Welt ist l\u00e4ngst erwiesen, und je l\u00e4nger man an ihr festh\u00e4lt, umso b\u00f6ser und r\u00fccksichtsloser werden sich die Pervertierungen nicht nur des Nationalstaats, sondern auch des [&hellip;]<\/p>","protected":false},"author":1,"featured_media":0,"comment_status":"open","ping_status":"open","sticky":false,"template":"","format":"standard","meta":{"_crdt_document":"","ngg_post_thumbnail":0,"_jetpack_memberships_contains_paid_content":false,"footnotes":""},"categories":[1],"tags":[],"class_list":["post-43190","post","type-post","status-publish","format-standard","hentry","category-allgemein","issue-quotation","language-deutsch","person-hannah-arendt","topic-democrazia","topic-faschismen","topic-foederalismus","topic-nationalismus","topic-politik","topic-publikationen","topic-racism"],"jetpack_featured_media_url":"","jetpack_sharing_enabled":true,"_links":{"self":[{"href":"https:\/\/www.brennerbasisdemokratie.eu\/index.php?rest_route=\/wp\/v2\/posts\/43190","targetHints":{"allow":["GET"]}}],"collection":[{"href":"https:\/\/www.brennerbasisdemokratie.eu\/index.php?rest_route=\/wp\/v2\/posts"}],"about":[{"href":"https:\/\/www.brennerbasisdemokratie.eu\/index.php?rest_route=\/wp\/v2\/types\/post"}],"author":[{"embeddable":true,"href":"https:\/\/www.brennerbasisdemokratie.eu\/index.php?rest_route=\/wp\/v2\/users\/1"}],"replies":[{"embeddable":true,"href":"https:\/\/www.brennerbasisdemokratie.eu\/index.php?rest_route=%2Fwp%2Fv2%2Fcomments&post=43190"}],"version-history":[{"count":7,"href":"https:\/\/www.brennerbasisdemokratie.eu\/index.php?rest_route=\/wp\/v2\/posts\/43190\/revisions"}],"predecessor-version":[{"id":73859,"href":"https:\/\/www.brennerbasisdemokratie.eu\/index.php?rest_route=\/wp\/v2\/posts\/43190\/revisions\/73859"}],"wp:attachment":[{"href":"https:\/\/www.brennerbasisdemokratie.eu\/index.php?rest_route=%2Fwp%2Fv2%2Fmedia&parent=43190"}],"wp:term":[{"taxonomy":"category","embeddable":true,"href":"https:\/\/www.brennerbasisdemokratie.eu\/index.php?rest_route=%2Fwp%2Fv2%2Fcategories&post=43190"},{"taxonomy":"post_tag","embeddable":true,"href":"https:\/\/www.brennerbasisdemokratie.eu\/index.php?rest_route=%2Fwp%2Fv2%2Ftags&post=43190"}],"curies":[{"name":"wp","href":"https:\/\/api.w.org\/{rel}","templated":true}]}}