{"id":4327,"date":"2010-02-07T14:41:51","date_gmt":"2010-02-07T13:41:51","guid":{"rendered":"http:\/\/www.brennerbasisdemokratie.eu\/?p=4327"},"modified":"2022-04-26T12:17:43","modified_gmt":"2022-04-26T10:17:43","slug":"endlich-die-alpini-kommen","status":"publish","type":"post","link":"https:\/\/www.brennerbasisdemokratie.eu\/?p=4327","title":{"rendered":"Endlich: Die Alpini kommen!"},"content":{"rendered":"<blockquote><p><img loading=\"lazy\" decoding=\"async\" class=\"size-full wp-image-4353 aligncenter\" title=\"ANA.\" src=\"http:\/\/www.brennerbasisdemokratie.eu\/wp-content\/uploads\/2010\/02\/ana.gif\" alt=\"ANA.\" width=\"162\" height=\"160\" srcset=\"https:\/\/www.brennerbasisdemokratie.eu\/wp-content\/uploads\/2010\/02\/ana.gif 270w, https:\/\/www.brennerbasisdemokratie.eu\/wp-content\/uploads\/2010\/02\/ana-150x148.gif 150w\" sizes=\"auto, (max-width: 162px) 100vw, 162px\" \/><\/p><\/blockquote>\n<p>Eine Orgie von nicht weniger als 400.000 Soldaten und Ex-Soldaten wird sich 2012 \u00fcber die Landeshauptstadt ergie\u00dfen. Wie jetzt <span style=\"text-decoration: line-through;\">beschlossen<\/span> vorentschieden wurde, soll dann n\u00e4mlich das Nationale Alpinitreffen in Bozen stattfinden.<\/p>\n<p>Schon 2009 h\u00e4tte S\u00fcdtirol diese zweifelhafte Ehre zuteil werden sollen, die Landesregierung wollte aber eine allzu explosive Mischung im Hoferjahr vermeiden. Nun konnte sich Bozen (gegen Pordenone) aber mit knapper Mehrheit als Austragungsort f\u00fcr das \u00fcbern\u00e4chste Jahr durchsetzen. Landtagsvizepr\u00e4sident Minniti von Berlusconis PDL jubelt, auch Christian Tommasini von den <em>Demokraten<\/em> freut sich. Zustandegekommen ist dieser einmalige Erfolg aber dank eines Briefes, den niemand anderes als Landeshauptmann Durnwalder an die Alpinileitung geschickt hat, wie der Bozner ANA-Vorsitzende Scafariello stolz berichtet. Das sei der ausschlaggebende Pluspunkt der S\u00fcdtiroler Bewerbung gewesen.<\/p>\n<p>In diesem Brief m\u00fcssen wohl die gro\u00dfe Ungeduld und Vorfreude der S\u00fcdtiroler Bev\u00f6lkerung zur Sprache gekommen sein, das Land nach mehreren Jahrzehnten endlich wieder militarisiert zu sehen. So viele Alpini \u2014 ungef\u00e4hr einen f\u00fcr jede zivile Einwohnerin S\u00fcdtirols \u2014 hatte es bei uns wohl lang nicht mehr gegeben. Und das ist \u00e4u\u00dferst schade.<\/p>\n<p style=\"padding-left: 30px;\">Da passt es freilich schlecht ins Bild, dass das vierte Armeekorps noch in diesem Jahr die <em>Huber<\/em>-Kaserne in Bozen r\u00e4umen und nach Verona umziehen soll, wie schon seit langem geplant. Die freiwerdenden Areale sollen ans Land \u00fcbergehen und von der Gemeinde als Wohnbauareal genutzt werden. Alessandro Urz\u00ec und Michaela Biancofiore (beide PDL) sehen jedoch zum wiederholten Mal die <em>Italianit\u00e0<\/em> gef\u00e4hrdet: Zum einen w\u00fcrden zahlreiche wohlintegrierte Familien wegziehen, zum anderen identifizierten sich die S\u00fcdtirolerinnen nun einmal mit ihren hei\u00dfgeliebten Gebirgsj\u00e4gern. So k\u00fcndigten die beiden Politikerinnen Gegenma\u00dfnahmen an: Urz\u00ec schrieb dem Verteidigungsminister, w\u00e4hrend Biancofiore sich mit dem zust\u00e4ndigen Unterstaatssekret\u00e4r treffen will. Hoffentlich, hoffentlich ist ihr Einsatz nicht vergeblich. Der Landeshauptmann schreibt sicher gerne einen Brief.<\/p>\n<p><strong><span style=\"font-family: Helvetica, Arial, sans-serif; text-transform: uppercase;\">C\u00ebla enghe:<\/span><\/strong> <a title=\"Willkommen, Alpini!\" href=\"http:\/\/www.brennerbasisdemokratie.eu\/?p=642\"><code>01<\/code><\/a> <a title=\"Die Verwurzelung der Alpini.\" href=\"http:\/\/www.brennerbasisdemokratie.eu\/?p=10336\"><code>02<\/code><\/a><\/p>","protected":false},"excerpt":{"rendered":"<p>Eine Orgie von nicht weniger als 400.000 Soldaten und Ex-Soldaten wird sich 2012 \u00fcber die Landeshauptstadt ergie\u00dfen. Wie jetzt beschlossen vorentschieden wurde, soll dann n\u00e4mlich das Nationale Alpinitreffen in Bozen stattfinden. Schon 2009 h\u00e4tte S\u00fcdtirol diese zweifelhafte Ehre zuteil werden sollen, die Landesregierung wollte aber eine allzu explosive Mischung im Hoferjahr vermeiden. Nun konnte sich [&hellip;]<\/p>","protected":false},"author":1,"featured_media":0,"comment_status":"open","ping_status":"open","sticky":false,"template":"","format":"standard","meta":{"_crdt_document":"","ngg_post_thumbnail":0,"_jetpack_memberships_contains_paid_content":false,"footnotes":""},"categories":[1],"tags":[],"class_list":["post-4327","post","type-post","status-publish","format-standard","hentry","category-allgemein","entity-alpini","entity-ana","entity-pd","entity-pdl","location-sudtirolo","language-deutsch","person-alessandro-urzi","person-christian-tommasini","person-mauro-minniti","person-michaela-biancofiore","topic-militar","topic-politik","topic-satire"],"jetpack_featured_media_url":"","jetpack_sharing_enabled":true,"_links":{"self":[{"href":"https:\/\/www.brennerbasisdemokratie.eu\/index.php?rest_route=\/wp\/v2\/posts\/4327","targetHints":{"allow":["GET"]}}],"collection":[{"href":"https:\/\/www.brennerbasisdemokratie.eu\/index.php?rest_route=\/wp\/v2\/posts"}],"about":[{"href":"https:\/\/www.brennerbasisdemokratie.eu\/index.php?rest_route=\/wp\/v2\/types\/post"}],"author":[{"embeddable":true,"href":"https:\/\/www.brennerbasisdemokratie.eu\/index.php?rest_route=\/wp\/v2\/users\/1"}],"replies":[{"embeddable":true,"href":"https:\/\/www.brennerbasisdemokratie.eu\/index.php?rest_route=%2Fwp%2Fv2%2Fcomments&post=4327"}],"version-history":[{"count":28,"href":"https:\/\/www.brennerbasisdemokratie.eu\/index.php?rest_route=\/wp\/v2\/posts\/4327\/revisions"}],"predecessor-version":[{"id":66864,"href":"https:\/\/www.brennerbasisdemokratie.eu\/index.php?rest_route=\/wp\/v2\/posts\/4327\/revisions\/66864"}],"wp:attachment":[{"href":"https:\/\/www.brennerbasisdemokratie.eu\/index.php?rest_route=%2Fwp%2Fv2%2Fmedia&parent=4327"}],"wp:term":[{"taxonomy":"category","embeddable":true,"href":"https:\/\/www.brennerbasisdemokratie.eu\/index.php?rest_route=%2Fwp%2Fv2%2Fcategories&post=4327"},{"taxonomy":"post_tag","embeddable":true,"href":"https:\/\/www.brennerbasisdemokratie.eu\/index.php?rest_route=%2Fwp%2Fv2%2Ftags&post=4327"}],"curies":[{"name":"wp","href":"https:\/\/api.w.org\/{rel}","templated":true}]}}