{"id":4378,"date":"2010-02-13T00:43:49","date_gmt":"2010-02-12T23:43:49","guid":{"rendered":"http:\/\/www.brennerbasisdemokratie.eu\/?p=4378"},"modified":"2026-01-27T18:27:18","modified_gmt":"2026-01-27T17:27:18","slug":"smg-%c2%bbalto-adige-nicht-tirol%c2%ab","status":"publish","type":"post","link":"https:\/\/www.brennerbasisdemokratie.eu\/?p=4378","title":{"rendered":"SMG verh\u00e4ngt Tirol-Verbot."},"content":{"rendered":"<blockquote><p><img loading=\"lazy\" decoding=\"async\" class=\" size-full wp-image-4379 aligncenter\" title=\"Facebook SMG.\" src=\"http:\/\/www.brennerbasisdemokratie.eu\/wp-content\/uploads\/2010\/02\/fb_smg.png\" alt=\"Facebook SMG.\" width=\"450\" height=\"139\" srcset=\"https:\/\/www.brennerbasisdemokratie.eu\/wp-content\/uploads\/2010\/02\/fb_smg.png 450w, https:\/\/www.brennerbasisdemokratie.eu\/wp-content\/uploads\/2010\/02\/fb_smg-150x46.png 150w, https:\/\/www.brennerbasisdemokratie.eu\/wp-content\/uploads\/2010\/02\/fb_smg-300x92.png 300w\" sizes=\"auto, (max-width: 450px) 100vw, 450px\" \/><\/p><\/blockquote>\n<p>Auf Hinweis von Kommentator Hansi ein Auszug aus der <a title=\"FB: S\u00fcdtirol Marketing.\" href=\"http:\/\/www.facebook.com\/altoadige.suedtirol\" target=\"_blank\" rel=\"noopener noreferrer\"><em>Facebook<\/em>-Seite der <em>S\u00fcdtirol Marketing Gesellschaft<\/em> (SMG)<\/a>: Roberta<sup class=\"modern-footnotes-footnote modern-footnotes-footnote--hover-on-desktop \" data-mfn=\"1\" data-mfn-post-scope=\"00000000000007e30000000000000000_4378\"><a href=\"javascript:void(0)\"  role=\"button\" aria-pressed=\"false\" aria-describedby=\"mfn-content-00000000000007e30000000000000000_4378-1\">1<\/a><\/sup><span id=\"mfn-content-00000000000007e30000000000000000_4378-1\" role=\"tooltip\" class=\"modern-footnotes-footnote__note\" tabindex=\"0\" data-mfn=\"1\">Foto und Nachname von mir geschw\u00e4rzt.<\/span> postet, sie vermisse die Tiroler Berge \u2014 und wird prompt von der SMG (mit dem Benutzernamen \u00bbS\u00fcdtirol-Alto Adige\u00ab) zurechtgewiesen. Es hei\u00dfe doch <em>A. Adige!<\/em><\/p>\n<p style=\"text-align: center;\"><hr class=\"dotted-hr\" style=\"height: 4px; width: 100%; border: none; margin-top: 0em; margin-bottom: 0em; background-color: black;\"\/><\/p>\n<p>Vor mehreren Jahren hatte ich die Tourismusabteilungen aller Tiroler Landesteile angeschrieben und nachgefragt, warum man als Euregio im Tourismus nicht zusammenarbeite. Eine Antwort habe ich nur aus Innsbruck erhalten, und die war ungew\u00f6hnlich offen: Man habe schon des \u00d6fteren angeregt, sich vor allem au\u00dferhalb der Kernm\u00e4rkte Italien und Deutschland gemeinsam zu vermarkten. Die Reaktionen aus S\u00fcdtirol seien aber immer zur\u00fcckhaltend bis abweisend gewesen.<\/p>\n<p>Mit etwas Gl\u00fcck kann ich die damalige Mail noch auftreiben und hier im Wortlaut ver\u00f6ffentlichen.<\/p>\n<p><strong><span style=\"font-family: Helvetica, Arial, sans-serif; text-transform: uppercase;\">C\u00ebla enghe:<\/span><\/strong> <a title=\"Tourismus: Europaregion\u2026 kaputt.\" href=\"http:\/\/www.brennerbasisdemokratie.eu\/?p=28908\"><span style=\"color: #ff8c00\"><code>01<\/code><\/span><\/a> <a title=\"Der Kulturfrevel ist hausgemacht.\" href=\"https:\/\/www.brennerbasisdemokratie.eu\/?p=78842\"><span style=\"color: #ff8c00\"><code>02<\/code><\/span><\/a> <a title=\"Tirol Werbung \u2013 impossible to understand.\" href=\"https:\/\/www.brennerbasisdemokratie.eu\/?p=97616\"><span style=\"color: #ff8c00\"><code>03<\/code><\/span><\/a><\/p>\n<ul class=\"modern-footnotes-list modern-footnotes-list--show-only-for-print\"><li><span>1<\/span><div>Foto und Nachname von mir geschw\u00e4rzt.<\/div><\/li><\/ul>","protected":false},"excerpt":{"rendered":"<p>Auf Hinweis von Kommentator Hansi ein Auszug aus der Facebook-Seite der S\u00fcdtirol Marketing Gesellschaft (SMG): Roberta postet, sie vermisse die Tiroler Berge \u2014 und wird prompt von der SMG (mit dem Benutzernamen \u00bbS\u00fcdtirol-Alto Adige\u00ab) zurechtgewiesen. Es hei\u00dfe doch A. Adige! Vor mehreren Jahren hatte ich die Tourismusabteilungen aller Tiroler Landesteile angeschrieben und nachgefragt, warum man [&hellip;]<\/p>","protected":false},"author":1,"featured_media":0,"comment_status":"open","ping_status":"open","sticky":false,"template":"","format":"standard","meta":{"_crdt_document":"","ngg_post_thumbnail":0,"_jetpack_memberships_contains_paid_content":false,"footnotes":""},"categories":[1],"tags":[],"class_list":["post-4378","post","type-post","status-publish","format-standard","hentry","category-allgemein","entity-euregio","entity-idm","location-sudtirolo","location-tirol","language-deutsch","medium-socialmedia","topic-ortsnamen","topic-tech_com","topic-tourismus","topic-wirtschaft"],"jetpack_featured_media_url":"","jetpack_sharing_enabled":true,"_links":{"self":[{"href":"https:\/\/www.brennerbasisdemokratie.eu\/index.php?rest_route=\/wp\/v2\/posts\/4378","targetHints":{"allow":["GET"]}}],"collection":[{"href":"https:\/\/www.brennerbasisdemokratie.eu\/index.php?rest_route=\/wp\/v2\/posts"}],"about":[{"href":"https:\/\/www.brennerbasisdemokratie.eu\/index.php?rest_route=\/wp\/v2\/types\/post"}],"author":[{"embeddable":true,"href":"https:\/\/www.brennerbasisdemokratie.eu\/index.php?rest_route=\/wp\/v2\/users\/1"}],"replies":[{"embeddable":true,"href":"https:\/\/www.brennerbasisdemokratie.eu\/index.php?rest_route=%2Fwp%2Fv2%2Fcomments&post=4378"}],"version-history":[{"count":26,"href":"https:\/\/www.brennerbasisdemokratie.eu\/index.php?rest_route=\/wp\/v2\/posts\/4378\/revisions"}],"predecessor-version":[{"id":97645,"href":"https:\/\/www.brennerbasisdemokratie.eu\/index.php?rest_route=\/wp\/v2\/posts\/4378\/revisions\/97645"}],"wp:attachment":[{"href":"https:\/\/www.brennerbasisdemokratie.eu\/index.php?rest_route=%2Fwp%2Fv2%2Fmedia&parent=4378"}],"wp:term":[{"taxonomy":"category","embeddable":true,"href":"https:\/\/www.brennerbasisdemokratie.eu\/index.php?rest_route=%2Fwp%2Fv2%2Fcategories&post=4378"},{"taxonomy":"post_tag","embeddable":true,"href":"https:\/\/www.brennerbasisdemokratie.eu\/index.php?rest_route=%2Fwp%2Fv2%2Ftags&post=4378"}],"curies":[{"name":"wp","href":"https:\/\/api.w.org\/{rel}","templated":true}]}}