{"id":43975,"date":"2018-11-09T18:04:59","date_gmt":"2018-11-09T17:04:59","guid":{"rendered":"http:\/\/www.brennerbasisdemokratie.eu\/?p=43975"},"modified":"2025-11-11T20:02:41","modified_gmt":"2025-11-11T19:02:41","slug":"provocazioni-razziste-e-xenofobe","status":"publish","type":"post","link":"https:\/\/www.brennerbasisdemokratie.eu\/?p=43975","title":{"rendered":"\u00abProvocazioni razziste e xenofobe.\u00bb"},"content":{"rendered":"<p>A un lettore, Roberto Fabbro, che fra le altre cose in una lettera farneticante scrive che<\/p>\n<ul>\n<li>\u00abpassando davanti al Monumento alla Vittoria o al bassorilievo di Piffrader\u00bb non si dovrebbero vedere offese \u00abma solo opere artistiche di indiscutibile bellezza che andrebbero tutelate dalla stupidit\u00e0 umana\u00bb;<\/li>\n<li>lo statuto di autonomia prevedrebbe \u00abl&#8217;italiano come prima lingua\u00bb (il che \u00e8 falso) ma \u00abaprendo qualsiasi sito pubblico si trovano le definizioni (sic) prima in tedesco e poi in italiano\u00bb (il che \u00e8 altrettanto falso);<\/li>\n<li>\u00abcome cattolico convinto della riappacificazione, mi dispiace e mi imbarazza dover mettere sullo stesso piano la richiesta del Vescovo\u00bb <a title=\"Ivo Muser: non parliamo di vittoria.\" href=\"http:\/\/www.brennerbasisdemokratie.eu\/?p=43641\">di rinominare piazza della Vittoria<\/a> in piazza della Pace e la stupida \u00abiniziativa dello Heimatbund, <strong>entrambe provocazioni razziste e xenofobe<\/strong>\u00bb;<\/li>\n<li>\u00abCi\u00f2 che \u00e8 stato fatto negli ultimi quarant&#8217;anni \u00e8 opportunismo politico, \u00e8 apartheid allo stato puro, \u00e8 odio nei confronti di tutto ci\u00f2 che \u00e8 italiano, \u00e8 convivenza a senso unico. Il rispetto \u00e8 dovuto solo ad una etnia, e solo in questa direzione si guarda.\u00bb<\/li>\n<li>la decisione del sindaco di Bolzano Caramaschi di non riposizionare lupa romana e leone di San Marco prima delle celebrazioni del 4 novembre (alla luce di tutto ci\u00f2) non \u00e8 sensibilit\u00e0, ma accondiscenza<\/li>\n<\/ul>\n<p>e infine lancia la divertentissima \u00abprovocazione\u00bb di cambiare<\/p>\n<blockquote><p>il nome da Bolzano a Pretoria del Nord. Tutto sommato in questa provincia, in quanto ad apartheid, non abbiamo niente da imparare da nessuno.<\/p><\/blockquote>\n<p>il direttore del quotidiano <em>A. Adige<\/em> Alberto Faustini (<a title=\"Ist das der Widerstand?\" href=\"http:\/\/www.brennerbasisdemokratie.eu\/?p=40759\">colui che va ai festival delle resistenze<\/a> a parlare di non so che) risponde cos\u00ec:<\/p>\n<blockquote><p>La sua provocazione finale \u00e8 eccessiva, ma il resto del suo ragionamento merita rispetto e attenzione (e anche una risposta del sindaco). Anch&#8217;io speravo che il 4 novembre potesse diventare la \u201cfesta\u201d di tutti. [\u2026]<\/p><\/blockquote>\n<p>E perch\u00e9 lo sperava davvero molto, il giorno prima sbatteva in prima pagina al suo giornale <a title=\"Vittoria ribadita e rivendicata.\" href=\"http:\/\/www.brennerbasisdemokratie.eu\/?p=43842\">un fondo in cui la vittoria (anzi: la Vittoria) veniva ribadita e rivendicata.<\/a><\/p>\n<p><strong><span style=\"font-family: Helvetica, Arial, sans-serif; text-transform: uppercase;\">C\u00ebla enghe:<\/span><\/strong> <a title=\"Wenter, il doppiopesismo di Faustini.\" href=\"http:\/\/www.brennerbasisdemokratie.eu\/?p=22040\"><code>01<\/code><\/a> <a title=\"Solo il braccio di un tifoso\u2026\" href=\"http:\/\/www.brennerbasisdemokratie.eu\/?p=31412\"><code>02<\/code><\/a> <a title=\"Gli antifascisti degli altri.\" href=\"http:\/\/www.brennerbasisdemokratie.eu\/?p=34114\"><code>03<\/code><\/a> <a title=\"Le \u00abbelle\u00bb disquisizioni su Cadorna.\" href=\"http:\/\/www.brennerbasisdemokratie.eu\/?p=25836\"><code>04<\/code><\/a> <a title=\"Ipocrisie \u00abnazionali\u00bb sulle spalle dei profughi.\" href=\"http:\/\/www.brennerbasisdemokratie.eu\/?p=25178\"><code>05<\/code><\/a> <a title=\"L\u2019A. Adige e il bilinguismo degli altri.\" href=\"http:\/\/www.brennerbasisdemokratie.eu\/?p=14458\"><code>06<\/code><\/a> <a title=\"Strani inviti.\" href=\"http:\/\/www.brennerbasisdemokratie.eu\/?p=11221\"><code>07<\/code><\/a> <a title=\"Bonazza im \u2018CineForum\u2019.\" href=\"http:\/\/www.brennerbasisdemokratie.eu\/?p=10341\"><code>08<\/code><\/a> <span style=\"font-family: Helvetica, Arial, sans-serif; font-weight: normal;\">||<\/span> <a title=\"Bozen: Faschistinnen markierten Stra\u00dfennamen.\" href=\"https:\/\/www.brennerbasisdemokratie.eu\/?p=96040\"><span style=\"color: #ff8c00\"><code>01<\/code><\/span><\/a><\/p>","protected":false},"excerpt":{"rendered":"<p>A un lettore, Roberto Fabbro, che fra le altre cose in una lettera farneticante scrive che \u00abpassando davanti al Monumento alla Vittoria o al bassorilievo di Piffrader\u00bb non si dovrebbero vedere offese \u00abma solo opere artistiche di indiscutibile bellezza che andrebbero tutelate dalla stupidit\u00e0 umana\u00bb; lo statuto di autonomia prevedrebbe \u00abl&#8217;italiano come prima lingua\u00bb (il [&hellip;]<\/p>","protected":false},"author":1,"featured_media":0,"comment_status":"open","ping_status":"open","sticky":false,"template":"","format":"standard","meta":{"_crdt_document":"","ngg_post_thumbnail":0,"_jetpack_memberships_contains_paid_content":false,"footnotes":""},"categories":[1],"tags":[],"class_list":["post-43975","post","type-post","status-publish","format-standard","hentry","category-allgemein","issue-faschistische-relikte","issue-medienkritik","issue-zitac","location-sudtirolo","language-italiano","medium-aa","person-alberto-faustini","person-renzo-caramaschi","topic-faschismen","topic-kohasion","topic-medien","topic-militar","topic-nationalismus","topic-plurilinguism","topic-politik","topic-racism","topic-religiun"],"jetpack_featured_media_url":"","jetpack_sharing_enabled":true,"_links":{"self":[{"href":"https:\/\/www.brennerbasisdemokratie.eu\/index.php?rest_route=\/wp\/v2\/posts\/43975","targetHints":{"allow":["GET"]}}],"collection":[{"href":"https:\/\/www.brennerbasisdemokratie.eu\/index.php?rest_route=\/wp\/v2\/posts"}],"about":[{"href":"https:\/\/www.brennerbasisdemokratie.eu\/index.php?rest_route=\/wp\/v2\/types\/post"}],"author":[{"embeddable":true,"href":"https:\/\/www.brennerbasisdemokratie.eu\/index.php?rest_route=\/wp\/v2\/users\/1"}],"replies":[{"embeddable":true,"href":"https:\/\/www.brennerbasisdemokratie.eu\/index.php?rest_route=%2Fwp%2Fv2%2Fcomments&post=43975"}],"version-history":[{"count":3,"href":"https:\/\/www.brennerbasisdemokratie.eu\/index.php?rest_route=\/wp\/v2\/posts\/43975\/revisions"}],"predecessor-version":[{"id":96073,"href":"https:\/\/www.brennerbasisdemokratie.eu\/index.php?rest_route=\/wp\/v2\/posts\/43975\/revisions\/96073"}],"wp:attachment":[{"href":"https:\/\/www.brennerbasisdemokratie.eu\/index.php?rest_route=%2Fwp%2Fv2%2Fmedia&parent=43975"}],"wp:term":[{"taxonomy":"category","embeddable":true,"href":"https:\/\/www.brennerbasisdemokratie.eu\/index.php?rest_route=%2Fwp%2Fv2%2Fcategories&post=43975"},{"taxonomy":"post_tag","embeddable":true,"href":"https:\/\/www.brennerbasisdemokratie.eu\/index.php?rest_route=%2Fwp%2Fv2%2Ftags&post=43975"}],"curies":[{"name":"wp","href":"https:\/\/api.w.org\/{rel}","templated":true}]}}