{"id":44,"date":"2005-02-02T16:11:22","date_gmt":"2005-02-02T15:11:22","guid":{"rendered":"http:\/\/www.selbstbestimmung.net\/?p=44"},"modified":"2020-01-25T11:47:06","modified_gmt":"2020-01-25T10:47:06","slug":"selfdetermination","status":"publish","type":"post","link":"https:\/\/www.brennerbasisdemokratie.eu\/?p=44","title":{"rendered":"Selfdetermination."},"content":{"rendered":"<p>Dieses Projekt nimmt im <em>ff<\/em>-Forum <a title=\"ff-Forumsthread.\" href=\"http:\/\/www.ff-online.com\/forum\/read.php?f=6&amp;amp;i=34670&amp;amp;t=34670\" target=\"_blank\" rel=\"noopener noreferrer\">(und zwar hier)<\/a> seinen unmittelbaren Anfang, obschon ihm bereits handfeste Diskussionen vorangegangen sind. Dabei haben wir einen Konsens festgestellt, der \u00fcber die Sprachgruppen und politischen Grenzen hinweg verl\u00e4uft und zu einer gesunden Diskussion in bester basisdemokratischer Tradition beitragen k\u00f6nnte. Dieses Blog f\u00fchlt sich ebendieser Idee verpflichtet und steht jeder bzw. jedem offen, die\/der zur Ausarbeitung und zum Reifungsproze\u00df dieses Projektes beitragen m\u00f6chte.<\/p>\n<p>Um Gesagtes jedoch nicht zu wiederholen, werde ich zun\u00e4chst die Beitr\u00e4ge aus dem Forum hierher \u00fcbertragen und hoffe auf eine konstruktive Diskussion.<\/p>","protected":false},"excerpt":{"rendered":"<p>Dieses Projekt nimmt im ff-Forum (und zwar hier) seinen unmittelbaren Anfang, obschon ihm bereits handfeste Diskussionen vorangegangen sind. Dabei haben wir einen Konsens festgestellt, der \u00fcber die Sprachgruppen und politischen Grenzen hinweg verl\u00e4uft und zu einer gesunden Diskussion in bester basisdemokratischer Tradition beitragen k\u00f6nnte. Dieses Blog f\u00fchlt sich ebendieser Idee verpflichtet und steht jeder bzw. [&hellip;]<\/p>","protected":false},"author":1,"featured_media":0,"comment_status":"open","ping_status":"open","sticky":false,"template":"","format":"standard","meta":{"_crdt_document":"","ngg_post_thumbnail":0,"_jetpack_memberships_contains_paid_content":false,"footnotes":""},"categories":[1],"tags":[],"class_list":["post-44","post","type-post","status-publish","format-standard","hentry","category-allgemein","language-deutsch","medium-ff","topic-interna","topic-kohasion","topic-medien","topic-selbstbestimmung"],"jetpack_featured_media_url":"","jetpack_sharing_enabled":true,"_links":{"self":[{"href":"https:\/\/www.brennerbasisdemokratie.eu\/index.php?rest_route=\/wp\/v2\/posts\/44","targetHints":{"allow":["GET"]}}],"collection":[{"href":"https:\/\/www.brennerbasisdemokratie.eu\/index.php?rest_route=\/wp\/v2\/posts"}],"about":[{"href":"https:\/\/www.brennerbasisdemokratie.eu\/index.php?rest_route=\/wp\/v2\/types\/post"}],"author":[{"embeddable":true,"href":"https:\/\/www.brennerbasisdemokratie.eu\/index.php?rest_route=\/wp\/v2\/users\/1"}],"replies":[{"embeddable":true,"href":"https:\/\/www.brennerbasisdemokratie.eu\/index.php?rest_route=%2Fwp%2Fv2%2Fcomments&post=44"}],"version-history":[{"count":6,"href":"https:\/\/www.brennerbasisdemokratie.eu\/index.php?rest_route=\/wp\/v2\/posts\/44\/revisions"}],"predecessor-version":[{"id":54359,"href":"https:\/\/www.brennerbasisdemokratie.eu\/index.php?rest_route=\/wp\/v2\/posts\/44\/revisions\/54359"}],"wp:attachment":[{"href":"https:\/\/www.brennerbasisdemokratie.eu\/index.php?rest_route=%2Fwp%2Fv2%2Fmedia&parent=44"}],"wp:term":[{"taxonomy":"category","embeddable":true,"href":"https:\/\/www.brennerbasisdemokratie.eu\/index.php?rest_route=%2Fwp%2Fv2%2Fcategories&post=44"},{"taxonomy":"post_tag","embeddable":true,"href":"https:\/\/www.brennerbasisdemokratie.eu\/index.php?rest_route=%2Fwp%2Fv2%2Ftags&post=44"}],"curies":[{"name":"wp","href":"https:\/\/api.w.org\/{rel}","templated":true}]}}