{"id":44056,"date":"2018-11-14T21:41:01","date_gmt":"2018-11-14T20:41:01","guid":{"rendered":"http:\/\/www.brennerbasisdemokratie.eu\/?p=44056"},"modified":"2024-03-21T11:55:40","modified_gmt":"2024-03-21T10:55:40","slug":"emport-euch-nicht","status":"publish","type":"post","link":"https:\/\/www.brennerbasisdemokratie.eu\/?p=44056","title":{"rendered":"Emp\u00f6rt euch nicht!"},"content":{"rendered":"<p><strong>Der gr\u00fcne Landtagskandidat Felix von Wohlgemuth bezeichnet den Einsatz von <img class=\"bbdlogo\" src=\"https:\/\/www.brennerbasisdemokratie.eu\/wp-content\/uploads\/bbdsmileys\/bbde.png\"> gegen Rechtsextremismus als k\u00fcnstliche Aufgeregtheit.<\/strong><\/p>\n<p>Was ist geschehen? Unter einem <em>Facebook<\/em>-Posting von Tobe Planer <em>(Gr\u00fcne),<\/em> in dem dieser sich \u00fcber die Forderung der Staatsanwaltschaft \u00e4rgert, den Fall des <abbr title=\"CasaPound Italia\">CPI<\/abbr>-Plakats archivieren zu wollen, weist ein Kommentator unter anderem auf mutma\u00dfliche Widerspr\u00fcche im Umgang der <em>Gr\u00fcnen<\/em> mit dem Faschismus hin. Auf Planers energische Abweisung dieses Vorwurfs antwortet Harald Knoflach, indem er seine Glaubw\u00fcrdigkeit und antifaschistisches Engagement ausdr\u00fccklich anerkennt \u2014 andererseits aber auch zu bedenken gibt, dass der Vorwurf nicht ganz aus der Luft gegriffen sei. Beispielhaft verweist er auf acht <img class=\"bbdlogo\" src=\"https:\/\/www.brennerbasisdemokratie.eu\/wp-content\/uploads\/bbdsmileys\/bbde.png\">-Beitr\u00e4ge, die sich auf Vorf\u00e4lle beziehen, in denen<\/p>\n<blockquote><p>die antifaschistische Grundhaltung der Gr\u00fcnen nicht wirklich durchschl\u00e4gt.<\/p>\n<p><em>\u2013 Harald Knoflach<\/em><\/p><\/blockquote>\n<p>Die antifaschistische Grundhaltung wird nicht angezweifelt, sondern bem\u00e4ngelt, dass sie in mehreren F\u00e4llen nicht gewirkt hat.<\/p>\n<p>Und hier kommt Felix von Wohlgemuth ins Spiel, demzufolge die vorgebrachten Beispiele<\/p>\n<blockquote><p>eher nach der k\u00fcnstlichen Aufgeregtheit einer StF [klingen].. sorry &#x1f609;<\/p>\n<p><em><small>\u2013 Felix von Wohlgemuth<\/small><\/em><\/p><\/blockquote>\n<p>Wie!? Bitte!? Die Kritik an CPI und am teilweise distanzlosen Umgang mit Rechtsradikalismus und -extremismus ist in den Augen eines <em>Gr\u00fcnen<\/em> nicht Grund zur Selbstreflexion, sondern nichts anderes als k\u00fcnstliche Aufregung?<\/p>\n<p>Was mich aber wirklich aufbringt, ist der Verweis auf die STF \u2014 denn da schwingt der Vorwurf der Unredlichkeit mit, als seien wir auf einem Auge blind und s\u00e4hen den Antifaschismus utilitaristisch.<\/p>\n<p>Nein, niemand muss mit unseren Analysen und Meinungen einverstanden sein. Dass wir aber zu den leider immer noch sehr wenigen Akteurinnen im Land geh\u00f6ren, die sich \u00bbpostethnisch\u00ab, also ungeachtet der jeweils daf\u00fcr verantwortlichen Sprachgruppe gegen Rechtsextremismus einsetzen, lasse ich nicht in Abrede stellen. Punkt. Auch wenn das jetzt f\u00fcr jemanden schon wieder nach k\u00fcnstlicher Aufgeregtheit klingen mag.<\/p>\n<p>Das Blogarchiv ist da, frei zug\u00e4nglich und darf im Zweifelsfall jederzeit zur \u00dcberpr\u00fcfung genutzt werden.<\/p>\n<p><strong><span style=\"font-family: Helvetica, Arial, sans-serif; text-transform: uppercase;\">C\u00ebla enghe:<\/span><\/strong>&nbsp;<a title=\"\u00bbIhr vom v\u00f6lkischen Lager\u2026\u00ab\" href=\"http:\/\/www.brennerbasisdemokratie.eu\/?p=31407\"><code>01<\/code><\/a> <a title=\"Idioten, Weltbild von vorgestern.\" href=\"http:\/\/www.brennerbasisdemokratie.eu\/?p=30488\"><code>02<\/code><\/a> <span style=\"font-family: Helvetica, Arial, sans-serif; font-weight: normal;\">||<\/span> <a title=\"Overreaction.\" href=\"https:\/\/www.brennerbasisdemokratie.eu\/?p=73541\" rel=\"\"><span style=\"color: #ff8c00\"><code>01<\/code><\/span><\/a> <a title=\"Sechserkommission: Gr\u00fcne \u00fcber Wahl von Urz\u00ec entr\u00fcstet.\" href=\"https:\/\/www.brennerbasisdemokratie.eu\/?p=77778\"><span style=\"color: #ff8c00\"><code>02<\/code><\/span><\/a><\/p>","protected":false},"excerpt":{"rendered":"<p>Der gr\u00fcne Landtagskandidat Felix von Wohlgemuth bezeichnet den Einsatz von gegen Rechtsextremismus als k\u00fcnstliche Aufgeregtheit. Was ist geschehen? Unter einem Facebook-Posting von Tobe Planer (Gr\u00fcne), in dem dieser sich \u00fcber die Forderung der Staatsanwaltschaft \u00e4rgert, den Fall des CPI-Plakats archivieren zu wollen, weist ein Kommentator unter anderem auf mutma\u00dfliche Widerspr\u00fcche im Umgang der Gr\u00fcnen mit [&hellip;]<\/p>","protected":false},"author":1,"featured_media":0,"comment_status":"open","ping_status":"open","sticky":false,"template":"","format":"standard","meta":{"_crdt_document":"","ngg_post_thumbnail":0,"_jetpack_memberships_contains_paid_content":false,"footnotes":""},"categories":[1],"tags":[],"class_list":["post-44056","post","type-post","status-publish","format-standard","hentry","category-allgemein","entity-cpi","entity-stf","entity-verc","issue-zitac","location-sudtirolo","language-deutsch","medium-socialmedia","person-felix-von-wohlgemuth","topic-faschismen","topic-interna","topic-politik"],"jetpack_featured_media_url":"","jetpack_sharing_enabled":true,"_links":{"self":[{"href":"https:\/\/www.brennerbasisdemokratie.eu\/index.php?rest_route=\/wp\/v2\/posts\/44056","targetHints":{"allow":["GET"]}}],"collection":[{"href":"https:\/\/www.brennerbasisdemokratie.eu\/index.php?rest_route=\/wp\/v2\/posts"}],"about":[{"href":"https:\/\/www.brennerbasisdemokratie.eu\/index.php?rest_route=\/wp\/v2\/types\/post"}],"author":[{"embeddable":true,"href":"https:\/\/www.brennerbasisdemokratie.eu\/index.php?rest_route=\/wp\/v2\/users\/1"}],"replies":[{"embeddable":true,"href":"https:\/\/www.brennerbasisdemokratie.eu\/index.php?rest_route=%2Fwp%2Fv2%2Fcomments&post=44056"}],"version-history":[{"count":14,"href":"https:\/\/www.brennerbasisdemokratie.eu\/index.php?rest_route=\/wp\/v2\/posts\/44056\/revisions"}],"predecessor-version":[{"id":84466,"href":"https:\/\/www.brennerbasisdemokratie.eu\/index.php?rest_route=\/wp\/v2\/posts\/44056\/revisions\/84466"}],"wp:attachment":[{"href":"https:\/\/www.brennerbasisdemokratie.eu\/index.php?rest_route=%2Fwp%2Fv2%2Fmedia&parent=44056"}],"wp:term":[{"taxonomy":"category","embeddable":true,"href":"https:\/\/www.brennerbasisdemokratie.eu\/index.php?rest_route=%2Fwp%2Fv2%2Fcategories&post=44056"},{"taxonomy":"post_tag","embeddable":true,"href":"https:\/\/www.brennerbasisdemokratie.eu\/index.php?rest_route=%2Fwp%2Fv2%2Ftags&post=44056"}],"curies":[{"name":"wp","href":"https:\/\/api.w.org\/{rel}","templated":true}]}}