{"id":44255,"date":"2018-11-27T11:58:44","date_gmt":"2018-11-27T10:58:44","guid":{"rendered":"http:\/\/www.brennerbasisdemokratie.eu\/?p=44255"},"modified":"2023-01-28T23:44:13","modified_gmt":"2023-01-28T22:44:13","slug":"neue-politische-ara","status":"publish","type":"post","link":"https:\/\/www.brennerbasisdemokratie.eu\/?p=44255","title":{"rendered":"Neue politische \u00c4ra."},"content":{"rendered":"<!-- Snippets by WebberZone Snippetz --><div class=\"ata_snippets\"><hr style=\"height: 20px; border: none; margin-top: 0em; background-color: darkred;\"\/><\/div><p><em>von der Initiative f\u00fcr mehr Demokratie<\/em><\/p>\n<p>Bisher wurde hier bei uns, trotz Demokratie und wie in den meisten &#8220;demokratischen&#8221; L\u00e4ndern, <strong>\u00fcber <\/strong>das Volk geherrscht. Ab jetzt muss <strong>mit dem Volk<\/strong> regiert werden, so wie es sich f\u00fcr eine echte Demokratie geh\u00f6rt. Mit dieser Woche ist das neue Gesetz zur Direkten Demokratie in Kraft!<\/p>\n<p>Mit dem hier erstmals vorgesehenen (best\u00e4tigenden) <strong>Referendum <\/strong>k\u00f6nnen die Stimmb\u00fcrgerInnen die Gesetzgebung des Landtages direkt kontrollieren. Das hei\u00dft vor allem, dass die politische Vertretung von nun ab wei\u00df, dass jederzeit das Referendum gegen ein von ihr verabschiedetes Gesetz ergriffen werden kann (bevor das Gesetz in Kraft tritt). Und sie k\u00f6nnen mit dem Instrument der <strong>Volksinitiative<\/strong> per Volksabstimmung neue Gesetze beschlie\u00dfen, bestehende ab\u00e4ndern oder abschaffen.<\/p>\n<p>Entscheidend sind die <strong>jetzt anwendbar gewordenen Regeln<\/strong>. Das war bisher mit dem 40% Beteiligungsquorum nicht der Fall. Es ist jetzt auf 25% gesenkt. Die Anzahl der n\u00f6tigen Unterschriften, um eine Volksabstimmung zu erwirken, ist zwar gleich geblieben wie bisher, sie h\u00e4tte aber, wie es im Gesetzentwurf urspr\u00fcnglich vorgesehen war, abgesenkt werden sollen. Sie ist, wenn auch nicht un\u00fcberwindlich, besonders f\u00fcr neue Themen zu hoch. Immerhin ist die Sammelzeit auf sechs Monate verl\u00e4ngert worden.<\/p>\n<p><strong>Vieles fehlt<\/strong> noch in diesem Gesetz. Vor allem die M\u00f6glichkeit, auch Beschl\u00fcsse der Landesregierung der Volksabstimmung unterwerfen zu k\u00f6nnen (war ebenso im Gesetzentwurf vorgesehen) und die M\u00f6glichkeit f\u00fcr den Landtag, einen Gegenentwurf mit zur Abstimmung zu bringen. Und <strong>vieles bleibt zu verbessern<\/strong>, vor allem die Unterschriftenh\u00fcrde und das Verfahren der Unterschriftensammlung.<br \/>\nDoch das Entscheidende jetzt ist, dass das Gesetz anwendbar ist, nicht zuletzt auch f\u00fcr die vielen Verbesserungen, die es noch n\u00f6tig hat, um ein gutes Gesetz zu werden.<\/p>\n<p><strong><span style=\"font-family: Helvetica, Arial, sans-serif; text-transform: uppercase;\">C\u00ebla enghe:<\/span><\/strong> <a title=\"Nicht ausreichend, aber gut.\" href=\"http:\/\/www.brennerbasisdemokratie.eu\/?p=42148\"><code>01<\/code><\/a>\u00a0<span style=\"font-family: Helvetica, Arial, sans-serif; font-weight: normal;\">||<\/span> <a title=\"Mitbestimmung: Bei Einschr\u00e4nkung Abstimmung.\" href=\"https:\/\/www.brennerbasisdemokratie.eu\/?p=48456\"><span style=\"color: #ff8c00\"><code>01<\/code><\/span><\/a> <a title=\"Mitbestimmung: UN-Ausschuss ermahnt Italien.\" href=\"https:\/\/www.brennerbasisdemokratie.eu\/?p=57970\"><span style=\"color: #ff8c00\"><code>02<\/code><\/span><\/a><\/p>\n<!-- Snippets by WebberZone Snippetz --><div class=\"ata_snippets\"><hr style=\"height: 10px;border: none;margin-top: 0px;background-color: darkred\" \/>\r\n\r\n<div style=\"background-color: none;padding: 0px;font-size: 14px;font-family: Helvetica,Arial;margin: 10px 0px 0px 0px\"><span style=\"color: darkred\"><strong><small>Autor:innen- und Gastbeitr\u00e4ge widerspiegeln nicht notwendigerweise die Meinung oder die Position von BBD, so wie die jeweiligen Verfasser:innen nicht notwendigerweise die Ziele von BBD unterst\u00fctzen.<\/small><\/strong><small>\u00b7 I contributi esterni non necessariamente riflettono le opinioni o la posizione di BBD, come a loro volta le autrici\/gli autori non necessariamente condividono gli obiettivi di BBD. \u2014 <a href=\"http:\/\/www.brennerbasisdemokratie.eu\/?page_id=11356#copyleft\"><strong>\u00a9<\/strong><\/a><\/small><\/span><\/div><\/div>","protected":false},"excerpt":{"rendered":"<p>von der Initiative f\u00fcr mehr Demokratie Bisher wurde hier bei uns, trotz Demokratie und wie in den meisten &#8220;demokratischen&#8221; L\u00e4ndern, \u00fcber das Volk geherrscht. Ab jetzt muss mit dem Volk regiert werden, so wie es sich f\u00fcr eine echte Demokratie geh\u00f6rt. Mit dieser Woche ist das neue Gesetz zur Direkten Demokratie in Kraft! Mit dem [&hellip;]<\/p>","protected":false},"author":10,"featured_media":0,"comment_status":"open","ping_status":"open","sticky":false,"template":"","format":"standard","meta":{"_crdt_document":"","ngg_post_thumbnail":0,"_jetpack_memberships_contains_paid_content":false,"footnotes":""},"categories":[14],"tags":[],"class_list":["post-44255","post","type-post","status-publish","format-standard","hentry","category-autorinnen","entity-ifmd","issue-good-news","location-sudtirolo","language-deutsch","topic-democrazia","topic-mitbestimmung","topic-politik","topic-recht"],"jetpack_featured_media_url":"","jetpack_sharing_enabled":true,"_links":{"self":[{"href":"https:\/\/www.brennerbasisdemokratie.eu\/index.php?rest_route=\/wp\/v2\/posts\/44255","targetHints":{"allow":["GET"]}}],"collection":[{"href":"https:\/\/www.brennerbasisdemokratie.eu\/index.php?rest_route=\/wp\/v2\/posts"}],"about":[{"href":"https:\/\/www.brennerbasisdemokratie.eu\/index.php?rest_route=\/wp\/v2\/types\/post"}],"author":[{"embeddable":true,"href":"https:\/\/www.brennerbasisdemokratie.eu\/index.php?rest_route=\/wp\/v2\/users\/10"}],"replies":[{"embeddable":true,"href":"https:\/\/www.brennerbasisdemokratie.eu\/index.php?rest_route=%2Fwp%2Fv2%2Fcomments&post=44255"}],"version-history":[{"count":9,"href":"https:\/\/www.brennerbasisdemokratie.eu\/index.php?rest_route=\/wp\/v2\/posts\/44255\/revisions"}],"predecessor-version":[{"id":76780,"href":"https:\/\/www.brennerbasisdemokratie.eu\/index.php?rest_route=\/wp\/v2\/posts\/44255\/revisions\/76780"}],"wp:attachment":[{"href":"https:\/\/www.brennerbasisdemokratie.eu\/index.php?rest_route=%2Fwp%2Fv2%2Fmedia&parent=44255"}],"wp:term":[{"taxonomy":"category","embeddable":true,"href":"https:\/\/www.brennerbasisdemokratie.eu\/index.php?rest_route=%2Fwp%2Fv2%2Fcategories&post=44255"},{"taxonomy":"post_tag","embeddable":true,"href":"https:\/\/www.brennerbasisdemokratie.eu\/index.php?rest_route=%2Fwp%2Fv2%2Ftags&post=44255"}],"curies":[{"name":"wp","href":"https:\/\/api.w.org\/{rel}","templated":true}]}}