{"id":44287,"date":"2018-11-29T10:16:39","date_gmt":"2018-11-29T09:16:39","guid":{"rendered":"http:\/\/www.brennerbasisdemokratie.eu\/?p=44287"},"modified":"2023-12-26T09:02:00","modified_gmt":"2023-12-26T08:02:00","slug":"tagnacht-ex-obleute-zur-lega","status":"publish","type":"post","link":"https:\/\/www.brennerbasisdemokratie.eu\/?p=44287","title":{"rendered":"Tag+Nacht: Ex-Obleute zur Lega."},"content":{"rendered":"<blockquote><p>Dipingere oggi il Carroccio come una cosa dell&#8217;altro mondo \u00e8 assurdo. La Lega non \u00e8 solo Salvini, che pu\u00f2 piacere o no. Ci sono molti personaggi ragionevoli come Zaia, Maroni, Fugatti, Calderoli. Dire in sostanza che questa gente non rispetta i valori compresi nel codice di condotta \u00e8 azzardato. Far passare il messaggio che \u201cnon vorremmo con la Lega, ma dobbiamo\u201d \u00e8 limitativo.<\/p><\/blockquote>\n<p><em>Siegfried Brugger, ex Obmann <abbr title=\"S\u00fcdtiroler Volkspartei\">SVP<\/abbr>, <\/em>Corriere dell&#8217;A.A.,<em> 29.11.2018<\/em><\/p>\n<blockquote><p>Die Lega ist keine normale Partei. Ihr Chef hetzt ununterbrochen gegen Minderheiten, er l\u00e4sst rund um die Uhr Meldungen \u00fcber die elektronischen Medien verbreiten, in denen er Minderheiten verunglimpft. Aus moralischen Gr\u00fcnden kann man nicht f\u00fcr die Lega stimmen, denn keine andere Partei ist so weit von unseren Grundwerten entfernt wie sie.<\/p><\/blockquote>\n<p><em>Richard Theiner, ehemaliger SVP-Obmann, <\/em>Tageszeitung,<em> 29.11.2018<\/em><\/p>\n<p><strong><span style=\"font-family: Helvetica, Arial, sans-serif; text-transform: uppercase;\">C\u00ebla enghe:<\/span><\/strong> <a title=\"Dunkle Zeiten.\" href=\"http:\/\/www.brennerbasisdemokratie.eu\/?p=44244\"><code>01<\/code><\/a> <a title=\"Die Jung(fr\u00e4ulich)e Generation.\" href=\"http:\/\/www.brennerbasisdemokratie.eu\/?p=44140\"><code>02<\/code><\/a> <a title=\"\u2018Lega\u2019: Brixner Fake News.\" href=\"http:\/\/www.brennerbasisdemokratie.eu\/?p=44031\"><code>03<\/code><\/a> <a title=\"Spulciando Massimo Bessone.\" href=\"http:\/\/www.brennerbasisdemokratie.eu\/?p=43656\"><code>04<\/code><\/a><\/p>","protected":false},"excerpt":{"rendered":"<p>Dipingere oggi il Carroccio come una cosa dell&#8217;altro mondo \u00e8 assurdo. La Lega non \u00e8 solo Salvini, che pu\u00f2 piacere o no. Ci sono molti personaggi ragionevoli come Zaia, Maroni, Fugatti, Calderoli. Dire in sostanza che questa gente non rispetta i valori compresi nel codice di condotta \u00e8 azzardato. Far passare il messaggio che \u201cnon [&hellip;]<\/p>","protected":false},"author":1,"featured_media":0,"comment_status":"open","ping_status":"open","sticky":false,"template":"","format":"standard","meta":{"_crdt_document":"","ngg_post_thumbnail":0,"_jetpack_memberships_contains_paid_content":false,"footnotes":""},"categories":[1],"tags":[],"class_list":["post-44287","post","type-post","status-publish","format-standard","hentry","category-allgemein","entity-lega","entity-svp","issue-zitac","location-italy","location-sudtirolo","language-deutsch","language-italiano","medium-corriere","medium-socialmedia","medium-taz","person-matteo-salvini","person-maurizio-fugatti","person-richard-theiner","person-roberto-maroni","person-siegfried-brugger","topic-kohasion","topic-politik","topic-tagnacht"],"jetpack_featured_media_url":"","jetpack_sharing_enabled":true,"_links":{"self":[{"href":"https:\/\/www.brennerbasisdemokratie.eu\/index.php?rest_route=\/wp\/v2\/posts\/44287","targetHints":{"allow":["GET"]}}],"collection":[{"href":"https:\/\/www.brennerbasisdemokratie.eu\/index.php?rest_route=\/wp\/v2\/posts"}],"about":[{"href":"https:\/\/www.brennerbasisdemokratie.eu\/index.php?rest_route=\/wp\/v2\/types\/post"}],"author":[{"embeddable":true,"href":"https:\/\/www.brennerbasisdemokratie.eu\/index.php?rest_route=\/wp\/v2\/users\/1"}],"replies":[{"embeddable":true,"href":"https:\/\/www.brennerbasisdemokratie.eu\/index.php?rest_route=%2Fwp%2Fv2%2Fcomments&post=44287"}],"version-history":[{"count":2,"href":"https:\/\/www.brennerbasisdemokratie.eu\/index.php?rest_route=\/wp\/v2\/posts\/44287\/revisions"}],"predecessor-version":[{"id":53545,"href":"https:\/\/www.brennerbasisdemokratie.eu\/index.php?rest_route=\/wp\/v2\/posts\/44287\/revisions\/53545"}],"wp:attachment":[{"href":"https:\/\/www.brennerbasisdemokratie.eu\/index.php?rest_route=%2Fwp%2Fv2%2Fmedia&parent=44287"}],"wp:term":[{"taxonomy":"category","embeddable":true,"href":"https:\/\/www.brennerbasisdemokratie.eu\/index.php?rest_route=%2Fwp%2Fv2%2Fcategories&post=44287"},{"taxonomy":"post_tag","embeddable":true,"href":"https:\/\/www.brennerbasisdemokratie.eu\/index.php?rest_route=%2Fwp%2Fv2%2Ftags&post=44287"}],"curies":[{"name":"wp","href":"https:\/\/api.w.org\/{rel}","templated":true}]}}