{"id":44622,"date":"2018-12-15T12:23:30","date_gmt":"2018-12-15T11:23:30","guid":{"rendered":"http:\/\/www.brennerbasisdemokratie.eu\/?p=44622"},"modified":"2025-12-14T19:55:12","modified_gmt":"2025-12-14T18:55:12","slug":"sudtiroler-polizei-in-innsbruck-und-munchen","status":"publish","type":"post","link":"https:\/\/www.brennerbasisdemokratie.eu\/?p=44622","title":{"rendered":"S\u00fcdtiroler Polizei in Innsbruck und M\u00fcnchen."},"content":{"rendered":"<p>Es ist wieder so weit. Mal tun Polizeibeamte aus S\u00fcdtirol <a title=\"Stol: Oktoberfest: Staatspolizei unterst\u00fctzt\u2026\" href=\"https:\/\/www.stol.it\/Artikel\/Chronik-im-Ueberblick\/Lokal\/Oktoberfest-Staatspolizei-unterstuetzt-bayrische-Kollegen\" target=\"_blank\" rel=\"noopener\">beim M\u00fcnchner Oktoberfest<\/a>, mal \u2014 wie jetzt \u2014 <a title=\"TAZ: Die Polizeiregion Tirol.\" href=\"https:\/\/www.tageszeitung.it\/2018\/12\/13\/die-polizeiregion-tirol\/\" target=\"_blank\" rel=\"noopener\">beim Innsbrucker Christkindlmarkt<\/a> Dienst, um die \u00f6rtliche Polizei im Umgang mit italienischen Touristinnen zu unterst\u00fctzen. W\u00e4re diesbez\u00fcglich in S\u00fcdtirol alles eitel Sonnenschein, k\u00f6nnte man auf diese Art des Au\u00dfendiensts fast stolz sein. Nachdem das jedoch nicht der Fall ist und die heimische Polizei trotz ihrer \u00e4u\u00dferst sensiblen Aufgabe durch <a title=\"Zweisprachige Polizei?\" href=\"http:\/\/www.brennerbasisdemokratie.eu\/?p=22635\">fast schon systematische Missachtung der Zweisprachigkeitspflicht<\/a> ins Auge sticht, frage ich mich jedesmal von neuem, was das eigentlich soll.<\/p>\n<p>Ich kann mich des Eindrucks schwer erwehren, dass die Beh\u00f6rden in Nord-\/Osttirol und in Bayern in Punkto Mehrsprachigkeit \u2014 zumindest im Umfeld von Gro\u00dfveranstaltungen \u2014 mehr Sensibilit\u00e4t an den Tag legen, als in S\u00fcdtirol. Und das, obwohl Touristinnen anders als die Menschen hierzulande gar keinen Rechtsanspruch auf Behandlung in ihrer Muttersprache haben.<\/p>\n<p>Wurden denn bei gr\u00f6\u00dferen Veranstaltungen in S\u00fcdtirol jemals Beamtinnen aus Bayern oder \u00d6sterreich hinzugezogen? Jedenfalls nicht, dass mir bekannt w\u00e4re \u2014 aber daf\u00fcr <a title=\"Mit Deutsch keine Probleme.\" href=\"http:\/\/www.brennerbasisdemokratie.eu\/?p=33528\">fehlt ja auch jegliches Problembewusstsein<\/a>. Eher noch kommt weitere einsprachig italienische Verst\u00e4rkung aus Venetien und der Lombardei.<\/p>\n<p><strong><span style=\"font-family: Helvetica, Arial, sans-serif; text-transform: uppercase;\">C\u00ebla enghe:<\/span><\/strong> <a title=\"B\u00fcndner Kantonspolizei achtet auf Mehrsprachigkeit.\" href=\"http:\/\/www.brennerbasisdemokratie.eu\/?p=34016\"><code>01<\/code><\/a> <a title=\"Noch mehr Einsprachigkeit bei der Polizei?\" href=\"http:\/\/www.brennerbasisdemokratie.eu\/?p=27628\"><code>02<\/code><\/a> <a title=\"Zweisprachigkeit: Land klagt Ministerium.\" href=\"http:\/\/www.brennerbasisdemokratie.eu\/?p=25500\"><code>03<\/code><\/a> <a title=\"Einsprachigkeit bei der Ortspolizei Meran.\" href=\"http:\/\/www.brennerbasisdemokratie.eu\/?p=35196\"><code>04<\/code><\/a> <a title=\"\u2018Wahllokal\u2019: Landespolizei.\" href=\"http:\/\/www.brennerbasisdemokratie.eu\/?p=42926\"><code>05<\/code><\/a> <a title=\"Das Land braucht eine (echte) Sprachstelle!\" href=\"http:\/\/www.brennerbasisdemokratie.eu\/?p=34390\"><code>06<\/code><\/a> <a title=\"Finnische Mehrsprachigkeitsstrategie.\" href=\"http:\/\/www.brennerbasisdemokratie.eu\/?p=29061\"><code>07<\/code><\/a> <span style=\"font-family: Helvetica, Arial, sans-serif; font-weight: normal;\">||<\/span> <a title=\"Polizei: Recht auf Gebrauch der Muttersprache \u2013 in Innsbruck.\" href=\"https:\/\/www.brennerbasisdemokratie.eu\/?p=96875\"><span style=\"color: #ff8c00\"><code>01<\/code><\/span><\/a><\/p>","protected":false},"excerpt":{"rendered":"<p>Es ist wieder so weit. Mal tun Polizeibeamte aus S\u00fcdtirol beim M\u00fcnchner Oktoberfest, mal \u2014 wie jetzt \u2014 beim Innsbrucker Christkindlmarkt Dienst, um die \u00f6rtliche Polizei im Umgang mit italienischen Touristinnen zu unterst\u00fctzen. W\u00e4re diesbez\u00fcglich in S\u00fcdtirol alles eitel Sonnenschein, k\u00f6nnte man auf diese Art des Au\u00dfendiensts fast stolz sein. Nachdem das jedoch nicht der [&hellip;]<\/p>","protected":false},"author":1,"featured_media":0,"comment_status":"open","ping_status":"open","sticky":false,"template":"","format":"standard","meta":{"_crdt_document":"","ngg_post_thumbnail":0,"_jetpack_memberships_contains_paid_content":false,"footnotes":""},"categories":[1],"tags":[],"class_list":["post-44622","post","type-post","status-publish","format-standard","hentry","category-allgemein","location-bayern","location-nord-osttirol","language-deutsch","medium-stol","medium-taz","topic-medien","topic-plurilinguism","topic-polizei","topic-recht"],"jetpack_featured_media_url":"","jetpack_sharing_enabled":true,"_links":{"self":[{"href":"https:\/\/www.brennerbasisdemokratie.eu\/index.php?rest_route=\/wp\/v2\/posts\/44622","targetHints":{"allow":["GET"]}}],"collection":[{"href":"https:\/\/www.brennerbasisdemokratie.eu\/index.php?rest_route=\/wp\/v2\/posts"}],"about":[{"href":"https:\/\/www.brennerbasisdemokratie.eu\/index.php?rest_route=\/wp\/v2\/types\/post"}],"author":[{"embeddable":true,"href":"https:\/\/www.brennerbasisdemokratie.eu\/index.php?rest_route=\/wp\/v2\/users\/1"}],"replies":[{"embeddable":true,"href":"https:\/\/www.brennerbasisdemokratie.eu\/index.php?rest_route=%2Fwp%2Fv2%2Fcomments&post=44622"}],"version-history":[{"count":5,"href":"https:\/\/www.brennerbasisdemokratie.eu\/index.php?rest_route=\/wp\/v2\/posts\/44622\/revisions"}],"predecessor-version":[{"id":96886,"href":"https:\/\/www.brennerbasisdemokratie.eu\/index.php?rest_route=\/wp\/v2\/posts\/44622\/revisions\/96886"}],"wp:attachment":[{"href":"https:\/\/www.brennerbasisdemokratie.eu\/index.php?rest_route=%2Fwp%2Fv2%2Fmedia&parent=44622"}],"wp:term":[{"taxonomy":"category","embeddable":true,"href":"https:\/\/www.brennerbasisdemokratie.eu\/index.php?rest_route=%2Fwp%2Fv2%2Fcategories&post=44622"},{"taxonomy":"post_tag","embeddable":true,"href":"https:\/\/www.brennerbasisdemokratie.eu\/index.php?rest_route=%2Fwp%2Fv2%2Ftags&post=44622"}],"curies":[{"name":"wp","href":"https:\/\/api.w.org\/{rel}","templated":true}]}}