{"id":44757,"date":"2018-12-29T02:28:23","date_gmt":"2018-12-29T01:28:23","guid":{"rendered":"http:\/\/www.brennerbasisdemokratie.eu\/?p=44757"},"modified":"2025-11-07T10:33:17","modified_gmt":"2025-11-07T09:33:17","slug":"der-italiener-zoggeler","status":"publish","type":"post","link":"https:\/\/www.brennerbasisdemokratie.eu\/?p=44757","title":{"rendered":"Der Italiener Z\u00f6ggeler."},"content":{"rendered":"<p>Vor einigen Wochen war der aus meinem Nordtiroler Heimatort Telfes im Stubai stammende Rodelolympiasieger David Gleirscher in der ORF Promi-Millionenshow bei Armin Assinger zu Gast. Auf die Frage, ob einer wie er denn auch noch Vorbilder habe, antwortete Gleirscher: &#8220;Den Italiener Armin Z\u00f6ggeler&#8221;. Ich muss gestehen, dass das f\u00fcr mich als Beutes\u00fcdtiroler gerade aus dem Mund eines fr\u00fcheren Quasi-Nachbarn mit Tiroler Zungenschlag einigerma\u00dfen irritierend klang.<\/p>\n<p>Als ich heute die Medienberichte \u00fcber den S\u00fcdtiroler Doppelsieg auf der Stelvio inklusive eines <em>Tweets<\/em> von Marita Gasteiger las, kam mir die Episode wieder in Erinnerung \u2013 und damit auch das Spannungsfeld zwischen Nationalismus, Patriotismus und Identit\u00e4t sowie der nahezu <a title=\"Zimmerhofers Sport-Gesinnungspolizei.\" href=\"http:\/\/www.brennerbasisdemokratie.eu\/?p=38612\">manich\u00e4ische Umgang<\/a> damit in S\u00fcdtirol.<\/p>\n<p>Zun\u00e4chst eine kurze Presseschau, wie \u00fcber das heutige Ereignis berichtet wurde:<\/p>\n<blockquote><p><a href=\"http:\/\/www.brennerbasisdemokratie.eu\/wp-content\/uploads\/2018\/12\/ORF-Paris.jpg\"><img loading=\"lazy\" decoding=\"async\" class=\"size-full wp-image-44772 aligncenter\" src=\"http:\/\/www.brennerbasisdemokratie.eu\/wp-content\/uploads\/2018\/12\/ORF-Paris.jpg\" alt=\"\" width=\"886\" height=\"561\" srcset=\"https:\/\/www.brennerbasisdemokratie.eu\/wp-content\/uploads\/2018\/12\/ORF-Paris.jpg 886w, https:\/\/www.brennerbasisdemokratie.eu\/wp-content\/uploads\/2018\/12\/ORF-Paris-768x486.jpg 768w\" sizes=\"auto, (max-width: 886px) 100vw, 886px\" \/><\/a><\/p><\/blockquote>\n<p>Wenngleich bei ORF-Fernseh\u00fcbertragungen bei Paris und Co. meist von S\u00fcdtiroler Rennl\u00e4ufern die Rede ist, kommt das Wort S\u00fcdtirol heute auf sport.orf.at im ganzen Artikel nicht vor. Es wird \u00fcber Italiener und einen italienischen Doppelsieg berichtet. (Man beachte auch das &#8220;Es gibt keine Grenzen mehr&#8221;-Geoblocking im Header).<\/p>\n<blockquote><p><a href=\"http:\/\/www.brennerbasisdemokratie.eu\/wp-content\/uploads\/2018\/12\/TT-Paris.jpg\"><img loading=\"lazy\" decoding=\"async\" class=\"size-full wp-image-44769 aligncenter\" src=\"http:\/\/www.brennerbasisdemokratie.eu\/wp-content\/uploads\/2018\/12\/TT-Paris.jpg\" alt=\"\" width=\"974\" height=\"904\" srcset=\"https:\/\/www.brennerbasisdemokratie.eu\/wp-content\/uploads\/2018\/12\/TT-Paris.jpg 974w, https:\/\/www.brennerbasisdemokratie.eu\/wp-content\/uploads\/2018\/12\/TT-Paris-768x713.jpg 768w\" sizes=\"auto, (max-width: 974px) 100vw, 974px\" \/><\/a><\/p><\/blockquote>\n<p>Im Gegensatz dazu sucht man bei der <em>Tiroler Tageszeitung<\/em> auf tt.com das Wort Italien vergeblich. Dort sind Paris und Innerhofer S\u00fcdtiroler.<\/p>\n<blockquote><p><a href=\"http:\/\/www.brennerbasisdemokratie.eu\/wp-content\/uploads\/2018\/12\/OE24-Paris.jpg\"><img loading=\"lazy\" decoding=\"async\" class=\"size-full wp-image-44768 aligncenter\" src=\"http:\/\/www.brennerbasisdemokratie.eu\/wp-content\/uploads\/2018\/12\/OE24-Paris.jpg\" alt=\"\" width=\"632\" height=\"647\"\/><\/a><\/p><\/blockquote>\n<p>Auf krone.at &#8211; wie auch bei einigen anderen \u00f6sterreichischen Medien wird &#8220;gemischt&#8221;. Man schreibt von S\u00fcdtiroler Sportlern und einem italienischen Doppelsieg. Wobei es sich bei diesem Text offensichtlich um eine Agenturmeldung handelt, da er gleichlautend auf mehreren Plattformen zu finden ist.<\/p>\n<blockquote><p><a href=\"http:\/\/www.brennerbasisdemokratie.eu\/wp-content\/uploads\/2018\/12\/derstandard-Paris.jpg\"><img loading=\"lazy\" decoding=\"async\" class=\"size-full wp-image-44771 aligncenter\" src=\"http:\/\/www.brennerbasisdemokratie.eu\/wp-content\/uploads\/2018\/12\/derstandard-Paris.jpg\" alt=\"\" width=\"748\" height=\"619\"\/><\/a><\/p><\/blockquote>\n<p>Auch derstandard.at \u00fcbernimmt die Agenturmeldung 1 zu 1.<\/p>\n<blockquote><p><a href=\"http:\/\/www.brennerbasisdemokratie.eu\/wp-content\/uploads\/2018\/12\/Presse-Paris.jpg\"><img loading=\"lazy\" decoding=\"async\" class=\"size-full wp-image-44765 aligncenter\" src=\"http:\/\/www.brennerbasisdemokratie.eu\/wp-content\/uploads\/2018\/12\/Presse-Paris.jpg\" alt=\"\" width=\"638\" height=\"753\"\/><\/a><\/p><\/blockquote>\n<p>diepresse.com bringt ebenfalls die gleiche Meldung, spricht in der \u00dcberschrift aber von einem italienischen Doppelsieg &#8230;<\/p>\n<blockquote><p><a href=\"http:\/\/www.brennerbasisdemokratie.eu\/wp-content\/uploads\/2018\/12\/kurier-Paris.jpg\"><img loading=\"lazy\" decoding=\"async\" class=\"size-full wp-image-44764 aligncenter\" src=\"http:\/\/www.brennerbasisdemokratie.eu\/wp-content\/uploads\/2018\/12\/kurier-Paris.jpg\" alt=\"\" width=\"612\" height=\"787\"\/><\/a><\/p><\/blockquote>\n<p>&#8230; w\u00e4hrend kurier.at zur gleichen Meldung von einem S\u00fcdtiroler Doppelsieg schreibt.<\/p>\n<blockquote><p><a href=\"http:\/\/www.brennerbasisdemokratie.eu\/wp-content\/uploads\/2018\/12\/Krone-Paris.jpg\"><img loading=\"lazy\" decoding=\"async\" class=\"size-full wp-image-44763 aligncenter\" src=\"http:\/\/www.brennerbasisdemokratie.eu\/wp-content\/uploads\/2018\/12\/Krone-Paris.jpg\" alt=\"\" width=\"642\" height=\"753\"\/><\/a><\/p><\/blockquote>\n<p>Die Redakteure von oe24.at haben einen eigenen Text verfasst und r\u00fccken den Umstand, dass Erst- und Zweitplatzierter aus S\u00fcdtirol stammen, in den Mittelpunkt. Daneben hei\u00dft es aber auch noch &#8220;Doppelsieg f\u00fcr Italien&#8221;.<\/p>\n<blockquote><p><a href=\"http:\/\/www.brennerbasisdemokratie.eu\/wp-content\/uploads\/2018\/12\/Bild-Paris-1.jpg\"><img loading=\"lazy\" decoding=\"async\" class=\"size-full wp-image-44770 aligncenter\" src=\"http:\/\/www.brennerbasisdemokratie.eu\/wp-content\/uploads\/2018\/12\/Bild-Paris-1.jpg\" alt=\"\" width=\"819\" height=\"893\" srcset=\"https:\/\/www.brennerbasisdemokratie.eu\/wp-content\/uploads\/2018\/12\/Bild-Paris-1.jpg 819w, https:\/\/www.brennerbasisdemokratie.eu\/wp-content\/uploads\/2018\/12\/Bild-Paris-1-768x837.jpg 768w\" sizes=\"auto, (max-width: 819px) 100vw, 819px\" \/><\/a><\/p><\/blockquote>\n<p>Bild.de verzichtet in seinem Hauptartikel g\u00e4nzlich auf adjektivische Herkunftsangaben und greift stattdessen auf eine Pr\u00e4position mit Dativ zur\u00fcck.<\/p>\n<blockquote><p><a href=\"http:\/\/www.brennerbasisdemokratie.eu\/wp-content\/uploads\/2018\/12\/Bild-Paris-2.jpg\"><img loading=\"lazy\" decoding=\"async\" class=\"size-full wp-image-44766 aligncenter\" src=\"http:\/\/www.brennerbasisdemokratie.eu\/wp-content\/uploads\/2018\/12\/Bild-Paris-2.jpg\" alt=\"\" width=\"809\" height=\"828\" srcset=\"https:\/\/www.brennerbasisdemokratie.eu\/wp-content\/uploads\/2018\/12\/Bild-Paris-2.jpg 809w, https:\/\/www.brennerbasisdemokratie.eu\/wp-content\/uploads\/2018\/12\/Bild-Paris-2-768x786.jpg 768w\" sizes=\"auto, (max-width: 809px) 100vw, 809px\" \/><\/a><\/p><\/blockquote>\n<p>In einem weiteren Bericht auf Bild.de werden Paris und Innerhofer dann aber als S\u00fcdtiroler bezeichnet &#8211; wobei es sich wiederum um eine Agenturmeldung handelt.<\/p>\n<blockquote><p><a href=\"http:\/\/www.brennerbasisdemokratie.eu\/wp-content\/uploads\/2018\/12\/Bild-Paris-3.jpg\"><img loading=\"lazy\" decoding=\"async\" class=\"size-full wp-image-44767 aligncenter\" src=\"http:\/\/www.brennerbasisdemokratie.eu\/wp-content\/uploads\/2018\/12\/Bild-Paris-3.jpg\" alt=\"\" width=\"813\" height=\"902\" srcset=\"https:\/\/www.brennerbasisdemokratie.eu\/wp-content\/uploads\/2018\/12\/Bild-Paris-3.jpg 813w, https:\/\/www.brennerbasisdemokratie.eu\/wp-content\/uploads\/2018\/12\/Bild-Paris-3-768x852.jpg 768w\" sizes=\"auto, (max-width: 813px) 100vw, 813px\" \/><\/a><\/p><\/blockquote>\n<p>Und in einem dritten Bild.de-Artikel zur Abfahrt auf der Stelvio wird die selbe kurzerhand sogar nach S\u00fcdtirol verlegt.<\/p>\n<blockquote><p><a href=\"http:\/\/www.brennerbasisdemokratie.eu\/wp-content\/uploads\/2018\/12\/marita-gasteiger.jpg\"><img loading=\"lazy\" decoding=\"async\" class=\"size-full wp-image-44775 aligncenter\" src=\"http:\/\/www.brennerbasisdemokratie.eu\/wp-content\/uploads\/2018\/12\/marita-gasteiger.jpg\" alt=\"\" width=\"613\" height=\"725\"\/><\/a><\/p><\/blockquote>\n<p>Der Habitus auf sportnews.bz S\u00fcdtiroler Sportler mit dem Tiroler Adler statt der Tricolore zu versehen, veranlasst Marita Gasteiger, ihres Zeichens S\u00fcdtiroler respektive italienisches Mitglied im Bundesvorsitz der <em>\u00d6sterreichischen Hochsch\u00fclerInnenschaft,<\/em> zu einem <em><a title=\"\" href=\"https:\/\/twitter.com\/mar_itag\/status\/1078609002584555522\">Tweet<\/a><\/em> mit einem weinenden Emoticon unter dem Hashtag #lokalpatriotismus.<\/p>\n<p>Wollen wir nun etwas Differenzierung versuchen und Nuancen herausarbeiten.<\/p>\n<p>Bei Herkunftsbezeichnungen ist die Intention des Sprechers\/Schreibers meines Erachtens mit ausschlaggebend, wie die Betitelung zu verstehen ist. Im Prinzip kann die Aussage &#8220;Der Italiener Z\u00f6ggeler&#8221; sowohl antinationalistisch als auch turbonationalistisch sein.<\/p>\n<p>Antinationalistisch w\u00e4re sie dann, wenn ich Menschen grunds\u00e4tzlich nach ihrer Staatszugeh\u00f6rigkeit bzw. gar dem Land ihres Hauptwohnsitzes benenne. Letzteres tun wohl sehr Wenige &#8211; zumindest hat mich noch nie jemand als Italiener bezeichnet. Wobei in adjektivischen Nationalit\u00e4tsbezeichnungen meinem Sprachgef\u00fchl nach immer eine kulturell-ethnische Zuordnung mitschwingt, weil viele europ\u00e4ische Staaten sich eben nach wie vor als Nationalstaaten verstehen. Und solange es <em>ius sanguinis<\/em> gibt, Menschen aufgrund ihrer gef\u00fchlten Identit\u00e4t (Stichwort: &#8220;nationale&#8221; Minderheiten) diskriminiert werden und beispielsweise in der italienischen Verfassung von &#8220;eins und unteilbar&#8221; die Rede ist, kann diese nationale Vereinnahmung wohl semantisch nicht ausgeklammert werden. Ich f\u00e4nde es aus diesem Grund auch eigenartig, den Dalai Lama als indischen oder gar chinesischen statt als tibetanischen M\u00f6nch zu bezeichnen. Auch negiert die Betitelung nach Staatsb\u00fcrgerschaft\/Wohnsitzland individuell sowie bisweilen auch kollektiv gef\u00fchlte Identit\u00e4ten, die nicht notwendigerweise mit der Staatsb\u00fcrgerschaft korrelieren m\u00fcssen. Die gro\u00dfartige <a title=\"My experience is where I am from.\" href=\"http:\/\/www.brennerbasisdemokratie.eu\/?p=25405\">Taiye Selasi<\/a> beschreibt diesen Umstand in ihren Betrachtungen zu Identit\u00e4t und Lokalit\u00e4t (Rituals, Relationships, Restrictions) wunderbar pr\u00e4gnant:<\/p>\n<blockquote><p>All identity is experience. [&#8230;] The difference between &#8220;Where are you from?&#8221; and &#8220;Where are you a local?&#8221; isn&#8217;t the specificity of the answer, it&#8217;s the intention of the question. Replacing the language of nationality with the language of locality asks us to shift our focus to where real life occurs.<\/p><\/blockquote>\n<p>Wiederum meinem Sprachgef\u00fchl folgend, l\u00e4sst die Beschreibung &#8220;Armin Z\u00f6ggeler aus Italien&#8221; individuelle bzw. multiple Identit\u00e4ten dabei noch eher zu als die Betitelung &#8220;der Italiener Armin Z\u00f6ggeler&#8221;.<\/p>\n<p>Nicht selten resultieren Bezeichnungen auf Basis des (National)staates jedoch auch aus Unwissenheit, Gleichg\u00fcltigkeit oder dem Mangel an Sensibilit\u00e4t. Eine Sensibilit\u00e4t, die die legend\u00e4re Lidia Menapace in ihrem Beitrag f\u00fcr <em>politika 10<\/em> (dem Jahrbuch der S\u00fcdtiroler Gesellschaft f\u00fcr Politikwissenschaft) folgenderma\u00dfen ausdr\u00fcckt:<\/p>\n<blockquote><p>Mi trattengo un momento a dar conto della nomenclatura che uso: chiamo Sudtirolo la terra che i suoi abitanti maggioritari chiamono Sudtirolo, e questa \u00e8 per me una regola generale: chiamo infatti Curdi e non Turchi di montagna i Curdi, e riconosco al popolo Sarawi il diritto di non voler essere assimilato al Marocco, e Armeni sono anche quelli fuori dei confini dell&#8217;Armenia storica. A tutti quelli che abitano un territorio riconosco il diritto di chiamarsi col nome che il territorio ha; estendo il territorio anche a popolazioni di pi\u00f9 recente arrivo e distribuzione territoriale meno diffusa per ricordare che questa porzione di popolazione esercita tutti i diritti dei residenti pi\u00f9 antichi, avendo ottenuto un riconoscimento e dato assicurazione che non avrebbe messo in atto politiche di assimilazione.<\/p><\/blockquote>\n<p>Darauf zu beharren, dass Z\u00f6ggeler Italiener sei bzw. dass hinter S\u00fcdtiroler Sportlern die Tricolore zu erscheinen hat, entspringt also allzu oft einer turbonationalistischen Intention, die diverse oder multiple Identit\u00e4ten innerhalb des Staates nicht anerkennen will und alleinige nationale Zugeh\u00f6rigkeit &#8211; mitunter auch gegen den Willen der Betroffenen &#8211; aufoktroyiert (Stichwort: <a title=\"Olympia (II).\" href=\"http:\/\/www.brennerbasisdemokratie.eu\/?p=9\">Plankensteiner<\/a>). So auch der franz\u00f6sischen Botschafter in den USA, der den &#8220;The daily show&#8221;-Host Trevor Noah wegen seiner pointierten Aussage &#8220;Africa has won the World Cup&#8221; kritisierte. Noah reagierte&nbsp;zwischen den Aufnahmen zu seiner Show auf einen Brief des&nbsp;Botschafters und pl\u00e4dierte f\u00fcr eine Dualit\u00e4t von <a title=\"Frenchness and Africanness.\" href=\"http:\/\/www.brennerbasisdemokratie.eu\/?p=41902\">Frenchness und Africanness<\/a> der franz\u00f6sischen National(!)-Mannschaft.<\/p>\n<p>Folglich k\u00f6nnen auch die Bezeichnung &#8220;S\u00fcdtiroler Doppelsieg&#8221; und ein Tiroler Adler hinter dem Namen sowohl nationalistisch (lokalpatriotisch) als auch antinationalistisch intendiert sein, indem man sich bewusst der g\u00e4ngigen Logik der Nationalstaaten entzieht. Oder sie sind einfach nur Ausdruck von Noah&#8217;s aufgezeigter Duality. Obschon &#8211; einmal mehr nach meinem pers\u00f6nlichen Daf\u00fcrhalten &#8211; &#8220;S\u00fcdtiroler&#8221; tendenziell der <a title=\"Staats- und Landesflagge.\" href=\"http:\/\/www.brennerbasisdemokratie.eu\/?p=15492\">inklusivere Begriff<\/a> als &#8220;Italiener&#8221; ist, weil S\u00fcdtirols Quellcode im Gegensatz zu jenem des italienischen Staates mehrsprachig und pluriidentit\u00e4r ist.<\/p>\n<p>Gleirschers und Gasteigers \u00c4u\u00dferungen belegen schlussendlich zwei Thesen, die ich schon seit l\u00e4ngerer Zeit hege. Zum einen, dass &#8211; wenn selbst der Nordtiroler den S\u00fcdtiroler als Italiener bezeichnet &#8211; das Konzept der Nationalstaaten &#8211; oder die nationalstaatliche Logik, wie ich sie nenne &#8211; eine stark normierende Kraft hat und es &#8220;nationalen&#8221; Minderheiten somit eine ad\u00e4quate Au\u00dfendarstellung bzw. Au\u00dfenwahrnehmung erschwert bis verunm\u00f6glicht, was ohne eine Art <em>affirmative action<\/em> fr\u00fcher oder sp\u00e4ter zu einem Verlust der kulturellen Vielfalt f\u00fchren muss. Und zum anderen, dass Nationalismus auf Basis des institutionellen Status Quo paradoxerweise selbst unter vermeintlichen Antinationalisten ein weit h\u00f6heres Ansehen genie\u00dft als die Betonung\/Sichtbarmachung regionaler\/lokaler Identit\u00e4t(en), weil sogar dem Denken vieler selbsternannter Weltenb\u00fcrger die nationalstaatliche Ordnung und Integrit\u00e4t offenbar inh\u00e4rent ist.<\/p>\n<p><strong><span style=\"font-family: Helvetica, Arial, sans-serif; text-transform: uppercase;\">C\u00ebla enghe:<\/span><\/strong> <a title=\"Frenchness and Africanness.\" href=\"http:\/\/www.brennerbasisdemokratie.eu\/?p=41902\"><code>01<\/code><\/a> <a title=\"My experience is where I am from.\" href=\"http:\/\/www.brennerbasisdemokratie.eu\/?p=25405\"><code>02<\/code><\/a> <a title=\"ff mit Leseschw\u00e4che und Verst\u00e4ndnisproblemen.\" href=\"http:\/\/www.brennerbasisdemokratie.eu\/?p=38707\"><code>03<\/code><\/a> <a title=\"Kronbichlers Wut auf die \u00bbEuropeada\u00ab.\" href=\"http:\/\/www.brennerbasisdemokratie.eu\/?p=29528\"><code>04<\/code><\/a> <a title=\"Als Sarde bei der Tour de France.\" href=\"http:\/\/www.brennerbasisdemokratie.eu\/?p=35369\"><code>05<\/code><\/a> <a title=\"Zwei Meister der Inkonsistenz.\" href=\"http:\/\/www.brennerbasisdemokratie.eu\/?p=29562\"><code>06<\/code><\/a> <a title=\"Berufsnationalismus.\" href=\"http:\/\/www.brennerbasisdemokratie.eu\/?p=24869\"><code>07<\/code><\/a> <a title=\"Doch S\u00fcdtiroler in Schladming.\" href=\"http:\/\/www.brennerbasisdemokratie.eu\/?p=13858\"><code>08<\/code><\/a> <a title=\"Olympia abseits der Nationen.\" href=\"http:\/\/www.brennerbasisdemokratie.eu\/?p=12382\"><code>09<\/code><\/a> <a title=\"Call for team (III).\" href=\"http:\/\/www.brennerbasisdemokratie.eu\/?p=860\"><code>10<\/code><\/a>&nbsp;<a title=\"Olympia 21.\" href=\"http:\/\/www.brennerbasisdemokratie.eu\/?p=11\"><code>11<\/code><\/a>&nbsp;<a title=\"Tsch\u00f6ggl.\" href=\"http:\/\/www.brennerbasisdemokratie.eu\/?p=9457\"><code>12<\/code><\/a> <span style=\"font-family: Helvetica, Arial, sans-serif; font-weight: normal;\">||<\/span> <a title=\"Jannik Sinners reductio ad Hitlerum.\" href=\"https:\/\/www.brennerbasisdemokratie.eu\/?p=94583\"><span style=\"color: #ff8c00\"><code>01<\/code><\/span><\/a> <a title=\"Plankensteiner 2.0.\" href=\"https:\/\/www.brennerbasisdemokratie.eu\/?p=95950\"><span style=\"color: #ff8c00\"><code>02<\/code><\/span><\/a><\/p>","protected":false},"excerpt":{"rendered":"<p>Vor einigen Wochen war der aus meinem Nordtiroler Heimatort Telfes im Stubai stammende Rodelolympiasieger David Gleirscher in der ORF Promi-Millionenshow bei Armin Assinger zu Gast. Auf die Frage, ob einer wie er denn auch noch Vorbilder habe, antwortete Gleirscher: &#8220;Den Italiener Armin Z\u00f6ggeler&#8221;. Ich muss gestehen, dass das f\u00fcr mich als Beutes\u00fcdtiroler gerade aus dem [&hellip;]<\/p>","protected":false},"author":8,"featured_media":0,"comment_status":"open","ping_status":"open","sticky":false,"template":"","format":"standard","meta":{"_crdt_document":"","ngg_post_thumbnail":0,"_jetpack_memberships_contains_paid_content":false,"footnotes":""},"categories":[1],"tags":[],"class_list":["post-44757","post","type-post","status-publish","format-standard","hentry","category-allgemein","entity-euregio","issue-affirmative-action","issue-banalnationalism","issue-italianizzazione","issue-zitac","location-nord-osttirol","location-sudtirolo","language-deutsch","language-italiano","medium-der-standard","medium-orf","medium-socialmedia","medium-tt","topic-aussendarstellung","topic-foederalismus","topic-grenzen","topic-kohasion","topic-medien","topic-minderheitenschutz","topic-nationalismus","topic-sport","topic-vorzeigeautonomie","topic-zentralismus"],"jetpack_featured_media_url":"","jetpack_sharing_enabled":true,"_links":{"self":[{"href":"https:\/\/www.brennerbasisdemokratie.eu\/index.php?rest_route=\/wp\/v2\/posts\/44757","targetHints":{"allow":["GET"]}}],"collection":[{"href":"https:\/\/www.brennerbasisdemokratie.eu\/index.php?rest_route=\/wp\/v2\/posts"}],"about":[{"href":"https:\/\/www.brennerbasisdemokratie.eu\/index.php?rest_route=\/wp\/v2\/types\/post"}],"author":[{"embeddable":true,"href":"https:\/\/www.brennerbasisdemokratie.eu\/index.php?rest_route=\/wp\/v2\/users\/8"}],"replies":[{"embeddable":true,"href":"https:\/\/www.brennerbasisdemokratie.eu\/index.php?rest_route=%2Fwp%2Fv2%2Fcomments&post=44757"}],"version-history":[{"count":69,"href":"https:\/\/www.brennerbasisdemokratie.eu\/index.php?rest_route=\/wp\/v2\/posts\/44757\/revisions"}],"predecessor-version":[{"id":95977,"href":"https:\/\/www.brennerbasisdemokratie.eu\/index.php?rest_route=\/wp\/v2\/posts\/44757\/revisions\/95977"}],"wp:attachment":[{"href":"https:\/\/www.brennerbasisdemokratie.eu\/index.php?rest_route=%2Fwp%2Fv2%2Fmedia&parent=44757"}],"wp:term":[{"taxonomy":"category","embeddable":true,"href":"https:\/\/www.brennerbasisdemokratie.eu\/index.php?rest_route=%2Fwp%2Fv2%2Fcategories&post=44757"},{"taxonomy":"post_tag","embeddable":true,"href":"https:\/\/www.brennerbasisdemokratie.eu\/index.php?rest_route=%2Fwp%2Fv2%2Ftags&post=44757"}],"curies":[{"name":"wp","href":"https:\/\/api.w.org\/{rel}","templated":true}]}}