{"id":4523,"date":"2010-03-02T20:35:53","date_gmt":"2010-03-02T19:35:53","guid":{"rendered":"http:\/\/www.brennerbasisdemokratie.eu\/?p=4523"},"modified":"2022-01-19T10:51:03","modified_gmt":"2022-01-19T09:51:03","slug":"integrationsstreik","status":"publish","type":"post","link":"https:\/\/www.brennerbasisdemokratie.eu\/?p=4523","title":{"rendered":"Integrationsdesaster."},"content":{"rendered":"<p>Gestern war Zuwandererstreik. Mit dieser Form des Protestes wollten zahlreiche Immigranten darauf aufmerksam machen, dass sie einen unersetzlichen Beitrag dazu leisten, dass unsere Gesellschaft \u2014 oder banaler ausgedr\u00fcckt: unser Alltag \u2014 funktioniert. Diese Menschen d\u00fcrfen nicht dauernd angefeindet, ausgegrenzt und unter Generalverdacht gestellt werden, sondern sind als Vollmitglieder unserer Gesellschaft zu integrieren!<\/p>\n<blockquote><p><img loading=\"lazy\" decoding=\"async\" class=\"alignnone size-full wp-image-4522\" title=\"Zuwandererstreik.\" src=\"http:\/\/www.brennerbasisdemokratie.eu\/wp-content\/uploads\/2010\/03\/zuwandererstreik.jpg\" alt=\"Zuwandererstreik.\" width=\"450\" height=\"579\" srcset=\"https:\/\/www.brennerbasisdemokratie.eu\/wp-content\/uploads\/2010\/03\/zuwandererstreik.jpg 450w, https:\/\/www.brennerbasisdemokratie.eu\/wp-content\/uploads\/2010\/03\/zuwandererstreik-116x150.jpg 116w, https:\/\/www.brennerbasisdemokratie.eu\/wp-content\/uploads\/2010\/03\/zuwandererstreik-233x300.jpg 233w\" sizes=\"auto, (max-width: 450px) 100vw, 450px\" \/><\/p><\/blockquote>\n<p>Leider war die Veranstaltung selbst ein deutliches Alarmsignal f\u00fcr die mangelhafte Einbindung dieser Menschen in unsere Gesellschaft. Am Bozner Musterplatz, wo ich Gelegenheit hatte, mir eine farbenfrohe Streikveranstaltung kurz n\u00e4her anzusehen, bot sich das Bild einer ahnungslosen Parallelgesellschaft, die wir durch die Gleichg\u00fcltigkeit der Institutionen, der Bev\u00f6lkerung, ja selbst der NROs v\u00f6llig selbstverschuldet \u00bbheranz\u00fcchten\u00ab. Nicht nur, dass kein einziges deutsches Wort zu vernehmen war; bei ihrer \u00f6ffentlichen Pr\u00e4sentation stellten sich die Zuwanderer selbst als angeblich \u00bbgut integrierte Italiener\u00ab dar, die \u00bbdes Italienischen m\u00e4chtig\u00ab sind und \u00bbItalien lieben\u00ab. Nicht im mindesten Detail war feststellbar, dass sich jemand mit der mehrsprachigen und multikulturellen Realit\u00e4t dieses Landes auseinandergesetzt hatte \u2014 bzw. in irgendeiner Form damit konfrontiert wurde. Diese Menschen sind nicht in S\u00fcdtirol angekommen, und das finde ich ersch\u00fctternd. Das ist eine tickende Zeitbombe \u2014 nicht f\u00fcr die Mehrheit, die Minderheit, die Autonomie oder den Proporz, sondern f\u00fcr die Gesamtgesellschaft und <em>imprimis<\/em> f\u00fcr diese Menschen.<\/p>\n<p>Ich behaupte, dass gut integrierte (und nicht assimilierte!) Zuwanderer sogar f\u00fcr das Verh\u00e4ltnis zwischen Deutschen, Italienern und Ladinern ein Mehrwert und ein Entspannungsfaktor sein k\u00f6nnten, und dass dies mit relativ geringen finanziellen Mitteln m\u00f6glich w\u00e4re. So wie die Situation gehandhabt wird, handeln wir uns jedoch in absehbarer Zeit eine vierte Gruppe mit enormer sozialer Sprengkraft ein.<\/p>\n<p><strong><span style=\"font-family: Helvetica, Arial, sans-serif; text-transform: uppercase;\">C\u00ebla enghe:<\/span><\/strong> <a title=\"Senza Voce.\" href=\"https:\/\/www.brennerbasisdemokratie.eu\/?p=4688\" rel=\"\"><span style=\"color: #ff8c00\"><code>01<\/code><\/span><\/a><\/p>","protected":false},"excerpt":{"rendered":"<p>Gestern war Zuwandererstreik. Mit dieser Form des Protestes wollten zahlreiche Immigranten darauf aufmerksam machen, dass sie einen unersetzlichen Beitrag dazu leisten, dass unsere Gesellschaft \u2014 oder banaler ausgedr\u00fcckt: unser Alltag \u2014 funktioniert. Diese Menschen d\u00fcrfen nicht dauernd angefeindet, ausgegrenzt und unter Generalverdacht gestellt werden, sondern sind als Vollmitglieder unserer Gesellschaft zu integrieren! Leider war die [&hellip;]<\/p>","protected":false},"author":1,"featured_media":0,"comment_status":"open","ping_status":"open","sticky":false,"template":"","format":"standard","meta":{"_crdt_document":"","ngg_post_thumbnail":0,"_jetpack_memberships_contains_paid_content":false,"footnotes":""},"categories":[1],"tags":[],"class_list":["post-4523","post","type-post","status-publish","format-standard","hentry","category-allgemein","issue-proporz","location-sudtirolo","language-deutsch","topic-migraziun","topic-plurilinguism","topic-politik","topic-soziales"],"jetpack_featured_media_url":"","jetpack_sharing_enabled":true,"_links":{"self":[{"href":"https:\/\/www.brennerbasisdemokratie.eu\/index.php?rest_route=\/wp\/v2\/posts\/4523","targetHints":{"allow":["GET"]}}],"collection":[{"href":"https:\/\/www.brennerbasisdemokratie.eu\/index.php?rest_route=\/wp\/v2\/posts"}],"about":[{"href":"https:\/\/www.brennerbasisdemokratie.eu\/index.php?rest_route=\/wp\/v2\/types\/post"}],"author":[{"embeddable":true,"href":"https:\/\/www.brennerbasisdemokratie.eu\/index.php?rest_route=\/wp\/v2\/users\/1"}],"replies":[{"embeddable":true,"href":"https:\/\/www.brennerbasisdemokratie.eu\/index.php?rest_route=%2Fwp%2Fv2%2Fcomments&post=4523"}],"version-history":[{"count":6,"href":"https:\/\/www.brennerbasisdemokratie.eu\/index.php?rest_route=\/wp\/v2\/posts\/4523\/revisions"}],"predecessor-version":[{"id":70450,"href":"https:\/\/www.brennerbasisdemokratie.eu\/index.php?rest_route=\/wp\/v2\/posts\/4523\/revisions\/70450"}],"wp:attachment":[{"href":"https:\/\/www.brennerbasisdemokratie.eu\/index.php?rest_route=%2Fwp%2Fv2%2Fmedia&parent=4523"}],"wp:term":[{"taxonomy":"category","embeddable":true,"href":"https:\/\/www.brennerbasisdemokratie.eu\/index.php?rest_route=%2Fwp%2Fv2%2Fcategories&post=4523"},{"taxonomy":"post_tag","embeddable":true,"href":"https:\/\/www.brennerbasisdemokratie.eu\/index.php?rest_route=%2Fwp%2Fv2%2Ftags&post=4523"}],"curies":[{"name":"wp","href":"https:\/\/api.w.org\/{rel}","templated":true}]}}