{"id":45306,"date":"2019-01-22T11:59:17","date_gmt":"2019-01-22T10:59:17","guid":{"rendered":"http:\/\/www.brennerbasisdemokratie.eu\/?p=45306"},"modified":"2022-07-26T19:12:41","modified_gmt":"2022-07-26T17:12:41","slug":"neue-schubladisierung","status":"publish","type":"post","link":"https:\/\/www.brennerbasisdemokratie.eu\/?p=45306","title":{"rendered":"Neue Schubladisierung."},"content":{"rendered":"<p><img class=\"bbdlogo\" src=\"https:\/\/www.brennerbasisdemokratie.eu\/wp-content\/uploads\/bbdsmileys\/bbde.png\"> ist \u2014 auch \u2014 ein Archiv. Es geh\u00f6rt mit zu unseren gr\u00f6\u00dften Vorlieben, in der Vergangenheit zu st\u00f6bern und somit Entwicklungen aufzuzeigen oder auf Widerspr\u00fcche aufmerksam zu machen.<\/p>\n<p><u>Bislang<\/u> wurden alle Blogbeitr\u00e4ge in sogenannte <strong>Kategorien<\/strong> eingeordnet, manche zus\u00e4tzlich mit <strong>Schlagw\u00f6rtern<\/strong> <em>(Tags)<\/em> versehen. Mit der Zeit wurde das System aber immer undurchsichtiger. Ein Beispiel: In einem Blogartikel genannte Parteien f\u00fchrten zu Kategorisierung<sup class=\"modern-footnotes-footnote modern-footnotes-footnote--hover-on-desktop \" data-mfn=\"1\" data-mfn-post-scope=\"00000000000007e30000000000000000_45306\"><a href=\"javascript:void(0)\"  role=\"button\" aria-pressed=\"false\" aria-describedby=\"mfn-content-00000000000007e30000000000000000_45306-1\">1<\/a><\/sup><span id=\"mfn-content-00000000000007e30000000000000000_45306-1\" role=\"tooltip\" class=\"modern-footnotes-footnote__note\" tabindex=\"0\" data-mfn=\"1\">Kategorien \u00bbSVP\u00ab, \u00bbV\u00ebrc\u00ab oder \u00bbPD&amp;Co.\u00ab<\/span>, erw\u00e4hnte Medien hingegen zu Verschlagwortung<sup class=\"modern-footnotes-footnote modern-footnotes-footnote--hover-on-desktop \" data-mfn=\"2\" data-mfn-post-scope=\"00000000000007e30000000000000000_45306\"><a href=\"javascript:void(0)\"  role=\"button\" aria-pressed=\"false\" aria-describedby=\"mfn-content-00000000000007e30000000000000000_45306-2\">2<\/a><\/sup><span id=\"mfn-content-00000000000007e30000000000000000_45306-2\" role=\"tooltip\" class=\"modern-footnotes-footnote__note\" tabindex=\"0\" data-mfn=\"2\">Schlagw\u00f6rter \u00bbStol\u00ab, \u00bbDolo\u00ab oder \u00bbSalto\u00ab<\/span>. Warum? Nur weil es sich so entwickelt hatte.<\/p>\n<p><u>Ab sofort<\/u> gibt es \u2014 unter jedem Eintrag in der Einzelansicht, die man durch Anklicken des Titels erreicht \u2014 mehrere Schubladen: Beitr\u00e4ge k\u00f6nnen, wo zutreffend und sinnvoll, <strong>Themen<\/strong>, <strong>Schlagw\u00f6rter<\/strong>, <strong>Personen<\/strong>, <strong>Medien<\/strong>, <strong>Orte<\/strong>, <strong>Organisationen<\/strong> <em>(Entities)<\/em> und <strong>Sprachen<\/strong> zugeordnet werden. Das macht unsere Arbeit etwas aufw\u00e4ndiger (aber auch durchsichtiger), soll dann jedoch das Durchforsten unserer inzwischen \u00fcber 4.300 Beitr\u00e4ge erleichtern.<\/p>\n<p>Viele Informationen gibt es bereits: sie wurden einfach in die neuen Schubladen <em>(Taxonomies)<\/em> verschoben. Andere werden wir erst nach und nach hinzuf\u00fcgen, weshalb bis zum Abschluss dieses Prozesses Wochen, Monate oder Jahre vergehen k\u00f6nnen. Das Ansinnen ist aber klar: das <img class=\"bbdlogo\" src=\"https:\/\/www.brennerbasisdemokratie.eu\/wp-content\/uploads\/bbdsmileys\/bbde.png\">-Archiv <em>fortschreitend\/fortw\u00e4hrend<\/em> zu optimieren und das Durchst\u00f6bern f\u00fcr die Lerserinnen (zu denen wir uns ja auch selbst z\u00e4hlen) angenehmer und intuitiver zu machen.<\/p>\n<p>Anregungen und sonstige R\u00fcckmeldungen jederzeit gerne.<small><\/small><\/p>\n<ul class=\"modern-footnotes-list modern-footnotes-list--show-only-for-print\"><li><span>1<\/span><div>Kategorien \u00bbSVP\u00ab, \u00bbV\u00ebrc\u00ab oder \u00bbPD&amp;Co.\u00ab<\/div><\/li><li><span>2<\/span><div>Schlagw\u00f6rter \u00bbStol\u00ab, \u00bbDolo\u00ab oder \u00bbSalto\u00ab<\/div><\/li><\/ul>","protected":false},"excerpt":{"rendered":"<p>ist \u2014 auch \u2014 ein Archiv. Es geh\u00f6rt mit zu unseren gr\u00f6\u00dften Vorlieben, in der Vergangenheit zu st\u00f6bern und somit Entwicklungen aufzuzeigen oder auf Widerspr\u00fcche aufmerksam zu machen. Bislang wurden alle Blogbeitr\u00e4ge in sogenannte Kategorien eingeordnet, manche zus\u00e4tzlich mit Schlagw\u00f6rtern (Tags) versehen. Mit der Zeit wurde das System aber immer undurchsichtiger. Ein Beispiel: In einem [&hellip;]<\/p>","protected":false},"author":1,"featured_media":0,"comment_status":"open","ping_status":"open","sticky":false,"template":"","format":"standard","meta":{"_crdt_document":"","ngg_post_thumbnail":0,"_jetpack_memberships_contains_paid_content":false,"footnotes":""},"categories":[1],"tags":[],"class_list":["post-45306","post","type-post","status-publish","format-standard","hentry","category-allgemein","entity-bbd","language-deutsch","topic-interna"],"jetpack_featured_media_url":"","jetpack_sharing_enabled":true,"_links":{"self":[{"href":"https:\/\/www.brennerbasisdemokratie.eu\/index.php?rest_route=\/wp\/v2\/posts\/45306","targetHints":{"allow":["GET"]}}],"collection":[{"href":"https:\/\/www.brennerbasisdemokratie.eu\/index.php?rest_route=\/wp\/v2\/posts"}],"about":[{"href":"https:\/\/www.brennerbasisdemokratie.eu\/index.php?rest_route=\/wp\/v2\/types\/post"}],"author":[{"embeddable":true,"href":"https:\/\/www.brennerbasisdemokratie.eu\/index.php?rest_route=\/wp\/v2\/users\/1"}],"replies":[{"embeddable":true,"href":"https:\/\/www.brennerbasisdemokratie.eu\/index.php?rest_route=%2Fwp%2Fv2%2Fcomments&post=45306"}],"version-history":[{"count":9,"href":"https:\/\/www.brennerbasisdemokratie.eu\/index.php?rest_route=\/wp\/v2\/posts\/45306\/revisions"}],"predecessor-version":[{"id":73529,"href":"https:\/\/www.brennerbasisdemokratie.eu\/index.php?rest_route=\/wp\/v2\/posts\/45306\/revisions\/73529"}],"wp:attachment":[{"href":"https:\/\/www.brennerbasisdemokratie.eu\/index.php?rest_route=%2Fwp%2Fv2%2Fmedia&parent=45306"}],"wp:term":[{"taxonomy":"category","embeddable":true,"href":"https:\/\/www.brennerbasisdemokratie.eu\/index.php?rest_route=%2Fwp%2Fv2%2Fcategories&post=45306"},{"taxonomy":"post_tag","embeddable":true,"href":"https:\/\/www.brennerbasisdemokratie.eu\/index.php?rest_route=%2Fwp%2Fv2%2Ftags&post=45306"}],"curies":[{"name":"wp","href":"https:\/\/api.w.org\/{rel}","templated":true}]}}