{"id":45336,"date":"2019-01-22T18:22:37","date_gmt":"2019-01-22T17:22:37","guid":{"rendered":"http:\/\/www.brennerbasisdemokratie.eu\/?p=45336"},"modified":"2020-09-16T00:24:45","modified_gmt":"2020-09-15T22:24:45","slug":"gesundheit-zusammenarbeit-in-der-euregio","status":"publish","type":"post","link":"https:\/\/www.brennerbasisdemokratie.eu\/?p=45336","title":{"rendered":"Gesundheit: Zusammenarbeit in der Euregio."},"content":{"rendered":"<p>Vor wenigen Tagen trafen sich die Spitze des S\u00fcdtiroler Gesundheitsbetriebes <em>(Sabes)<\/em> und die Gesch\u00e4ftsleitung der <em>Tirol Kliniken<\/em> zu einem Gedankenaustausch. Ziel der Zusammenkunft war es, die Festigung und den Ausbau der Zusammenarbeit zu besprechen.<\/p>\n<p>Beteiligt waren unter anderem<\/p>\n<ul>\n<li>der neue <em>Sabes<\/em>-Generaldirektor <strong>Florian Zerzer<\/strong>;<\/li>\n<li>der aus S\u00fcdtirol stammende kaufm\u00e4nnische Direktor der <em>Tirol Kliniken<\/em> <strong>Stefan Deflorian<\/strong>;<\/li>\n<li>der ehemalige Bozner Primar und nunmehrige medizinische Leiter der Tirol Kliniken <strong>Christian J. Wiedermann<\/strong>;<\/li>\n<li>die S\u00fcdtiroler Pflegedirektorin <strong>Marianne Siller<\/strong> und<\/li>\n<li>Sanit\u00e4tsdirektor <strong>Thomas Lanthaler<\/strong>.<\/li>\n<\/ul>\n<p>Bei gemeinsamen Herausforderungen wie \u00c4rztinnen- und Pflegekr\u00e4ftemangel, Informatisierung oder Qualit\u00e4tsentwicklung wolle man sich gegenseitig mehr unterst\u00fctzen. Bei der elektronischen Fakturierung gebe es seit kurzem bereits einen engen Austausch. Und in anderen Bereichen wie der Telemedizin, an der in beiden Landesteilen intensiv gearbeitet werde, k\u00f6nnte man laut Stefan Deflorian weitere M\u00f6glichkeiten der Zusammenarbeit finden.<\/p>\n<p>Christian J. Wiedermann hob hingegen hervor, wie \u00bbgrundverschieden\u00ab die Gesundheitssysteme in \u00d6sterreich und Italien seien. Man k\u00f6nne aber voneinander lernen.<\/p>\n<p><strong><span style=\"font-family: Helvetica, Arial, sans-serif; text-transform: uppercase;\">C\u00ebla enghe:<\/span><\/strong> <a title=\"Getrennte Welten.\" href=\"http:\/\/www.brennerbasisdemokratie.eu\/?p=15814\"><code>01<\/code><\/a> <a title=\"Fachausbildung f\u00fcr \u00c4rztinnen reaktiviert.\" href=\"http:\/\/www.brennerbasisdemokratie.eu\/?p=45006\"><code>02<\/code><\/a> <a title=\"Rigide Vorschriften.\" href=\"http:\/\/www.brennerbasisdemokratie.eu\/?p=29847\"><code>03<\/code><\/a> <a title=\"Wenigstens das Doppelte.\" href=\"http:\/\/www.brennerbasisdemokratie.eu\/?p=40349\"><code>04<\/code><\/a> <a title=\"Grenz\u00fcberschreitende Rettung.\" href=\"http:\/\/www.brennerbasisdemokratie.eu\/?p=38903\"><code>05<\/code><\/a> <a title=\"Nationalisierter Gesundheitsbereich.\" href=\"http:\/\/www.brennerbasisdemokratie.eu\/?p=42829\"><code>06<\/code><\/a> <a title=\"Facharztausbildung.\" href=\"http:\/\/www.brennerbasisdemokratie.eu\/?p=34360\"><code>07<\/code><\/a> <a href=\"https:\/\/www.brennerbasisdemokratie.eu\/?p=60489\" title=\"Cerdanya: Das grenz\u00fcberschreitende Spital.\"><span style=\"color: #ff8c00\"><code>08<\/code><\/span><\/a><\/p>","protected":false},"excerpt":{"rendered":"<p>Vor wenigen Tagen trafen sich die Spitze des S\u00fcdtiroler Gesundheitsbetriebes (Sabes) und die Gesch\u00e4ftsleitung der Tirol Kliniken zu einem Gedankenaustausch. Ziel der Zusammenkunft war es, die Festigung und den Ausbau der Zusammenarbeit zu besprechen. Beteiligt waren unter anderem der neue Sabes-Generaldirektor Florian Zerzer; der aus S\u00fcdtirol stammende kaufm\u00e4nnische Direktor der Tirol Kliniken Stefan Deflorian; der [&hellip;]<\/p>","protected":false},"author":1,"featured_media":0,"comment_status":"open","ping_status":"open","sticky":false,"template":"","format":"standard","meta":{"_crdt_document":"","ngg_post_thumbnail":0,"_jetpack_memberships_contains_paid_content":false,"footnotes":""},"categories":[1],"tags":[],"class_list":["post-45336","post","type-post","status-publish","format-standard","hentry","category-allgemein","entity-euregio","entity-sabes","location-nord-osttirol","location-sudtirolo","language-deutsch","person-florian-zerzer","topic-gesundheit","topic-servicepublic","topic-tech_com"],"jetpack_featured_media_url":"","jetpack_sharing_enabled":true,"_links":{"self":[{"href":"https:\/\/www.brennerbasisdemokratie.eu\/index.php?rest_route=\/wp\/v2\/posts\/45336","targetHints":{"allow":["GET"]}}],"collection":[{"href":"https:\/\/www.brennerbasisdemokratie.eu\/index.php?rest_route=\/wp\/v2\/posts"}],"about":[{"href":"https:\/\/www.brennerbasisdemokratie.eu\/index.php?rest_route=\/wp\/v2\/types\/post"}],"author":[{"embeddable":true,"href":"https:\/\/www.brennerbasisdemokratie.eu\/index.php?rest_route=\/wp\/v2\/users\/1"}],"replies":[{"embeddable":true,"href":"https:\/\/www.brennerbasisdemokratie.eu\/index.php?rest_route=%2Fwp%2Fv2%2Fcomments&post=45336"}],"version-history":[{"count":7,"href":"https:\/\/www.brennerbasisdemokratie.eu\/index.php?rest_route=\/wp\/v2\/posts\/45336\/revisions"}],"predecessor-version":[{"id":60508,"href":"https:\/\/www.brennerbasisdemokratie.eu\/index.php?rest_route=\/wp\/v2\/posts\/45336\/revisions\/60508"}],"wp:attachment":[{"href":"https:\/\/www.brennerbasisdemokratie.eu\/index.php?rest_route=%2Fwp%2Fv2%2Fmedia&parent=45336"}],"wp:term":[{"taxonomy":"category","embeddable":true,"href":"https:\/\/www.brennerbasisdemokratie.eu\/index.php?rest_route=%2Fwp%2Fv2%2Fcategories&post=45336"},{"taxonomy":"post_tag","embeddable":true,"href":"https:\/\/www.brennerbasisdemokratie.eu\/index.php?rest_route=%2Fwp%2Fv2%2Ftags&post=45336"}],"curies":[{"name":"wp","href":"https:\/\/api.w.org\/{rel}","templated":true}]}}