{"id":4547,"date":"2010-03-11T20:21:34","date_gmt":"2010-03-11T19:21:34","guid":{"rendered":"http:\/\/www.brennerbasisdemokratie.eu\/?p=4547"},"modified":"2026-02-02T09:42:16","modified_gmt":"2026-02-02T08:42:16","slug":"rai-zum-land","status":"publish","type":"post","link":"https:\/\/www.brennerbasisdemokratie.eu\/?p=4547","title":{"rendered":"\u00abGi\u00f9 le mani\u00bb?"},"content":{"rendered":"<!-- Snippets by WebberZone Snippetz --><div class=\"ata_snippets\"><hr style=\"height: 20px; border: none; margin-top: 0em; background-color: darkred;\"\/><\/div><p><em>di Romano Viola<\/em><\/p>\n<p>C&#8217;era da scommetterci: alla notizia della possibile provincializzazione della Rai locale, i giornalisti italiani hanno subito gridato: \u00abGi\u00f9 le mani!\u00bb. E&#8217; dal 1992, anno della chiusura del Pacchetto, che noi italiani non facciamo che gridare: \u00abGi\u00f9 le mani!\u00bb, ad ogni nuova competenza provinciale. Ricordate? Gi\u00f9 le mani dalla scuola! Gi\u00f9 le mani dai beni demaniali dello Stato! Gi\u00f9 le mani dalle strade dell&#8217;Anas! Gi\u00f9 le mani dalle centrali elettriche! Gi\u00f9 le mani dal Conservatorio! Ogni volta venivano ipotizzati rischi spaventosi. Ed ogni volta, dopo la provincializzazione, tutto poi funzionava molto meglio di prima.<br \/>\nL&#8217;acme delle paure irrazionali fu raggiunto una dozzina di anni fa, con la provincializzazione della scuola. Ci furono strilli infiniti, a destra come a sinistra, al pensiero della libert\u00e0 d&#8217;insegnamento minacciata dall&#8217;orrida Svp. Poi, come sappiamo, la libert\u00e0 non \u00e8 stata toccata e il temuto Orco-Provincia ha pagato gli insegnanti molto pi\u00f9 che lo Stato: tanto strillare per nulla! Ci\u00f2 premesso, qualcuno mi spiega perch\u00e9 mai una Provincia che lascia piena libert\u00e0 agli insegnanti della scuola, del Conservatorio, dell&#8217;Universit\u00e0, dovrebbe toglierla proprio ai giornalisti della Rai?<br \/>\nNon sono uno specialista dell&#8217;informazione. Eppure a me sembra che una Rai provincializzata potrebbe aprire ai giornalisti italiani opportunit\u00e0 professionali &#8211; nonch\u00e9 occupazionali &#8211; di notevole interesse. Fino ad oggi, dopo tutto, hanno sempre dovuto dividere a met\u00e0 con la Rai di Trento i magri spazi disponibili per le trasmissioni radiotelevisive. Una Rai gestita della Provincia potrebbe garantire spazi molto maggiori. E i giornalisti potrebbero dare al gruppo linguistico italiano informazioni e servizi pi\u00f9 ampi e ricchi di quelli attuali.<br \/>\nPer finire, prendo il coraggio a due mani per un paio di domande un po&#8217; provocatorie: i giornalisti italiani della Rai di Bolzano non si sentono professionalmente un po&#8217; condizionati dal dover sempre lavorare in simbiosi, come gemelli siamesi, con la Rai di Trento? Non sarebbe forse allora molto pi\u00f9 vantaggioso per loro (se mi si passa la battuta) lanciare un bel \u00abLos von Trient!\u00bb, pi\u00f9 che il solito \u00abGi\u00f9 le mani dalla Rai!\u00bb?<\/p>\n<!-- Snippets by WebberZone Snippetz --><div class=\"ata_snippets\"><hr style=\"height: 10px;border: none;margin-top: 0px;background-color: darkred\" \/>\r\n\r\n<div style=\"background-color: none;padding: 0px;font-size: 14px;font-family: Helvetica,Arial;margin: 10px 0px 0px 0px\"><span style=\"color: darkred\"><strong><small>Autor:innen- und Gastbeitr\u00e4ge widerspiegeln nicht notwendigerweise die Meinung oder die Position von BBD, so wie die jeweiligen Verfasser:innen nicht notwendigerweise die Ziele von BBD unterst\u00fctzen.<\/small><\/strong><small>\u00b7 I contributi esterni non necessariamente riflettono le opinioni o la posizione di BBD, come a loro volta le autrici\/gli autori non necessariamente condividono gli obiettivi di BBD. \u2014 <a href=\"http:\/\/www.brennerbasisdemokratie.eu\/?page_id=11356#copyleft\"><strong>\u00a9<\/strong><\/a><\/small><\/span><\/div><\/div>","protected":false},"excerpt":{"rendered":"<p>di Romano Viola C&#8217;era da scommetterci: alla notizia della possibile provincializzazione della Rai locale, i giornalisti italiani hanno subito gridato: \u00abGi\u00f9 le mani!\u00bb. E&#8217; dal 1992, anno della chiusura del Pacchetto, che noi italiani non facciamo che gridare: \u00abGi\u00f9 le mani!\u00bb, ad ogni nuova competenza provinciale. Ricordate? Gi\u00f9 le mani dalla scuola! Gi\u00f9 le mani [&hellip;]<\/p>","protected":false},"author":10,"featured_media":0,"comment_status":"open","ping_status":"open","sticky":false,"template":"","format":"standard","meta":{"_crdt_document":"","ngg_post_thumbnail":0,"_jetpack_memberships_contains_paid_content":false,"footnotes":""},"categories":[751],"tags":[],"class_list":["post-4547","post","type-post","status-publish","format-standard","hentry","category-autorinnen-neu","entity-svp","language-italiano","medium-rai","topic-medien","topic-zustaendigkeiten"],"jetpack_featured_media_url":"","jetpack_sharing_enabled":true,"_links":{"self":[{"href":"https:\/\/www.brennerbasisdemokratie.eu\/index.php?rest_route=\/wp\/v2\/posts\/4547","targetHints":{"allow":["GET"]}}],"collection":[{"href":"https:\/\/www.brennerbasisdemokratie.eu\/index.php?rest_route=\/wp\/v2\/posts"}],"about":[{"href":"https:\/\/www.brennerbasisdemokratie.eu\/index.php?rest_route=\/wp\/v2\/types\/post"}],"author":[{"embeddable":true,"href":"https:\/\/www.brennerbasisdemokratie.eu\/index.php?rest_route=\/wp\/v2\/users\/10"}],"replies":[{"embeddable":true,"href":"https:\/\/www.brennerbasisdemokratie.eu\/index.php?rest_route=%2Fwp%2Fv2%2Fcomments&post=4547"}],"version-history":[{"count":11,"href":"https:\/\/www.brennerbasisdemokratie.eu\/index.php?rest_route=\/wp\/v2\/posts\/4547\/revisions"}],"predecessor-version":[{"id":40539,"href":"https:\/\/www.brennerbasisdemokratie.eu\/index.php?rest_route=\/wp\/v2\/posts\/4547\/revisions\/40539"}],"wp:attachment":[{"href":"https:\/\/www.brennerbasisdemokratie.eu\/index.php?rest_route=%2Fwp%2Fv2%2Fmedia&parent=4547"}],"wp:term":[{"taxonomy":"category","embeddable":true,"href":"https:\/\/www.brennerbasisdemokratie.eu\/index.php?rest_route=%2Fwp%2Fv2%2Fcategories&post=4547"},{"taxonomy":"post_tag","embeddable":true,"href":"https:\/\/www.brennerbasisdemokratie.eu\/index.php?rest_route=%2Fwp%2Fv2%2Ftags&post=4547"}],"curies":[{"name":"wp","href":"https:\/\/api.w.org\/{rel}","templated":true}]}}