{"id":4626,"date":"2010-03-31T21:37:19","date_gmt":"2010-03-31T19:37:19","guid":{"rendered":"http:\/\/www.brennerbasisdemokratie.eu\/?p=4626"},"modified":"2021-03-20T11:46:10","modified_gmt":"2021-03-20T10:46:10","slug":"5000","status":"publish","type":"post","link":"https:\/\/www.brennerbasisdemokratie.eu\/?p=4626","title":{"rendered":"5000+"},"content":{"rendered":"<blockquote><p><img loading=\"lazy\" decoding=\"async\" class=\"aligncenter size-full wp-image-4631\" title=\"Statistik M\u00e4rz 2010.\" src=\"http:\/\/www.brennerbasisdemokratie.eu\/wp-content\/uploads\/2010\/03\/statistik_mrz10.jpg\" alt=\"Statistik M\u00e4rz 2010.\" width=\"442\" height=\"93\" srcset=\"https:\/\/www.brennerbasisdemokratie.eu\/wp-content\/uploads\/2010\/03\/statistik_mrz10.jpg 442w, https:\/\/www.brennerbasisdemokratie.eu\/wp-content\/uploads\/2010\/03\/statistik_mrz10-150x31.jpg 150w, https:\/\/www.brennerbasisdemokratie.eu\/wp-content\/uploads\/2010\/03\/statistik_mrz10-300x63.jpg 300w\" sizes=\"auto, (max-width: 442px) 100vw, 442px\" \/><\/p><\/blockquote>\n<p>Im kurz vor seinem Ende stehenden Monat M\u00e4rz wurde erstmals seit Bloggr\u00fcndung die Marke von 5.000 Einzelbesucherinnen gesprengt. Diese gute Nachricht, die ich unseren Lesern verdanke, nehme ich auch zum Anlass, um auf die k\u00fcrzlich gegr\u00fcndete <em>Facebook<\/em>-Fanseite von <img class=\"bbdlogo\" src=\"https:\/\/www.brennerbasisdemokratie.eu\/wp-content\/uploads\/bbdsmileys\/bbde.png\"> hinzuweisen. Sie ist \u00fcber diesen Button in der Seitenleiste erreichbar:<\/p>\n<blockquote><p><a href=\"http:\/\/www.facebook.com\/pages\/Brennerbasisdemokratie\/392831326893\"><img loading=\"lazy\" decoding=\"async\" class=\"aligncenter\" title=\"Become a fan on Facebook.\" src=\"http:\/\/www.brennerbasisdemokratie.eu\/wp-content\/banner\/becomeafan.png\" alt=\"\" width=\"111\" height=\"22\" \/><\/a><\/p><\/blockquote>\n<p>Bis heute sind schon 61 Fans eingeschrieben \u2014 schaffen wir bis Ende April 100 Mitgliedschaften?<\/p>","protected":false},"excerpt":{"rendered":"<p>Im kurz vor seinem Ende stehenden Monat M\u00e4rz wurde erstmals seit Bloggr\u00fcndung die Marke von 5.000 Einzelbesucherinnen gesprengt. Diese gute Nachricht, die ich unseren Lesern verdanke, nehme ich auch zum Anlass, um auf die k\u00fcrzlich gegr\u00fcndete Facebook-Fanseite von hinzuweisen. Sie ist \u00fcber diesen Button in der Seitenleiste erreichbar: Bis heute sind schon 61 Fans eingeschrieben [&hellip;]<\/p>","protected":false},"author":1,"featured_media":0,"comment_status":"open","ping_status":"open","sticky":false,"template":"","format":"standard","meta":{"_crdt_document":"","ngg_post_thumbnail":0,"_jetpack_memberships_contains_paid_content":false,"footnotes":""},"categories":[1],"tags":[],"class_list":["post-4626","post","type-post","status-publish","format-standard","hentry","category-allgemein","issue-good-news","language-deutsch","medium-socialmedia"],"jetpack_featured_media_url":"","jetpack_sharing_enabled":true,"_links":{"self":[{"href":"https:\/\/www.brennerbasisdemokratie.eu\/index.php?rest_route=\/wp\/v2\/posts\/4626","targetHints":{"allow":["GET"]}}],"collection":[{"href":"https:\/\/www.brennerbasisdemokratie.eu\/index.php?rest_route=\/wp\/v2\/posts"}],"about":[{"href":"https:\/\/www.brennerbasisdemokratie.eu\/index.php?rest_route=\/wp\/v2\/types\/post"}],"author":[{"embeddable":true,"href":"https:\/\/www.brennerbasisdemokratie.eu\/index.php?rest_route=\/wp\/v2\/users\/1"}],"replies":[{"embeddable":true,"href":"https:\/\/www.brennerbasisdemokratie.eu\/index.php?rest_route=%2Fwp%2Fv2%2Fcomments&post=4626"}],"version-history":[{"count":14,"href":"https:\/\/www.brennerbasisdemokratie.eu\/index.php?rest_route=\/wp\/v2\/posts\/4626\/revisions"}],"predecessor-version":[{"id":64140,"href":"https:\/\/www.brennerbasisdemokratie.eu\/index.php?rest_route=\/wp\/v2\/posts\/4626\/revisions\/64140"}],"wp:attachment":[{"href":"https:\/\/www.brennerbasisdemokratie.eu\/index.php?rest_route=%2Fwp%2Fv2%2Fmedia&parent=4626"}],"wp:term":[{"taxonomy":"category","embeddable":true,"href":"https:\/\/www.brennerbasisdemokratie.eu\/index.php?rest_route=%2Fwp%2Fv2%2Fcategories&post=4626"},{"taxonomy":"post_tag","embeddable":true,"href":"https:\/\/www.brennerbasisdemokratie.eu\/index.php?rest_route=%2Fwp%2Fv2%2Ftags&post=4626"}],"curies":[{"name":"wp","href":"https:\/\/api.w.org\/{rel}","templated":true}]}}