{"id":46605,"date":"2019-02-22T20:08:01","date_gmt":"2019-02-22T19:08:01","guid":{"rendered":"http:\/\/www.brennerbasisdemokratie.eu\/?p=46605"},"modified":"2023-11-28T18:09:55","modified_gmt":"2023-11-28T17:09:55","slug":"mindestsicherung-und-burgerinneneinkommen","status":"publish","type":"post","link":"https:\/\/www.brennerbasisdemokratie.eu\/?p=46605","title":{"rendered":"Mindestsicherung und B\u00fcrgergeld."},"content":{"rendered":"<p>Das Land S\u00fcdtirol hat im Sozialbereich prim\u00e4re Gesetzgebungsbefugnis, doch auch diese Zust\u00e4ndigkeit droht im Zusammenhang mit dem staatlichen B\u00fcrgergeld unter die R\u00e4der zu kommen. Deshalb hatten, mit unterschiedlicher Akzentsetzung, sowohl <a title=\"Universelles soziales Grundeinkommen?\" href=\"http:\/\/www.brennerbasisdemokratie.eu\/?p=45143\">das AFI<\/a>, als <a title=\"Grundsicherung beim Land zusammenf\u00fchren.\" href=\"http:\/\/www.brennerbasisdemokratie.eu\/?p=45538\">auch Karl Tragust<\/a> (der als Vater des S\u00fcdtiroler Wohlfahrtssystems angesehen wird) k\u00fcrzlich eine Zusammenf\u00fchrung der neuen mit den bereits bestehenden Sozialleistungen angeregt \u2014 und zwar beim Land. Landeshauptmann Arno Kompatscher und die zust\u00e4ndige Landesr\u00e4tin Waltraud Deeg (beide <abbr title=\"S\u00fcdtiroler Volkspartei\">SVP<\/abbr>) wollen sich nun aber damit begn\u00fcgen, dass die B\u00fcrgerinnen selbst zwischen Mindestsicherung des Landes und staatlichem B\u00fcrgergeld entscheiden k\u00f6nnen. Die Einmischung des Zentralstaats in eine ureigene Kompetenz des Landes \u2014 und die damit einhergehende abermalige Schaffung eines Pr\u00e4zedenzfalls \u2014 wird somit wieder einmal hingenommen. Gleichzeitig geht die Koh\u00e4renz der aufeinander abgestimmten und vor Ort justierbaren Sozialleistungen des Landes verloren, weil sie durch eine weitere Ebene \u00fcberlagert werden.<\/p>\n<p><strong><span style=\"font-family: Helvetica, Arial, sans-serif; text-transform: uppercase;\">C\u00ebla enghe:<\/span><\/strong> <a title=\"Daten zum B\u00fcrgergeld.\" href=\"http:\/\/www.brennerbasisdemokratie.eu\/?p=47862\" rel=\"\"><span style=\"color: #ff8c00\"><code>01<\/code><\/span><\/a> <a title=\"SVP will Arbeitslosengeld beim NISF lassen.\" href=\"http:\/\/www.brennerbasisdemokratie.eu\/?p=53298\"><span style=\"color: #ff8c00\"><code>02<\/code><\/span><\/a> <a href=\"https:\/\/www.brennerbasisdemokratie.eu\/?p=82128\" title=\"Meloni macht Italien zur Sozialw\u00fcste.\"><span style=\"color: #ff8c00\"><code>03<\/code><\/span><\/a><\/p>","protected":false},"excerpt":{"rendered":"<p>Das Land S\u00fcdtirol hat im Sozialbereich prim\u00e4re Gesetzgebungsbefugnis, doch auch diese Zust\u00e4ndigkeit droht im Zusammenhang mit dem staatlichen B\u00fcrgergeld unter die R\u00e4der zu kommen. Deshalb hatten, mit unterschiedlicher Akzentsetzung, sowohl das AFI, als auch Karl Tragust (der als Vater des S\u00fcdtiroler Wohlfahrtssystems angesehen wird) k\u00fcrzlich eine Zusammenf\u00fchrung der neuen mit den bereits bestehenden Sozialleistungen angeregt [&hellip;]<\/p>","protected":false},"author":1,"featured_media":0,"comment_status":"open","ping_status":"open","sticky":false,"template":"","format":"standard","meta":{"_crdt_document":"","ngg_post_thumbnail":0,"_jetpack_memberships_contains_paid_content":false,"footnotes":""},"categories":[1],"tags":[],"class_list":["post-46605","post","type-post","status-publish","format-standard","hentry","category-allgemein","entity-afi","entity-land-sudtirol","entity-svp","location-italy","location-sudtirolo","language-deutsch","person-arno-kompatscher","person-waltraud-deeg","topic-politik","topic-soziales","topic-staatland","topic-wirtschaft","topic-zentralismus","topic-zustaendigkeiten"],"jetpack_featured_media_url":"","jetpack_sharing_enabled":true,"_links":{"self":[{"href":"https:\/\/www.brennerbasisdemokratie.eu\/index.php?rest_route=\/wp\/v2\/posts\/46605","targetHints":{"allow":["GET"]}}],"collection":[{"href":"https:\/\/www.brennerbasisdemokratie.eu\/index.php?rest_route=\/wp\/v2\/posts"}],"about":[{"href":"https:\/\/www.brennerbasisdemokratie.eu\/index.php?rest_route=\/wp\/v2\/types\/post"}],"author":[{"embeddable":true,"href":"https:\/\/www.brennerbasisdemokratie.eu\/index.php?rest_route=\/wp\/v2\/users\/1"}],"replies":[{"embeddable":true,"href":"https:\/\/www.brennerbasisdemokratie.eu\/index.php?rest_route=%2Fwp%2Fv2%2Fcomments&post=46605"}],"version-history":[{"count":9,"href":"https:\/\/www.brennerbasisdemokratie.eu\/index.php?rest_route=\/wp\/v2\/posts\/46605\/revisions"}],"predecessor-version":[{"id":82141,"href":"https:\/\/www.brennerbasisdemokratie.eu\/index.php?rest_route=\/wp\/v2\/posts\/46605\/revisions\/82141"}],"wp:attachment":[{"href":"https:\/\/www.brennerbasisdemokratie.eu\/index.php?rest_route=%2Fwp%2Fv2%2Fmedia&parent=46605"}],"wp:term":[{"taxonomy":"category","embeddable":true,"href":"https:\/\/www.brennerbasisdemokratie.eu\/index.php?rest_route=%2Fwp%2Fv2%2Fcategories&post=46605"},{"taxonomy":"post_tag","embeddable":true,"href":"https:\/\/www.brennerbasisdemokratie.eu\/index.php?rest_route=%2Fwp%2Fv2%2Ftags&post=46605"}],"curies":[{"name":"wp","href":"https:\/\/api.w.org\/{rel}","templated":true}]}}