{"id":47343,"date":"2019-03-15T14:57:33","date_gmt":"2019-03-15T13:57:33","guid":{"rendered":"http:\/\/www.brennerbasisdemokratie.eu\/?p=47343"},"modified":"2025-06-11T14:07:26","modified_gmt":"2025-06-11T12:07:26","slug":"kurze-geschichte-faschistischer-squats-in-italien","status":"publish","type":"post","link":"https:\/\/www.brennerbasisdemokratie.eu\/?p=47343","title":{"rendered":"Kurze Geschichte faschistischer Squats in Italien."},"content":{"rendered":"<!-- Snippets by WebberZone Snippetz --><div class=\"ata_snippets\"><hr style=\"height: 20px; border: none; margin-top: 0em; background-color: darkred;\"\/><\/div><p><em>von Heiko Koch<\/em><\/p>\n<blockquote><p><img loading=\"lazy\" decoding=\"async\" class=\"wp-image-4411 aligncenter\" src=\"http:\/\/antifra.blog.rosalux.de\/files\/2019\/02\/Screenshot_2019-02-17-CasaPound-Italia.png\" alt=\"\" width=\"144\" height=\"194\"\/><\/p><\/blockquote>\n<p><em><small>Demonstrationsaufruf: \u00bbCasaPound \u2014 non si tocca!\u00ab (dt.: CasaPound r\u00fchrt man nicht an!) (screenshot)<\/small><\/em><\/p>\n<p>Mitglieder der Bewegungspartei <em>CasaPound Italia<\/em> demonstrierten am 8. Februar 2019 vor dem Campidoglio, dem Sitz des r\u00f6mischen B\u00fcrgermeisteramts. Unter dem Motto \u00bb<em>CasaPound non si tocca!\u00ab<\/em>&nbsp;(dt.: CasaPound r\u00fchrt man nicht an!) protestierten sie gegen den Ratsbeschluss von Ende Januar 2019, der die R\u00e4umung der <em>CasaPound<\/em>-Zentrale in der Via Napoleone III festlegt. Mit der R\u00e4umung dieses Geb\u00e4udes w\u00fcrde nicht nur die bekannteste Besetzung italienischer Faschist*innen enden. Auch das Wahrzeichen der <em>CasaPound Italia<\/em> als national-revolution\u00e4re Bewegung w\u00e4re <em>tempi passati<\/em>. Grund genug, sich die Geschichte der Besetzungen \u00bb<em>sotto il tricolore e non sotto la bandiera rossa\u00ab<\/em>&nbsp;(dt.: unter der nationalen Trikolore und nicht der roten Fahne), wie Parteichef Gianluca Ianonne es bezeichnete, genauer anzusehen.<\/p>\n<h6>Faschistische Sozialzentren \u2014 Centri Sociali di destra<\/h6>\n<p>Zu einem Novum in der Rechten \u2014 und das nicht nur in Italien \u2014 z\u00e4hlen die sogenannten \u00bb<em>Centri Sociali di Destra\u00ab<\/em>&nbsp;(dt.: Rechte Sozialzentren). Diese rechten Hausbesetzungen entstanden Anfang des Jahrtausends in Italien und fanden ihren Aktionsschwerpunkt in Rom. Einer der Hauptprotagonisten war die Bewegung <em>CasaPound.<\/em><\/p>\n<p>Bis zur Jahrtausendwende waren Hausbesetzungen als rebellische Form des Protests und widerst\u00e4ndige Raumnahme ein Primat der linken, subkulturellen und progressiven sozialen Bewegungen gewesen. Jetzt praktizierte sie auch die radikale Rechte. Diese Besetzungen fanden europaweit viel Beachtung und Aufmerksamkeit: Nicht nur in der b\u00fcrgerlichen Presse, die sich am illegalen Novum erfreute, und bei der politischen Linken, die sich um ein Alleinstellungsmerkmal beraubt sah. Auch bei den rechten Parteien und Bewegungen sorgten die Besetzungen f\u00fcr Furore. Heute geh\u00f6rt es f\u00fcr bewegungsorientierte Rechte unterschiedlichster Str\u00f6mungen und Parteien zum \u00bbguten Ton\u00ab einmal im Hauptsitz der <em>CasaPound Italia<\/em> \u2014 in der Via Napoleone III Nummer 8 \u2014 gewesen zu sein. Daf\u00fcr reisen sie aus allen europ\u00e4ischen L\u00e4ndern, aber auch aus Kanada, den USA, Argentinien usw. an. Ein Foto auf der Dachterrasse des <em>CasaPound<\/em>-Hauptsitzes kommt einer Troph\u00e4e, ein Foto mit dem \u00bbF\u00fchrer\u00ab Gianluca Ianonne einem Adelsschlag gleich. Denn <em>CasaPound Italia<\/em> hat es geschafft, sich weltweit als national-revolution\u00e4re Avantgarde zu profilieren. Und dies auch \u00fcber den Ruf, die \u00bbHausbesetzer von Rechts\u00ab zu sein. Ein Ruf, der so nicht den Tatsachen entspricht. Gibt es doch jenseits der <em>CasaPound Italia<\/em> faschistische Besetzungen, die, anders als <em>CasaPound Italia,<\/em> auch heute noch Wohnraum aus politischen Motiven besetzen. F\u00fcr diese rechten Str\u00f6mungen und Parteien geh\u00f6ren Besetzungen aber nicht zu ihrem zentralen Selbstverst\u00e4ndnis und\/oder Gr\u00fcndungsmythos. So nutzt z.B. die faschistische Kleinstpartei <em>Forza Nuova<\/em>&nbsp;(dt.: Neue Kraft) unter Roberto Fiore Hausbesetzungen rein optional in ihrer rassistsichen Kampagnenpolitik. Und die Faschisten des r\u00f6mischen <em>Centro di Destra Foro 753<\/em>&nbsp;nutzen ihre Immobilie als sozial-politischen Treffpunkt, ohne darin mehr als einen wichtigen Faktor ihrer Infrastruktur zu verstehen. Um eine Vermarktung in Form eines Images haben sie sich nie bem\u00fcht. Deswegen sind diese rechten Besetzungen und ihre Protagonist*innen jenseits Italiens auch nicht weiter bekannt.<!--more--><\/p>\n<figure id=\"attachment_4408\" aria-describedby=\"caption-attachment-4408\" style=\"width: 299px\" class=\"wp-caption aligncenter\"><img loading=\"lazy\" decoding=\"async\" class=\"wp-image-4408\" src=\"http:\/\/antifra.blog.rosalux.de\/files\/2019\/02\/CasaPound-Demonstration-gegen-die-B%C3%BCrgermeisterin-Virginia-RaggiManifestazione-in-Campidoglio-contro-Virginia-Raggi-am-08.02.2019-screeshot.png\" alt=\"\" width=\"299\" height=\"188\"\/><figcaption id=\"caption-attachment-4408\" class=\"wp-caption-text\">CasaPound-Demonstration gegen eine drohende R\u00e4umung am 08.02.2019 \u2014 Transparent: Raggi \u2014 B\u00fcrgermeisterin der Roma und Illegalen (screenshot)<\/figcaption><\/figure>\n<p><em>CasaPound<\/em> hingegen hat ihre Besetzungen als Image in einer Vermarktungsstrategie optimal auf dem Feld der rechten Politinszenierungen platziert. Dieses Image soll, neben der Propaganda im Heimatland, f\u00fcr einen transnationalen Bekanntheitsgrad sorgen und dem Export ihres national-revolution\u00e4ren Bewegungsansatzes dienen. Dabei f\u00e4llt die Bilanz nach fast zwei Dekaden faschistischer Besetzungen durch <em>CasaPound<\/em> \u00e4u\u00dferst mager aus. Kein Wunder also, wenn der schmale Output ihrer Besetzungen um so mehr verkl\u00e4rt und mythologisiert wird. Dass bei den st\u00e4dtischen Ank\u00fcndigungen, den Hauptsitz der <em>CasaPound Italia<\/em> in Rom r\u00e4umen zu wollen, die Emotionen der Faschist*innen Ende Januar hochkochten, kann also nicht verwundern.<a class=\"sdfootnoteanc\" href=\"#sdfootnote1sym\" name=\"sdfootnote1anc\"><sup>1<\/sup><\/a><\/p>\n<h6><em>CasaPound Italia<\/em> \u2013 eine Bewegungspartei im Konflikt<\/h6>\n<p>Generell nehmen die \u00bb<em>Centri Sociali di Destra\u00ab<\/em>&nbsp;f\u00fcr die Bewegungspartei <em>CasaPound Italia<\/em> eine besondere Rolle ein. Besetzungen waren die exponierte Praxis zum Anfang ihrer Bewegung und geh\u00f6ren zwingend zu ihrer Vita, ihrem Selbstverst\u00e4ndnis und ihrer Selbstdarstellung. Die Besetzungen stellen ein Kernelement ihres Anti-System-Narrativs und national-revolution\u00e4ren Mythos dar, den sie immerfort propagieren. Schaut man sich die Geschichtsschreibung der <em>CasaPound<\/em> auf ihrer Internetseite an<a class=\"sdfootnoteanc\" href=\"#sdfootnote2sym\" name=\"sdfootnote2anc\"><sup>2<\/sup><\/a>, so vergleicht sie ihre Entstehungs- und Besetzungsgeschichte sogar mit dem Osteraufstand in Dublin von 1916. <em>CasaPound<\/em> schreibt sich aus William Butler Yeats&#8217; Gedicht \u00fcber den Aufstand <em>Easter, 1916<\/em>&nbsp;die Zeile \u00bbEine schreckliche Sch\u00f6nheit wurde geboren\u00ab zu. Und was w\u00e4re die republikanische Bewegung Irlands ohne die Besetzung und den Kampf um das <em>General Post Office<\/em> (GPO) auf der O&#8217;Connell Street im Zuge dieses Aufstandes? Mit den Besetzungen und vor allem mit ihrer r\u00f6mischen Zentrale in der Via Napoleone III hat sich die <em>CasaPound Italia<\/em> ein Label verpasst, positioniert sich mit dem Hausbesetzer-Image strategisch auf dem Markt der rechten Utopien und verkauft so transnational ihr national-revolution\u00e4res Bewegungsmodell.<\/p>\n<figure id=\"attachment_4433\" aria-describedby=\"caption-attachment-4433\" style=\"width: 293px\" class=\"wp-caption aligncenter\"><img loading=\"lazy\" decoding=\"async\" class=\"wp-image-4433\" src=\"http:\/\/antifra.blog.rosalux.de\/files\/2019\/02\/Screenshot_2019-02-23-Hogar-Social-16.05.2018.png\" alt=\"\" width=\"293\" height=\"181\"\/><figcaption id=\"caption-attachment-4433\" class=\"wp-caption-text\">Der Sitz des \u00bbHogar Social Madrid\u00ab in der ehemaligen Banca Privada de Andorra in Madrid (screenshot)<\/figcaption><\/figure>\n<p>Kein Wunder also, dass sich auch die Apologeten <em>CasaPounds<\/em> in Hausbesetzungen \u00fcben. So das <em>Hogar Social Madrid,<\/em> das seit rund vier Jahren gr\u00f6\u00dfere Objekte in der spanischen Hauptstadt besetzt. Oder die <em>Bastion Social,<\/em> die der franz\u00f6sische Pr\u00e4sident Emmanuel Marcon neben <em>Blood and Honour<\/em> und <em>Combat 18<\/em> zur Zeit verbieten will. So besetzte die <a href=\"http:\/\/antifra.blog.rosalux.de\/casapound-macht-schule-bastion-social-nachahmer-in-frankreich\/\"><em>Bastion Social<\/em><\/a> zum Auftakt ihrer Bewegung im Mai 2017 ein Geb\u00e4ude in Lyon.<\/p>\n<figure id=\"attachment_4439\" aria-describedby=\"caption-attachment-4439\" style=\"width: 329px\" class=\"wp-caption aligncenter\"><img loading=\"lazy\" decoding=\"async\" class=\"wp-image-4439\" src=\"http:\/\/antifra.blog.rosalux.de\/files\/2019\/02\/Hausbesetzung-der-Strasburger-Bastion-Social-Mitglieder-von-LArcadia-im-els%C3%A4ssischen-Entzheim-Februar-2019-screenshot.png\" alt=\"\" width=\"329\" height=\"161\"\/><figcaption id=\"caption-attachment-4439\" class=\"wp-caption-text\">Hausbesetzung der Strasburger Bastion Social \u00bbL\u2019Arcadia\u00ab im els\u00e4ssischen Entzheim \u2014 Februar 2019 (screenshot)<\/figcaption><\/figure>\n<p>Und seit dem 16. Februar 2019 h\u00e4lt ihr Stra\u00dfburger Ableger unter dem Namen <em>L&#8217;Arcadia<\/em> in der els\u00e4ssischen Gemeinde Entzheim ein Geh\u00f6ft besetzt und renoviert es. Und das rechtsradikale ukrainische <em>Azov<\/em>-Regiment baute in den letzten Jahren nicht nur seine milit\u00e4rische Infrastruktur aus, sondern gab sich nach <em>CasaPound Italia<\/em>-Vorbild einen Zivilverband, eine Partei und im Herzen Kiews ein \u00bbKosakenhaus\u00ab.<\/p>\n<p>F\u00fcr die Bewegung <em>CasaPound<\/em> haben ihre Besetzungen, insbesondere die Via Napoleone III, einen hohen ideologischen, propagandistischen und strategischen Wert. Zeitgleich bilden die Besetzungen und ihr illegaler Status aber auch eine Achillesferse f\u00fcr die auf Legalit\u00e4t angewiesene Wahlpartei <em>CasaPound Italia.<\/em> Ein Widerspruch, der angesichts einer drohenden R\u00e4umung eine gro\u00dfe interne Sprengkraft f\u00fcr <em>CasaPound Italia<\/em> bedeutet. Wie soll, darf, kann eine Wahlpartei reagieren? Wie muss eine national-revolution\u00e4re Bewegung das Herzst\u00fcck ihres Mythos verteidigen? <em>CasaPound Italia<\/em> steht vor einem Dilemma. Wie sie bei einer R\u00e4umung auch handeln w\u00fcrde, in der einen oder anderen Richtung w\u00fcrde sie einen Verlust hinnehmen m\u00fcssen: Entweder als Partei oder als Bewegung.<\/p>\n<p>Als Bewegungspartei steht <em>CasaPound Italia<\/em> in einem klassischen Widerspruch, unterschiedliche und teils divergierende Ans\u00e4tze miteinander vereinigen zu m\u00fcssen. Mit dem Schritt zur Partei hat sich <em>CasaPound<\/em> nach 10 Jahren Bewegung nicht nur eine weitere Option zur Erk\u00e4mpfung der Macht im Staat geschaffen. <em>CasaPound Italia<\/em> befindet sich nun als Partei in dem verregelten und b\u00fcrokratischen System der Parteien, Institutionen und Verwaltungen, sowie in einem verpflichtenden System von Legalit\u00e4t und Seriosit\u00e4t. Dieses System folgt anderen Logiken und Gesetzm\u00e4\u00dfigkeiten als eine Bewegung. Diese, die Macht und den Staat stabilisierende Elemente und Kr\u00e4fte vertragen sich schwer mit dem Charakter einer Bewegung, der es vorrangig darum geht, Protest zu artikulieren und Aktionen mit dem Ziel sozialer und politischer Ver\u00e4nderungen zu starten. Bewegungen befinden sich in einem permanenten Zustand der Mobilisierung, sonst stagnieren sie, verlieren an Koh\u00e4renz, Antrieb und Zielsetzungen und h\u00f6ren schlie\u00dflich auf, Bewegung zu sein. Bewegungen sind darauf aus, Strategie und Taktik, Propaganda und Aktion, Zeit und Ort ihres Aktivismus&#8217; nach ihren eigenen Bed\u00fcrfnissen, Zielen und Logiken der Ver\u00e4nderung und nicht nach der verordnenden Regeln der jeweiligen Machtstrukturen zu bestimmen, denen sie unterworfen sind. In diesem \u2014 mit dem Wahlerfolg wachsenden \u2014 Spagat befindet sich <em>CasaPound Italia<\/em> seit f\u00fcnf Jahren. Auf der einen Seite das Bed\u00fcrfnis nach maximalem Stimmenzugewinn und somit Einordnung in das b\u00fcrgerliche Parteiensystem mit seinen legalistischen Regeln. Auf der anderen Seite der national-revolution\u00e4re Anspruch eine Bewegung im Kampf um die Macht zu sein. Dieser Kernwiderspruch deutet auf Fragen mit au\u00dferordentlichen Spalt- und Zentrifugalkr\u00e4ften f\u00fcr eine Bewegungspartei hin: Funktioniert die Partei als Dienstleister der Bewegung? Ist die Partei Sprachrohr, Finanzier und Ressource der Bewegung? Oder ist sie gar Avantgarde der Bewegung \u2014 treibt sie die Bewegung nach vorne? Und umgekehrt: Verkommt die Bewegung lediglich zur Rekrutierungsbasis, Mobilisierungs- und W\u00e4hler*innenreservoir einer sich von der Basis absetzenden und verb\u00fcrgerlichenden Parteistruktur? Wird die Bewegung im Laufe der Zeit zu einer abgenutzten und versiegenden Sch\u00f6pf- und Kraftquelle der Partei? Oder schaffen es Partei und Bewegung sich gegenseitig und dauerhaft zu erg\u00e4nzen und zu befruchten?<\/p>\n<p>Man wird sehen, wie sich in Zukunft die Bewegungspartei <em>CasaPound Italia<\/em> entwickeln wird. Aktuell w\u00fcrde eine R\u00e4umung der Via Napoleone III nicht nur ein Schlaglicht auf diese Entwicklung und den internen Konflikt werfen. Eine R\u00e4umung der Zentrale der Faschist*innen w\u00fcrde zur Zeit den <em>fascisti del terzo millennio<\/em>&nbsp;(dt.: Faschist*innen des 3. Jahrtausends) einen geh\u00f6rigen Schaden zuf\u00fcgen.<\/p>\n<h6>Rechte Besetzungen in Rom<\/h6>\n<p>Offiziell entstand die Bewegung <em>CasaPound Italia<\/em> am 26. Dezember 2003 anl\u00e4sslich der Besetzung eines sechsst\u00f6ckigen Wohnhauses in der Via Napoleone III im Stadtteil Esquilino. Die rechten Aktivist*innen, die sich in dieser Nacht des Hauses Nummer 8 unweit des r\u00f6mischen Hauptbahnhofs bem\u00e4chtigten, entstammten den verschiedenen Milieus der extremen Rechten der italienischen Hauptstadt. Den Traditionsfaschist*innen der \u00bbMSI \u2014 <em>Fiamma Tricolore\u00ab,<\/em> dem national-revolution\u00e4ren Skinheadmilieu der \u00bb<em>Movimento Politico Occidentale\u00ab,<\/em> diverser faschistischer Jugend- und Studentenorganisationen, die sich der so genannten \u00bb<em>Terza Posizione\u00ab<\/em>&nbsp;(dt.: Dritten Position) verbunden sahen, sowie der Subkulturen des Rechtsrocks und der Fu\u00dfballstadien. Ihre Besetzung nannten sie <em>Casa Pound<\/em> \u2014 nach dem antisemitischen, US-amerikanischen Literaten Ezra Pound (1885 \u2013 1972), der von 1924 bis 1945 in Italien lebte und das faschistische Regime unter Benito Mussolini unterst\u00fctzte.<a class=\"sdfootnoteanc\" href=\"#sdfootnote3sym\" name=\"sdfootnote3anc\"><sup>3<\/sup><\/a><\/p>\n<p>Schon eineinhalb Jahre zuvor hatten einige von ihnen am 12. Juli 2002 in der Via Tiberina 801 eine leerstehende Liegenschaft \u2014 ein ehemaliges <em>\u00bbCasa del Fascio\u00ab<\/em> (dt.: Haus des <span class=\"glossaryLink \" title=\"Glossary: Faschismus\" data-tooltip=\"Streng hierarchische Regierungsform und elit\u00e4re Gesellschaftsformation, ohne demokratische Meinungsfreiheit, autorit\u00e4rem F\u00fchrerprinzip, offenem und extremem Rassismus, massive Gewalt gegen Andersdenkende, antiliberaler, v\u00f6lkischer Ideologie und nationalem Chauvinismus. Die brutalste Form des Faschismus war der deutsche Nationalsozialismus, dessen Rassismus und Antisemitismus zum Holocaust f\u00fchrte.\">Faschismus<\/span>) \u2013 besetzt.<a class=\"sdfootnoteanc\" href=\"#sdfootnote4sym\" name=\"sdfootnote4anc\"><sup>4<\/sup><\/a> Sie nannten die Besetzung <em>Casa Montag,<\/em> nach dem gleichnamigen Helden aus Ray Bradburys Roman <em>Fahrenheit 451,<\/em> und nutzten es f\u00fcr sozio-kulturelle und politische Veranstaltungen. In ihrer Sprache nannten die Faschist*innen diese Besetzung eine \u00bb<em>Occupazione Non Conforme\u00ab<\/em>&nbsp;(ONC) (dt.: nicht-konforme Besetzung).<\/p>\n<p>Die Bezeichnung \u00bb<em>non conforme\u00ab<\/em>&nbsp;wurde zu einem Markenzeichen dieser Szenen \u2014 vor allem bei <em>CasaPound.<\/em> <em>CasaPound<\/em> versteht sich als \u00bbnonkonforme\u00ab Bewegung und nutzt diese Bezeichnung f\u00fcr ihre Besetzungen, Buchhandlungen, Medien, Musikbands, Modemarken usw. Dieser Begriff hilft ihr, sich nach au\u00dfen hin nicht dauerhaft verorten und festzulegen zu m\u00fcssen, bzw. verortet und festgelegt zu werden. Derart diffus definiert und dar\u00fcber fluid handlungsf\u00e4hig, sinken die sich bietende Angriffsfl\u00e4chen f\u00fcr ihre politischen Gegner*innen. Somit nutzt <em>CasaPound Italia<\/em> hier eine der Diskursstrategien der <em>Nouvelle Droite.<\/em><\/p>\n<figure id=\"attachment_4409\" aria-describedby=\"caption-attachment-4409\" style=\"width: 137px\" class=\"wp-caption aligncenter\"><img loading=\"lazy\" decoding=\"async\" class=\"wp-image-4409\" src=\"http:\/\/antifra.blog.rosalux.de\/files\/2019\/02\/Screenshot_2019-02-16-foro-jpg-JPEG-Grafik-617-%C3%97-960-Pixel-Skaliert-93-2013.png\" alt=\"\" width=\"137\" height=\"191\"\/><figcaption id=\"caption-attachment-4409\" class=\"wp-caption-text\">Plakat zum 10. Jahrestag des rechten Sozialzentrums \u00bbForo 753\u00ab (screenshot)<\/figcaption><\/figure>\n<p>Die Besetzung der <em>Casa Montag<\/em>&nbsp;und die kommenden Besetzungen wurden nicht allein von dem Kreis getragen, der sp\u00e4ter <em>CasaPound<\/em> bilden sollte. So besetzten andere Faschist*innen, die der <em>Alleanza Nazionale<\/em> nahe standen, u.a. die <em>Azione Giovani<\/em> (dt.: Junge Aktion), im September 2003 ein Geb\u00e4ude in der r\u00f6mischen Via Capo D\u2019Africa und nannten es <em>Foro 753<\/em>.<a class=\"sdfootnoteanc\" href=\"#sdfootnote5sym\" name=\"sdfootnote5anc\"><sup>5<\/sup><\/a> Von diesen beiden ersten erfolgreichen Besetzungen ermuntert, erfolgte einige Monate sp\u00e4ter die Besetzung in der Via Napoleone III. Gianluca Ianonne &amp; Co. zogen von der Peripherie in das Zentrum Roms. Aus der Mietskaserne in der N\u00e4he des Hauptbahnhofs wurden Nationalfahnen geh\u00e4ngt und Banner mit den Parolen \u00bb<em>Contro ogni usura\u00ab,<\/em>&nbsp;\u00bb<em>No al carovita\u00ab<\/em> und \u00bb<em>L\u2019affitto \u00e8 usura\u00ab<\/em>&nbsp;(dt.: \u00bbGegen jede Form von Wucher\u00ab, \u00bbNein zur (Lebens-)Verteuerung\u00ab und \u00bbMiete ist Wucher\u00ab) an der Fassade angebracht. Die Besetzung wurde als \u00bb<em>Occupazione a Scopo Abitativo\u00ab<\/em>&nbsp;(OSA) (dt.: Besetzung zu Wohnraumzwecken) bezeichnet und sollte, wie weitere anstehende Besetzungen, neben politischen und soziokulturellen Zwecken auch zum Wohnen f\u00fcr ethnisch rein \u00bbitalienische\u00ab Familien dienen.<br \/>\n<em>Casa Montag<\/em>&nbsp;an der Via Tiberina 801 \u00fcbernahmen derweil andere, vor allem Mitglieder der faschistischen Kleinstpartei <em>Forza Nuova<\/em> nutzten das Geb\u00e4ude. Dabei auch als Waffenlager f\u00fcr Dutzende rassistische \u00dcberf\u00e4lle auf bengalische Einwander*innen in Rom in den Jahre 2012 und 2013. Diese pogromartigen \u00dcberf\u00e4lle wurden unter dem Namen \u00bb<em>Bangla Tours\u00ab<\/em>&nbsp;italienweit bekannt.<a class=\"sdfootnoteanc\" href=\"#sdfootnote6sym\" name=\"sdfootnote6anc\"><sup>6<\/sup><\/a><\/p>\n<p>Schon Ende der 1980er und in den 1990er Jahren hatten italienische Faschist*innen versucht mit Besetzungen den seit den 1970er Jahren von der radikalen Linken praktizierten Besetzungen der <em>Centri Sociali<\/em>&nbsp;nachzueifern, waren damit aber zun\u00e4chst gescheitert. Erst die Besetzungen in der Via Tiberina, der Via Capo D\u2019Africa und der Via Napoleone III f\u00fchrten zu einem dauerhaften Erfolg. Dies lag vor allem an der Haltung des damaligen B\u00fcrgermeisters von Rom, des Sozialdemokraten Walter Veltroni, der von 2001 bis 2008 die Geschicke der \u00bbewigen Stadt\u00ab lenkte. Als ehemaliger Abgeordneter der kommunistischen Partei Italiens und Ex-Chefredakteur der linken Tageszeitung <em>L&#8217;Unit\u00e0<\/em> befand er, dass auch die italienischen Neo-Faschist*innen \u00fcber staatlich unkontrollierte R\u00e4ume in Rom verf\u00fcgen sollten. Selbst angesichts der ansteigenden faschistischen Gewaltexzesse bis hin zum Mord, wie z.B. an den 26j\u00e4hrigen R\u00f6mer <a href=\"http:\/\/antifra.blog.rosalux.de\/interview-mit-renato-biagettis-mutter-stefania-zuccari-der-faschismus-war-nie-weg\">Renato Biagetti<\/a> im Jahr 2006, blieb Veltroni<a class=\"sdfootnoteanc\" href=\"#sdfootnote7sym\" name=\"sdfootnote7anc\"><sup>7<\/sup><\/a> bei dieser Meinung und tolerierte die Besetzungen der Faschist*innen in der von ihm regierten Stadt. Die faschistische Jugend Roms nutzte den f\u00fcr sie ausgerollten \u00bbroten Teppich\u00ab und startete im Sommer 2004 eine Reihe von Hausbesetzungen in der Hauptstadt, denen sie die Bezeichnung <em>Casa d\u2019Italia<\/em>&nbsp;(dt. Haus Italiens) gaben. Dabei scheiterten sie an den kapitalistischen Eigentumsverh\u00e4ltnissen. Andere Immobilienbesitzer besa\u00dfen nicht so viel Toleranz wie die Ex-Kommunist*innen der r\u00f6mischen Sozialdemokratie. Die Besetzungen des&nbsp;<em>Casa d\u2019Italia Parioli<\/em>&nbsp;(10.07.2004 \u2013 26.01.2005) in der Via Lima 51, das <em>Casa d\u2019Italia Boccea<\/em>&nbsp;(17.07.2004 \u2013 11.10.2005) in der Via di Boccea 496, sowie des <em>Casa d\u2019Italia Torrino<\/em>&nbsp;(15.08.2004, umgehend ger\u00e4umt) in der Via Mar della Cina und die Besetzung des <em>Mafarka<\/em>&nbsp;in der Via dei Sette Camini 11 (15.08.2004, umgehend ger\u00e4umt) w\u00e4hrten nicht lange. Eine weitere Besetzung unter den Namen der futuristischen Romanfigur \u00bbMafarka\u00ab in der Viale Etiopia 81 scheiterte ebenfalls und wurde im Dezember 2004 zeitnah ger\u00e4umt. Waren also die anf\u00e4nglichen Besetzungen aus den Jahren 2002 und 2003 von Erfolg gekr\u00f6nt, scheiterten die Besetzungen in den Jahren 2004 und 2005 \u00fcber kurz oder lang.<\/p>\n<p>Die rechte Besetzer*innen-Szene Roms wurde erst wieder im Jahr 2006 aktiv. Sie nannten sich nun <em>\u00bbCircuito OSA ONC\u00ab<\/em>&nbsp;(dt.: Leitung der Besetzungen f\u00fcr Wohnraum und der nicht-konformen Besetzungen) oder <em>\u00bbCoordinamento OSA\u00ab<\/em>&nbsp;(dt.: Koordination von Besetzungen f\u00fcr Wohnraum) und Gianluca Ianonne trat als ihr Sprecher auf. So wurden am 8. M\u00e4rz 2006 R\u00e4umlichkeiten f\u00fcr eine Sporthalle mit den Namen \u00bb<em>Palestra Popolare Primo Carnera\u00ab<\/em>&nbsp;in der Via Sergio Tofano 6 im Stadtteil Vigne Nuove besetzt. Dieser Ort gelangte Jahre sp\u00e4ter zu einiger Ber\u00fchmtheit, da er zu diesem Zeitpunkt Sitz der neo-nazistischen Gruppe <em>Militia<\/em> geworden war, gegen die wegen diverser antisemitischer Propagandadelikte und Angriffe ermittelt wurde.<a class=\"sdfootnoteanc\" href=\"#sdfootnote8sym\" name=\"sdfootnote8anc\"><sup>8<\/sup><\/a> Eine weitere \u00d6rtlichkeit wurde am 13. Juni 2006 in Via del Tintoretto besetzt. Auch sie wurde nach Filippo Tommaso Marinettis (1876 \u2014 1944) Roman \u00bbMafarka der Futurist\u00ab aus dem Jahr 1909 benannt. Die unter einer Unterf\u00fchrung liegende <em>Galleria Mafarka<\/em>&nbsp;wurde aber einige Tage sp\u00e4ter ger\u00e4umt. Mit mehr als sp\u00e4rlichen Informationen belegt sind die angeblichen Wiederbesetzungen und -belebungen der <em>Casa d\u2019Italia<\/em>&nbsp;in den r\u00f6mischen Bezirken Torrino und Boccea. Lediglich die Daten des R\u00e4umungsversuchs <em>Casa d\u2019Italia Torrino<\/em>&nbsp;am 5. Oktober 2006 und der R\u00e4umung des <em>Casa Italia Boccea<\/em>&nbsp;am 11. Oktober 2006 sind in Erfahrung zu bringen.<a class=\"sdfootnoteanc\" href=\"#sdfootnote9sym\" name=\"sdfootnote9anc\"><sup>9<\/sup><\/a> Ebenfalls soll der im Jahr 2006 gegr\u00fcndete <em>Blocco Studentesco,<\/em> die Sch\u00fcler- und Student*innenorganisation der <em>CasaPound,<\/em> seinen Organisationssitz im gleichen Jahr im Stadtteil Flaminio besetzt haben. Der 15 Quadratmeter gro\u00dfe Raum an der Piazza Perin del Vaga 1 wurde erst am 23. M\u00e4rz 2015 wieder ger\u00e4umt.<a class=\"sdfootnoteanc\" href=\"#sdfootnote10sym\" name=\"sdfootnote10anc\"><sup>10<\/sup><\/a> Das Jahr 2006 war somit eher ein Jahr der z\u00e4hen Bem\u00fchungen als ein Jahr des Erfolgs.<\/p>\n<p>Im Jahr 2007 flauten die faschistische Besetzungsbem\u00fchungen weiter ab. Dennoch konnten die rechten Besetzer*innen einige Erfolge verzeichnen. Anfang des Jahres, am 26. Januar 2007, fand eine Besetzung <em>\u00bbsotto la bandiera della Fiamma Tricolore\u00ab<\/em>&nbsp;(dt.: unter der Fahne der <em>Fiamma Tricolore)<\/em> in der Via degli Orti Di Malabarba im Stadtteil Casal Bertone statt. Hier entstand der <em>Circolo Futurista Casal Bertone,<\/em> der heute noch als <em>CasaPound<\/em>-Sitz besteht. In den Folgejahren beklagten die <em>Centri Sociali<\/em> des Stadtteils \u00dcbergriffe und Gewalt durch die dort verkehrenden Faschist*innen. Infolgedessen kam es immer wieder zu militanten Auseinandersetzungen zwischen rechten und linken Hausbesetzer*innen.<a class=\"sdfootnoteanc\" href=\"#sdfootnote11sym\" name=\"sdfootnote11anc\"><sup>11<\/sup><\/a> Die rechten \u00dcbergriffe und Attacken verhalfen der sozialdemokratischen Regierung von Rom anscheinend nicht zur Einsicht. Vielmehr kam die Kommunalverwaltung unter Walter Veltroni den Faschist*innen erneut entgegen und \u00fcbergab den im Juni 2005 vertriebenen Faschist*innen aus der Via Capo d\u2019Africa ein von der Stadt renoviertes und eingerichtetes Geb\u00e4ude in der Via Beverino 49, wo sich auch heute noch ihr <em>Foro 753<\/em> befindet.<a class=\"sdfootnoteanc\" href=\"#sdfootnote12sym\" name=\"sdfootnote12anc\"><sup>12<\/sup><\/a> Bei der Einweihung im Stadtteil Torrevecchia anl\u00e4sslich des historischen Gr\u00fcndungsdatums der Stadt Rom, dem 21. April 753 vor Christi Geburt<a class=\"sdfootnoteanc\" href=\"#sdfootnote13sym\" name=\"sdfootnote13anc\"><sup>13<\/sup><\/a>, erschien dann auch das Sympathisant*innen- und Unterst\u00fctzungsumfeld des <em>Foro 753<\/em>.<a class=\"sdfootnoteanc\" href=\"#sdfootnote14sym\" name=\"sdfootnote14anc\"><sup>14<\/sup><\/a> Rutilio Sermonti<a class=\"sdfootnoteanc\" href=\"#sdfootnote15sym\" name=\"sdfootnote15anc\"><sup>15<\/sup><\/a>, einer der Gr\u00fcnder der <em>Ordine Nuovo<\/em><a class=\"sdfootnoteanc\" href=\"#sdfootnote16sym\" name=\"sdfootnote16anc\"><sup>16<\/sup><\/a>, Repr\u00e4sentant*innen der <em>Fiamma Tricolore,<\/em> der <em>Forza Nuova<\/em> und der <em>SPQR Skinheads.<\/em> Heute finden im <em>Foro 753<\/em>&nbsp;Lesungen, Buchpr\u00e4sentationen, Theaterauff\u00fchrungen, Konzerte und politische Debatten statt. Sportunterricht f\u00fcr Kinder wird angeboten, Kampfsport im eigenen <em>Palestra Marco Aurelio Boxe<\/em>&nbsp;trainiert, Lebensmittel gesammelt und an \u00bbrein\u00ab italienische Familien verteilt. Nach zw\u00f6lf Jahren ist das <em>Foro 753<\/em>&nbsp;immer noch ein klassisches <em>Occupazione Non Conforme.<\/em><\/p>\n<p>Des weiteren besetzte am 25. Juni 2007 der Bewegungsfl\u00fcgel der <em>Fiamma Tricolore<\/em> unter dem heutigen <em>Forza Nuova<\/em>-Mitglied Giuliano Castellino<a class=\"sdfootnoteanc\" href=\"#sdfootnote17sym\" name=\"sdfootnote17anc\"><sup>17<\/sup><\/a> ein Geb\u00e4ude der SIAE<a class=\"sdfootnoteanc\" href=\"#sdfootnote18sym\" name=\"sdfootnote18anc\"><sup>18<\/sup><\/a> in der Via Valadier im Stadtteil Prati und nannte es <em>Casa d\u2019Italia Prati<\/em>.<a class=\"sdfootnoteanc\" href=\"#sdfootnote19sym\" name=\"sdfootnote19anc\"><sup>19<\/sup><\/a> In einer Erkl\u00e4rung traten Giuliano Castellino als Pr\u00e4sident des <em>Casa d\u2019Italia Prati<\/em> und Gianluca Ianonne als nationaler Verantwortlicher f\u00fcr die OSA auf. Das <em>Casa d\u2019Italia Prati<\/em> wurde offiziell am 7. Dezember mit einem Konzert der RechtsRock-Bands <em>ZetaZeroAlfa<\/em> und <em>La Peggio Giovent\u00f9<\/em> er\u00f6ffnet.<a class=\"sdfootnoteanc\" href=\"#sdfootnote20sym\" name=\"sdfootnote20anc\"><sup>20<\/sup><\/a> Dabei standen Giuliano Castellino als Frontmann von <em>La Peggio Giovent\u00f9<\/em><a class=\"sdfootnoteanc\" href=\"#sdfootnote21sym\" name=\"sdfootnote21anc\"><sup>21<\/sup><\/a> und Gianluca Ianonne als S\u00e4nger von <em>ZetaZeroAlfa<\/em><a class=\"sdfootnoteanc\" href=\"#sdfootnote22sym\" name=\"sdfootnote22anc\"><sup>22<\/sup><\/a> gemeinsam auf der B\u00fchne. Wie lange das Geb\u00e4ude besetzt war, ist unklar. Anscheinend wurde das Geb\u00e4ude \u00fcber einige Jahre hinweg von Giuliano Castellino und Co. genutzt. Quellen dazu sind aus den Jahren 2009 und 2014 zu finden.<a class=\"sdfootnoteanc\" href=\"#sdfootnote23sym\" name=\"sdfootnote23anc\"><sup>23<\/sup><\/a><br \/>\nDie Wiederbesetzung der Viale Etiopia 81 am 5. Oktober 2007 durch eine Gruppe der <em>Forza Nuova<\/em> scheiterte. Das Geb\u00e4ude wurde einige Tage sp\u00e4ter ger\u00e4umt. Laut Gianluca Ianonne soll zu diesem Zeitpunkt angeblich auch ein Raum von der Associazione culturale <em>Il cerchio e la croce<\/em> im Stadtteil Aurelio besetzt gewesen sein.<a class=\"sdfootnoteanc\" href=\"#sdfootnote24sym\" name=\"sdfootnote24anc\"><sup>24<\/sup><\/a><\/p>\n<p>Im Jahr 2008 besetzte <em>CasaPound<\/em> mit dem <em>Blocco Studentesco<\/em> am 23. April die ehemalige U-Bahn-Station <em>Olimpico\/Farnesina<\/em> an der Via dei Monti della Farnesina 80. Die ehemalige Metro-Station war anl\u00e4sslich der Fu\u00dfballweltmeisterschaft 1990 gebaut worden und nur einen Monat w\u00e4hrend der internationalen Spiele in Betrieb. Seitdem stand sie leer.<a class=\"sdfootnoteanc\" href=\"#sdfootnote25sym\" name=\"sdfootnote25anc\"><sup>25<\/sup><\/a> Der Zeitpunkt der Besetzung war g\u00fcnstig gew\u00e4hlt. Am Wochenende nach der Besetzung gewann Giovanni Alemanno<a class=\"sdfootnoteanc\" href=\"#sdfootnote26sym\" name=\"sdfootnote26anc\"><sup>26<\/sup><\/a> von der <em>Alleanza Nazionale<\/em> (AN)<a class=\"sdfootnoteanc\" href=\"#sdfootnote27sym\" name=\"sdfootnote27anc\"><sup>27<\/sup><\/a> die Wahlen zum B\u00fcrgermeisteramt und bekleidete bis 2013 dies Amt in der italienischen Hauptstadt. Angetreten war Giovanni Alemanno f\u00fcr die sich im Entstehen befindende Parteienfusion aus Berlusconis <em>Forza Italia<\/em> und der <em>Alleanza Nazionale<\/em> \u2014 dem <em>Il Popolo della Libert\u00e0<\/em>.<a class=\"sdfootnoteanc\" href=\"#sdfootnote28sym\" name=\"sdfootnote28anc\"><sup>28<\/sup><\/a> Sein Werdegang und Erfolg als (Post-)Faschist bis hin zum B\u00fcrgermeister von Rom spiegelt die Rechtsentwicklung in Italien gut wider und sei hier kurz erz\u00e4hlt.<\/p>\n<h6>Giovanni Alemanno \u2014 Werdegang und \u00bbErfolg\u00ab eines (Post-)Faschisten<\/h6>\n<p>Der 1958 geborene Giovanni Alemanno war schon fr\u00fch Mitglied der <em>Fronte della Giovent\u00f9,<\/em> der Jugendorganisation der 1946 gegr\u00fcndeten faschistischen Partei <em>Movimento Sociale Italiano<\/em> (MSI)<a class=\"sdfootnoteanc\" href=\"#sdfootnote29sym\" name=\"sdfootnote29anc\"><sup>29<\/sup><\/a> gewesen. Mehrmals wurde er in den 1980er Jahren wegen Gewaltexzessen angeklagt und sa\u00df wegen eines Angriffs mit einem Molotow-Cocktail auf die sowjetische Botschaft im Jahr 1982 f\u00fcr acht Monate im r\u00f6mischen Gef\u00e4ngnis Rebibbia <em>(Agenzia Nazionale Stampa Associata<\/em> \u2014 Ansa, 15.05.1988)<a class=\"sdfootnoteanc\" href=\"#sdfootnote30sym\" name=\"sdfootnote30anc\"><sup>30<\/sup><\/a> In den Jahren 1988 bis 1991 war er Vorsitzender der <em>Fronte della Giovent\u00f9.<\/em> Wie so viele Mitglieder der MSI vollzog Alemanno die so genannte <em>Svolta di Fiuggi<\/em> \u2014 die \u00bbWende von Fiuggi\u00ab und die Namens\u00e4nderung der <em>Movimento Sociale Italiano<\/em> (MSI) zur <em>Alleanza Nazionale<\/em> (AN) im Fr\u00fchjahr 1995 mit. Der Vorsitzende der <em>Alleanza Nazionale<\/em> Gianfranco Fini<a class=\"sdfootnoteanc\" href=\"#sdfootnote31sym\" name=\"sdfootnote31anc\"><sup>31<\/sup><\/a> verpasste der Partei ein neues Image und man nannte sich von nun an post-faschistisch. Die AN verzichtete in der \u00d6ffentlichkeit auf den r\u00f6mischen Gru\u00df und das Zeigen des Keltenkreuzes, ebenfalls entsagte sie dem allzu offenen <span class=\"glossaryLink \" title=\"Glossary: Antisemitismus\" data-tooltip=\"Individuelle, institutionelle und strukturelle Diskriminierung und\/oder Gewalt gegen\u00fcber Menschen j\u00fcdischen Glaubens und gegen\u00fcber als j\u00fcdisch markierten Menschen und Institutionen.\">Antisemitismus<\/span>. Die Besuche Finis im ehemaligen Konzentrationslager Ausschwitz im Jahr 1999 und in der <span class=\"glossaryLink \" title=\"Glossary: Holocaust\" data-tooltip=\"Industrielle Massenvernichtung und systematischer Genozid an der j\u00fcdischen Bev\u00f6lkerung Europas von 1941\u20131945 durch Nazi-Deutschland.\">Holocaust<\/span>-Gedenkst\u00e4tte <em>Yad Vashem<\/em> in Jerusalem im Jahr 2003 adelten ihn f\u00fcr das internationale Parkett und Fini wurde unter der Regierung Berlusconis von 2004 bis 2006 zum italienischen Au\u00dfenminister. Finis Kamerad, Giovanni Alemanno, wurde in den 1990er Jahren mehrmals Abgeordneter der AN im Parlament. In den Jahren 2001 bis 2005 wurde Alemanno Land- und Forstwirtschaftsminister unter Silvio Berlusconi. Und in den Jahren 2004 und 2005 war er stellvertretender Vorsitzender der <em>Alleanza Nazionale.<\/em> Verheiratet war Alemanno seit Anfang der 90er Jahre mit Isabella Rauti,<a class=\"sdfootnoteanc\" href=\"#sdfootnote32sym\" name=\"sdfootnote32anc\"><sup>32<\/sup><\/a> der Tochter Pino Rautis. Der 2012 verstorbene Pino Rauti z\u00e4hlte zu den Gr\u00fcndern der 1956 entstandenen rechten Terrororganisation <em>Ordine Nuovo.<\/em> Alemannos und Isabellas gemeinsamer Sohn Manfredi wurde Mitglied des <em>Blocco Studentesco<\/em> und fiel 2012 in Griechenland auf, als er mit Kameraden den r\u00f6mischen Gru\u00df zeigte.<a class=\"sdfootnoteanc\" href=\"#sdfootnote33sym\" name=\"sdfootnote33anc\"><sup>33<\/sup><\/a> Heute leben Isabella Rauti und Giovanni Alemanno getrennt. Alemanno ist der oberste Parteisekret\u00e4r der <em>Movimento Nazionale per la Sovranit\u00e0<\/em> (MNS)<a class=\"sdfootnoteanc\" href=\"#sdfootnote34sym\" name=\"sdfootnote34anc\"><sup>34<\/sup><\/a>, w\u00e4hrend Isabella Rauti f\u00fcr die (post-)faschistische Partei <em>Fratelli d\u2019Italia<\/em><a class=\"sdfootnoteanc\" href=\"#sdfootnote35sym\" name=\"sdfootnote35anc\"><sup>35<\/sup><\/a> im r\u00f6mischen Senat sitzt. In seiner Amtszeit als B\u00fcrgermeister von 2008 bis 2013 betrieb Alemanno derart ein System der Vorteilsnahme f\u00fcr seine faschistischen Kamerad*innen in der \u00f6ffentlichen Verwaltung, dass von seiner Amtszeit als einem <em>\u00bbParentopoli\u00ab<\/em> (dt.: Vetternwirtschaftsystem) gesprochen wird. Zudem laufen gegen ihn Ermittlungen und Verfahren im Zusammenhang mit dem gigantischen Bestechungsskandal <em>Mafia Capitale.<\/em> Im laufenden Verfahren gegen Giovanni Alemanno beantragte in diesem Februar der zust\u00e4ndige Staatsanwalt f\u00fcnf Jahre Haft f\u00fcr Alemanno wegen Korruption. Am 25.02.2019 wurde der ehemalige B\u00fcrgermeister Roms zu sechs Jahren Haft verurteilt.<\/p>\n<p>Wurden Besetzungen der <em>Centri Sociali di Destra<\/em> in Rom von 2003 bis 2008 unter dem sozialdemokratischen B\u00fcrgermeister Walter Veltroni toleriert, so wurden sie von 2008 bis 2013 unter dem (post-)faschistischen B\u00fcrgermeister Giovanni Alemanno protegiert. Dies ging soweit, dass Giovanni Alemanno im November 2012 die 11,8 Millionen Euro teure Immobilie in der Via Napoleone III f\u00fcr die Gemeinde Rom erstand, um sie der <em>CasaPound<\/em> zu \u00fcberschreiben.<a class=\"sdfootnoteanc\" href=\"#sdfootnote36sym\" name=\"sdfootnote36anc\"><sup>36<\/sup><\/a> Dass es dazu nicht kam, lag an einem internen Zwist unter den Faschist*innen. <em>CasaPound<\/em> hatte Ende 2012 ank\u00fcndigte, eine eigene Partei zu gr\u00fcnden, und trat somit in Konkurrenz zu Alemanno bei den Wahlen an.<\/p>\n<p>Wie gesagt, der Zeitpunkt zur Besetzung eines gro\u00dfen Areals war im April 2008 durch die rechten Besetzer*innen gut gew\u00e4hlt. Die Faschist*innen nannten das Geflecht von leerstehendem Tonnengew\u00f6lbe und Hallen <em>Area 19,<\/em> nach dem Gr\u00fcndungsjahr der <em>Fasci Italiani di Combattimento<\/em> (dt.: Faschistischer italienischer K\u00e4mpferbund), die am 23. M\u00e4rz 1919 von Mussolini im Saal des <em>Circolo dell\u2019alleanza industriale<\/em> (dt.: Zirkel der Industrieallianz) an der Mail\u00e4nder Piazza San Sepolcro gegr\u00fcndet wurden. <em>CasaPound<\/em> nutzte die gro\u00dfr\u00e4umige Liegenschaft in den kommenden acht Jahren vor allem im Sommer. Dort fanden Ausstellungen, Konferenzen, Konzerte und seit 2009 ihr j\u00e4hrliches Fest <em>Tana delle Tigri<\/em> (dt.: H\u00f6hle der Tiger) statt. Dieser Konzertevent wurde sp\u00e4ter um einem <em>Mixed Martial Arts<\/em>-Wettbewerb erweitert, der von der <em>CasaPound<\/em>-eigenen Kampfsportorganisation <em>Il Circuito<\/em> organisiert wurde.<a class=\"sdfootnoteanc\" href=\"#sdfootnote37sym\" name=\"sdfootnote37anc\"><sup>37<\/sup><\/a> Seit 2011 wurden die Kampfsport-Wettbewerbe internationalisiert und fanden von 2013 bis 2015 unter der Beteiligung des Russen Denis Nikitin und seiner Organisation <em>White Rex<\/em> statt.<a class=\"sdfootnoteanc\" href=\"#sdfootnote38sym\" name=\"sdfootnote38anc\"><sup>38<\/sup><\/a> Im Jahr 2015 k\u00fcndigte die Kommune Rom den Umbau und die Integration der U-Bahn-Station <em>Olimpico\/Farnesina<\/em> in das r\u00f6mische U-Bahn-Netz an. Am 27.08.2015 fanden die Beh\u00f6rden das Gel\u00e4nde leer und unbelebt vor. <em>CasaPound<\/em> hatte die <em>Area 19<\/em> widerstandslos ger\u00e4umt.<a class=\"sdfootnoteanc\" href=\"#sdfootnote39sym\" name=\"sdfootnote39anc\"><sup>39<\/sup><\/a> Das <em>Tana-delle-Tigri-<\/em>Fest der <em>CasaPound Italia<\/em> findet seit 2016 im Parco di Colle Oppio, genau neben dem gut besuchten Kolosseum, statt. Im Anschluss an eine italienweite Demonstration k\u00f6nnen hier Faschisten und touristische Zaung\u00e4ste in den Genuss von Rechtsrock und der massenhaften Pr\u00e4sentation des r\u00f6mischen Gru\u00dfes kommen. Von einem Kampfsportturnier im Zusammenhang mit dem j\u00e4hrlichen Fest ist seit l\u00e4ngerem nichts bekannt.<\/p>\n<p>Eine Besetzung des leerstehenden <em>Cinema Puccino<\/em> in der Via Baldassarre Orero im Stadtteil Casalbertone durch die Faschist*innen am 11. Juli 2008 scheiterte. Der <em>Circolo Futurista<\/em> von <em>CasaPound<\/em> und ein <em>Circolo Riformista e della Libert\u00e0<\/em> konnten sich nicht durchsetzen. Die linken <em>Centri Sociali Occupati Autogestiti<\/em> (CSOA)<a class=\"sdfootnoteanc\" href=\"#sdfootnote40sym\" name=\"sdfootnote40anc\"><sup>40<\/sup><\/a> intervenierten und in Folge der Auseinandersetzungen stand das Geb\u00e4ude weiterhin leer.<a class=\"sdfootnoteanc\" href=\"#sdfootnote41sym\" name=\"sdfootnote41anc\"><sup>41<\/sup><\/a><br \/>\nAm 30. November 2008 wurde ein weiteres Mal ein Mietshaus in der Via Cassia 1134 im Sinne einer <em>Occupazione a Scopo Abitativo<\/em> von <em>CasaPound<\/em> besetzt.<a class=\"sdfootnoteanc\" href=\"#sdfootnote42sym\" name=\"sdfootnote42anc\"><sup>42<\/sup><\/a> Das Geb\u00e4ude wurde aber wegen gravierender M\u00e4ngel in der Bausubstanz zwei Tage nach der Besetzung wieder verlassen.<\/p>\n<p>Mit Ausnahme der <em>Area 19<\/em> war das Jahr 2008 somit nicht erfolgreich und f\u00fcr die Jahre 2009 und 2010 wurden keine weiteren rechten Besetzungen in Rom unternommen.<\/p>\n<p>Erst am 5. April 2011 kam es wieder zu einer kurzfristigen Besetzung.<a class=\"sdfootnoteanc\" href=\"#sdfootnote43sym\" name=\"sdfootnote43anc\"><sup>43<\/sup><\/a> Die leerstehende Grundschule <em>Parini<\/em> an der Piazza Capri wurde von <em>CasaPound Italia<\/em> besetzt, aber umgehend wieder verlassen.<a class=\"sdfootnoteanc\" href=\"#sdfootnote44sym\" name=\"sdfootnote44anc\"><sup>44<\/sup><\/a> Die Grundschule sei laut Pressemitteilungen renoviert worden. Nach Verhandlungen mit der Stadtverwaltung fanden die Familien, denen der Leerstand zugedacht war, jedoch eine Bleibe in Notunterk\u00fcnften.<a class=\"sdfootnoteanc\" href=\"#sdfootnote45sym\" name=\"sdfootnote45anc\"><sup>45<\/sup><\/a> Aber auch die linken <em>Centri Sociali<\/em> des Stadtteil Montesacro hatten sofort ihren Protest angemeldet und gegen die Besetzung der Faschist*innen mobilisiert.<a class=\"sdfootnoteanc\" href=\"#sdfootnote46sym\" name=\"sdfootnote46anc\"><sup>46<\/sup><\/a><\/p>\n<p>Unmittelbar im Anschluss an diese R\u00e4umung besetzte <em>CasaPound<\/em> ein Haus in der Via Val d\u2019Ala 200,<a class=\"sdfootnoteanc\" href=\"#sdfootnote47sym\" name=\"sdfootnote47anc\"><sup>47<\/sup><\/a> r\u00e4umte dies aber wieder Ende Mai 2011. Auch hier war es zu Protesten von Anwohner*innen und Linken gekommen, die kein faschistisches Zentrum wie in Casal Bertone haben wollten, von dem sie rassistische \u00dcbergriffe auf Migrant*innen und Angriffe auf Besetzungen bef\u00fcrchteten. Und die faschistischen Angriffe im Stadtteil blieben nicht aus. So schlugen Ende April \u00fcber ein Dutzend Faschist*innen sechs Minderj\u00e4hrige zusammen, worauf ein Trupp von rund 100 jugendlichen Antifaschist*innen versuchte das besetzte Haus der <em>CasaPound<\/em> zu st\u00fcrmen. Die Polizei verhinderte dies. So war die Kommune froh, dass mit der als freiwillig deklarierten R\u00e4umung zweier besetzter Zentren wieder Ruhe in dem Stadtteil einkehrte.<a class=\"sdfootnoteanc\" href=\"#sdfootnote48sym\" name=\"sdfootnote48anc\"><sup>48<\/sup><\/a> Denn nicht nur die rechten Besetzer*innen mussten die kommunale Liegenschaft im Stadtteil verlassen. Auch die linken Besetzer*innen mussten eines ihrer Zentren, das <em>Puzzle<\/em> in der Via di Monte Meta, am 24. Mai r\u00e4umen. Dabei konnten sie einen Teil der R\u00e4umlichkeiten weiter nutzen und ihre Sozialarbeit den Bewohner*innen des Stadtteils zu gute kommen lassen.<\/p>\n<p>Anfang Oktober 2013 besetzte <em>CasaPound Italia<\/em> die Via Val d\u2019Ala 200 ein weiteres Mal, wurde aber einige Stunden sp\u00e4ter durch die Polizei ger\u00e4umt.<a class=\"sdfootnoteanc\" href=\"#sdfootnote49sym\" name=\"sdfootnote49anc\"><sup>49<\/sup><\/a> Dies scheint der letzte Besetzungsversuch zu Wohnzwecken der mittlerweile als Wahlpartei antretenden <em>CasaPound Italia<\/em> gewesen zu sein.<\/p>\n<figure id=\"attachment_4493\" aria-describedby=\"caption-attachment-4493\" style=\"width: 375px\" class=\"wp-caption aligncenter\"><img loading=\"lazy\" decoding=\"async\" class=\"wp-image-4493\" src=\"http:\/\/antifra.blog.rosalux.de\/files\/2018\/12\/September-2016-Simone-di-Stefano-inszeniert-seine-Verhaftung-nach-einer-Zwangsr%C3%A4umng-screenshot.png\" alt=\"\" width=\"375\" height=\"232\"\/><figcaption id=\"caption-attachment-4493\" class=\"wp-caption-text\">Fake-Revolution\u00e4r: Simone di Stefano inszeniert sich im September 2016 bei einer Zwangsr\u00e4umung (screenshot)<\/figcaption><\/figure>\n<p>Lediglich eine medial inszenierte Besetzung gegen eine Zwangsr\u00e4umung in der Via del Colosseo am 29.09.2016 ist bei <em>CasaPound<\/em> Italia zu registrieren. Diese Besetzung legte es aber nicht auf effektiven Widerstand gegen Zwangsr\u00e4umungen an. Vielmehr sollte die Aktion \u00fcber die Teilnahme des 42j\u00e4hrigen Simone di Stefano dazu dienen, dem blassen und aktionsfernen Wahlkandidaten der <em>CasaPound Italia<\/em> die n\u00f6tige <em>Street credibility<\/em> f\u00fcr die Bewegungsbasis und die notwendige Image von Koh\u00e4renz in sozialen Aussagen f\u00fcr die W\u00e4hlerschaft zu verpassen. Besetzungen, besser gesagt: Blockaden, durch <em>CasaPound Italia<\/em> finden nur noch als tempor\u00e4re Protestformen statt, die als direkte Aktion den allt\u00e4glichen Ablauf von Ratssitzungen, in B\u00fcros und an Firmeneing\u00e4ngen treffen sollen. Und der <em>Blocco Studentesco,<\/em> die Jugendorganisation der <em>CasaPound Italia,<\/em> nutzt Besetzungen von Schulgeb\u00e4uden zur Durchsetzung ihrer schulinternen Forderungen. Besetzungen \u00e0 la <em>Centri Sociali di Destra<\/em> findet man bei <em>CasaPound Italia<\/em> seit einem Jahrzehnt nicht mehr. Und die letzte Besetzung f\u00fcr ein <em>Casa d\u2019Italia<\/em> ist ebenfalls sechs Jahre her.<\/p>\n<p>Der Teil der rechtsradikalen Subkultur Roms, der zusammen mit den <em>CasaPound-<\/em>Aktivisten Anfang der 2000er mit den Besetzungen angefangen hatte und wie <em>CasaPound<\/em> in der <em>Fiamma Tricolore<\/em> untergekommen war, blieb auch weiter der Aktionsform der Besetzungen treu. Siehe Giuliano Castellino und das <em>Casa d\u2019Italia Prati.<\/em> Auch in den kommenden Jahren war diese Szene mit Besetzungen aktiv und thematisierten mittels dieser Aktionsform die steigende Wohnungsmisere in Rom \u2014 immer wieder, unter anderen Namen und in neuen Allianzen. Und weit l\u00e4nger als <em>CasaPound<\/em> betrieben sie diese Praxis. Giuliano Castellino geh\u00f6rt dabei zu den bekanntesten Exponenten dieses Kreises, die sich heute der <em>Forza Nuova<\/em> (FN) zugeh\u00f6rig f\u00fchlen. Castellino ist mittlerweile hochrangiger <em>Forza-Nuova<\/em>-Funktion\u00e4r und Koordinator von <em>Roma ai Romani<\/em> (dt.: Rom den R\u00f6mern), einer Gruppe, die der <em>Forza Nuova<\/em> nahe steht.<\/p>\n<p>So besetzten Castellino und sein Anhang am 25. Juni 2012 das <em>Cinema Augustus<\/em> am Corso Vittorio Emanuele 203, um einen sozialen Treffpunkt daraus zu machen. Das ehemalige Kino wurde aber am 26. M\u00e4rz des folgenden Jahres wieder ger\u00e4umt.<a class=\"sdfootnoteanc\" href=\"#sdfootnote50sym\" name=\"sdfootnote50anc\"><sup>50<\/sup><\/a> Im Dezember 2012 f\u00fchrte die FN drei symbolische Besetzungen gegen Spekulationen durch.<a class=\"sdfootnoteanc\" href=\"#sdfootnote51sym\" name=\"sdfootnote51anc\"><sup>51<\/sup><\/a> Am 9. Dezember 2016 besetzte die FN kurzfristig eine Etage des \u00dcbergangswohnheims von Torrevecchia, um gegen die Wohnungsnot zu protestieren.<a class=\"sdfootnoteanc\" href=\"#sdfootnote52sym\" name=\"sdfootnote52anc\"><sup>52<\/sup><\/a> Und am 30. Januar 2017 besetzte die Gruppe <em>Roma ai Romani<\/em> unter Giuliano Castellino tempor\u00e4r ein Haus in der Via Cardinale Celso Costantini.<a class=\"sdfootnoteanc\" href=\"#sdfootnote53sym\" name=\"sdfootnote53anc\"><sup>53<\/sup><\/a> Ein weiteres Mal besetzte <em>Roma ai Romani<\/em> und <em>Forza Nuova<\/em> kurze Zeit das ehemalige faschistische <em>Casa della Giovent\u00f9<\/em> am Largo Aschianghi.<a class=\"sdfootnoteanc\" href=\"#sdfootnote54sym\" name=\"sdfootnote54anc\"><sup>54<\/sup><\/a> So eine vermutlich nicht komplette \u00dcbersicht der Besetzungen durch die <em>Forza Nuova<\/em> und ihrer Strukturen in Rom.<\/p>\n<p>Neben diesen v\u00f6lkisch-kontaminierten, symbolischen Aktionen gegen Wohnraumspekulation und f\u00fcr bezahlbaren Wohnraum organisierte <em>Forza Nuova<\/em> auch Besetzungen mit anderen politischen Hintergr\u00fcnden. So im Rahmen innerparteilicher Auseinandersetzungen, wie z.B. im September 2017.<a class=\"sdfootnoteanc\" href=\"#sdfootnote55sym\" name=\"sdfootnote55anc\"><sup>55<\/sup><\/a><\/p>\n<figure id=\"attachment_4413\" aria-describedby=\"caption-attachment-4413\" style=\"width: 282px\" class=\"wp-caption aligncenter\"><img loading=\"lazy\" decoding=\"async\" class=\"wp-image-4413\" src=\"http:\/\/antifra.blog.rosalux.de\/files\/2019\/02\/Screenshot_2019-02-17-Forza-Nuova.png\" alt=\"\" width=\"282\" height=\"145\"\/><figcaption id=\"caption-attachment-4413\" class=\"wp-caption-text\">Forza Nuova bei einer Verteilaktion von Lebensmittel an \u00bbrein italienische\u00ab Familien in der r\u00f6mischen Via Taranto (screenshot)<\/figcaption><\/figure>\n<p>Aber auch in ihren rassistischen Mobilisierungen der letzten Jahre setzte <em>Forza Nuova<\/em> Besetzungen als Kampfform in Rom ein. So nahm die faschistische Kleinstpartei im Jahr 2016 mehrere nebeneinander liegende L\u00e4den der \u00f6ffentlichen Immobilienagentur Ater in der Via Taranto in Beschlag, um in dem r\u00f6mischen Stadtteil San Giovanni Lebensmittel an \u00bbrein italienische\u00ab Familien abzugeben.<a class=\"sdfootnoteanc\" href=\"#sdfootnote56sym\" name=\"sdfootnote56anc\"><sup>56<\/sup><\/a> Dieser Treffpunkt der <em>Forza Nuova<\/em> und die Lebensmittelverteilungen gibt es noch heute.<a class=\"sdfootnoteanc\" href=\"#sdfootnote57sym\" name=\"sdfootnote57anc\"><sup>57<\/sup><\/a><\/p>\n<p>Waren diese Besetzungen als Mittel zur Inklusion von Menschen gedacht, so nutzte die <em>Forza Nuova<\/em> Besetzungen auch als Mittel zur Exklusion von Menschen. Die Inklusion gilt den \u00bbethnisch reinen\u00ab Italiener*innen, die Exklusion den Migrant*innen. Dabei ist bei einer Inklusion nicht an die bestehende sozio-politische Ordnung Italiens gedacht, sondern an das Modell, das sich die Faschist*innen alternativ f\u00fcr Italien denken. Inklusion in eine \u00bbVolksgemeinschaft in spe\u00ab, bzw. in die Bewegung dorthin. Mit dieser \u00bbnationalen Solidarit\u00e4t\u00ab gilt es Sympathien zu wecken und Anh\u00e4nger*innen zu rekrutieren. Hausbesetzungen werden als Mittel zur rassistischen Segregation und Selektion verstanden.<br \/>\nSo besetzte <em>Forza Nuova<\/em> im Januar 2017 kurzfristig den Teilbereich eines Geb\u00e4udes, das von der Kommune als tempor\u00e4re Unterkunft f\u00fcr durchreisende Migrant*innen gedacht war.<a class=\"sdfootnoteanc\" href=\"#sdfootnote58sym\" name=\"sdfootnote58anc\"><sup>58<\/sup><\/a> Ein anderes Mal wurde eine Besetzung am 22. M\u00e4rz 2017 als Protestform gegen die geplante Unterkunft von Migrant*innen im r\u00f6mischen Stadtteil Trionfale genutzt.<a class=\"sdfootnoteanc\" href=\"#sdfootnote59sym\" name=\"sdfootnote59anc\"><sup>59<\/sup><\/a> Aber auch in unbedeutenderen F\u00e4llen nutzte die <em>Forza Nuova<\/em> diese Aktionsform. So etwa am 24. Januar 2017 zur Vertreibung einer \u00e4gyptischen Familie aus einem Wohnhaus. Die Immobiliengesellschaft Ater lie\u00df hier ein \u00bbitalienisches\u00ab Paar zwangsr\u00e4umen und sprach einer anderen \u2014 diesmal ausl\u00e4ndischen \u2014 Familie die leer werdende Wohnung zu. So agierte <em>Forza Nuova<\/em> auf einer ethnisch zuschreibenden Ebene und spielte in der Wohnungsfrage die Bed\u00fcrfnisse von autochthoner und nicht-autochthoner Bev\u00f6lkerung gegeneinander aus.<a class=\"sdfootnoteanc\" href=\"#sdfootnote60sym\" name=\"sdfootnote60anc\"><sup>60<\/sup><\/a> In Rahmen dieser Auseinandersetzung fand vier Tage sp\u00e4ter eine weitere Besetzung des <em>Ater<\/em>-Sitzes statt.<a class=\"sdfootnoteanc\" href=\"#sdfootnote61sym\" name=\"sdfootnote61anc\"><sup>61<\/sup><\/a> Auch <em>Forza Nuova<\/em> polarisiert, ethnisiert und eskaliert die bestehenden sozialen Widerspr\u00fcche. Hausbesetzungen sind f\u00fcr sie ein Mittel der rassistischen Mobilisierung und Stra\u00dfenpolitik.<\/p>\n<p>L\u00e4ngst spricht man von den rassistischen Auseinandersetzungen in Italiens Vorst\u00e4dten als <em>\u00bbguerra tra poveri\u00ab<\/em> (dt.: Krieg unter Armen)<a class=\"sdfootnoteanc\" href=\"#sdfootnote62sym\" name=\"sdfootnote62anc\"><sup>62<\/sup><\/a>, einem Krieg, bei dem nicht einmal die faschistischen Hassprediger*innen aktiv werden m\u00fcssen, wie die Vertreibung einer marokkanischen Familie im r\u00f6mischen Stadtteil San Basilio im Dezember 2016 beweist.<a class=\"sdfootnoteanc\" href=\"#sdfootnote63sym\" name=\"sdfootnote63anc\"><sup>63<\/sup><\/a><\/p>\n<h6>Rechte Besetzungen au\u00dferhalb Roms<\/h6>\n<p>Aber auch fernab von Rom fanden rechte Besetzungen statt. Diese wurden von unterschiedlichen faschistischen Gruppen durchgef\u00fchrt. Oft wurden die rechten Besetzungen in kurzer Zeit von der Polizei ger\u00e4umt. So im Juli 2001 das <em>Spazio Sociale Venerdi 13<\/em> in Vicenza<a class=\"sdfootnoteanc\" href=\"#sdfootnote64sym\" name=\"sdfootnote64anc\"><sup>64<\/sup><\/a>, in Catania im Jahr 2005, in Turin, Bari und Brescia im Jahr 2008 und in Ostia Lido im Jahr 2009. Auch die Besetzung eines leerstehenden Klosters in Neapel durch <em>CasaPound<\/em> am 12. September 2009 konnte sich nicht halten. Antifaschist*innen hatten kurzerhand in der N\u00e4he des <em>Hic Manebimus Optime<\/em> (H.M.O.) (dt. Hier wird es uns sehr gut ergehen) eine eigene Besetzung inszeniert. Der neapolitanischen Polizei wurde die entstandene Dynamik zu viel und sie r\u00e4umte beide Geb\u00e4ude. Im M\u00e4rz 2010 kam es in Pescia zu einer kurzfristigen symbolischen Besetzung und in Lamezia Terme scheiterte eine <em>Occupazioni a Scopo Abitativo<\/em> in dem gleichen Jahr nach kurzer Zeit.<\/p>\n<figure id=\"attachment_4412\" aria-describedby=\"caption-attachment-4412\" style=\"width: 156px\" class=\"wp-caption aligncenter\"><img loading=\"lazy\" decoding=\"async\" class=\"wp-image-4412\" src=\"http:\/\/antifra.blog.rosalux.de\/files\/2019\/02\/Screenshot_2019-02-17-CasaPound-Latina.png\" alt=\"\" width=\"156\" height=\"188\"\/><figcaption id=\"caption-attachment-4412\" class=\"wp-caption-text\">Plakat zum 12. Jahrestag der Besetzung des \u00bbCasaPound Latina\u00ab (screenshot)<\/figcaption><\/figure>\n<p>Erfolgreich waren bzw. Bestand hatten folgende Besetzungen: Am 26. Dezember 2006 wurde im 70 Kilometer von Rom entfernt liegenden Latina ein leerstehendes Haus des italienischen Energiekonzerns <em>Enel S.p.A.<\/em> besetzt. Die Besetzer*innen nannten es <em>CasaPound Latina.<\/em> Im Dezember letzten Jahres feierte <em>CasaPound Latina<\/em> sein 12j\u00e4hriges Bestehen.<a class=\"sdfootnoteanc\" href=\"#sdfootnote65sym\" name=\"sdfootnote65anc\"><sup>65<\/sup><\/a> Am 9. April 2009 wurde das <em>Spazio Libero Cervantes<\/em> in der Via Santa Sofia 42 in Catania besetzt.<a class=\"sdfootnoteanc\" href=\"#sdfootnote66sym\" name=\"sdfootnote66anc\"><sup>66<\/sup><\/a> Es existiert seit neun Jahren und ist das einzige <em>Occupazione Non Conforme<\/em> in S\u00fcditalien. Im Sommer 2017 sollen die Faschist*innen des <em>Spazio Libero Cervantes<\/em> geholfen haben, die rassistische und menschenfeindliche Anti-Migrationsaktion der so genannten \u00bbIdentit\u00e4ren\u00ab mit dem Schiff <em>C-Star<\/em> vorzubereiten.<\/p>\n<figure id=\"attachment_4481\" aria-describedby=\"caption-attachment-4481\" style=\"width: 293px\" class=\"wp-caption aligncenter\"><img loading=\"lazy\" decoding=\"async\" class=\"wp-image-4481\" src=\"http:\/\/antifra.blog.rosalux.de\/files\/2019\/03\/Casa-dItalia-Colleverde-Aufl%C3%B6seerkl%C3%A4rung-Februar-2019-screenshot.png\" alt=\"\" width=\"293\" height=\"126\"\/><figcaption id=\"caption-attachment-4481\" class=\"wp-caption-text\">Casa d&#8217;Italia Colleverde \u2014 Aufl\u00f6seerkl\u00e4rung, Februar 2019 (screenshot)<\/figcaption><\/figure>\n<p>Au\u00dferhalb, aber noch zur Metropolitanstadt Rom z\u00e4hlend, wurde am 4. Juni 2007 in der rund 90.000 Einwohner*innen z\u00e4hlenden Stadt Guidonia Montecelio, das <em>Casa d\u2019Italia Colleverde<\/em> besetzt. Bis in den Februar diesen Jahres bewohnten Besetzer*innen die ehemalige Schule in der Via Montebianco 27 im Stadtteil Colleverde. Obendrein diente die rund 30 Kilometer vom r\u00f6mischen Zentrum gelegene Immobilie als Konzert- und Veranstaltungsort diverser Gruppen der extremen Rechten, wie der <em>Azione Tradizionale, Coordinamento Militante, RaiDo,<\/em> aber auch von Nazi-Skinheads. Am 20. Februar 2019 wurde das Geb\u00e4ude von der Polizei ger\u00e4umt.<a class=\"sdfootnoteanc\" href=\"#sdfootnote67sym\" name=\"sdfootnote67anc\"><sup>67<\/sup><\/a><\/p>\n<h6>Der Stand der Dinge<\/h6>\n<p>L\u00e4ngst ist die Nutzung der Aktionsform der Hausbesetzung durch extreme Rechte kein Novum mehr in Italien. Und vorbei sind die Zeiten, da Hausbesetzungen ein Primat emanzipatorischer, linker oder subkultureller Bewegungen waren. Schwerpunkt der Besetzer*innenbewegung von Rechts war bzw. ist Rom. Dabei ist in der Hauptstadt nicht allein die <em>CasaPound Italia<\/em> als Akteurin zu nennen. Parteinahe Strukturen der ehemaligen <em>Alleanza Nazionale,<\/em> vor allem aber die <em>Forza Nuova,<\/em> haben Besetzungen schon lange in ihren Aktionskanon integriert. Dabei ist es <em>CasaPound Italia,<\/em> die die <em>Centri Sociali di Destra<\/em> wie ein G\u00fctesiegel f\u00fcr sich beanspruchen. Sie nutzt die Besetzungen zur Inszenierung als national-revolution\u00e4re Bewegung und Special-Brand im transnationalen Export ihres Bewegungsmodells.<\/p>\n<p>Im Jahr 2019 \u2014 nach 18 Jahren Besetzungen von Rechts \u2014 k\u00f6nnen die <em>Centri Sociali di Destra<\/em> landesweit nur auf sechs bestehende <em>Squats<\/em> verweisen. Und von diesen <em>Centri Sociali di Destra<\/em> kann <em>CasaPound Italia<\/em> lediglich drei Besetzungen auf sich verbuchen. Die Hauptstadt weist vier rechte Besetzungen auf. Davon h\u00e4lt <em>CasaPound Italia<\/em> zwei besetzte Objekte. Den <em>Circolo Futurista Casal Bertone<\/em> und die Via Napoleone III. Mit dem <em>Foro 753<\/em> verf\u00fcgen die der ehemaligen <em>Alleanza Nazionale<\/em> nahen Strukturen \u00fcber eine langj\u00e4hriges Zentrum und die <em>Forza Nuova<\/em> h\u00e4lt seit drei Jahren die Via Taranto im Stadtteil San Giovanni besetzt. Von den zwei au\u00dferhalb Roms liegenden Besetzungen ist nur die Besetzung in Latina der <em>CasaPound Italia<\/em> zuzurechnen.<\/p>\n<p>Die Zeiten, in denen sich faschistische Neubesetzungen in Italien halten k\u00f6nnen, sind schon lange vorbei. Und auch die Besetzungen der <em>Forza Nuova,<\/em> die sie in ihren Kampagnen f\u00fcr ethnisch \u00bbrein italienische\u00ab Familien und\/oder zur Vertreibung migrantischer Familien unternimmt, haben eine kurze Lebensdauer und weisen eher einen symbolischen Charakter auf. <em>CasaPound Italia<\/em> hat seit 2013 keinen wahrnehmbaren Besetzungsversuch mehr unternommen. Ihre letzte erfolgreiche Besetzung liegt elf Jahre zur\u00fcck und wurde im Jahr 2015 ger\u00e4umt. Die Bilanz, die <em>CasaPound Italia<\/em> aufzuweisen hat ist \u2014 gelinde gesagt \u2014 mickrig. Und das nicht nur im Vergleich zu den besetzten Zentren der Linken und der <em>\u00bbRecht auf Wohnen\u00ab<\/em>-Bewegung. Da hilft es wenig, wenn auf dem <em>Wikipedia<\/em>-Artikel zu den <em>Centri Sociali di Destra<\/em> f\u00fcr Rom neun, statt vier Besetzungen aufgez\u00e4hlt werden.<a class=\"sdfootnoteanc\" href=\"#sdfootnote68sym\" name=\"sdfootnote68anc\"><sup>68<\/sup><\/a> Zu einer Aktualisierung des <em>Wiki<\/em>-Eintrags fehlt es den Autor*innen anscheinend an Mut.<a class=\"sdfootnoteanc\" href=\"#sdfootnote69sym\" name=\"sdfootnote69anc\"><sup>69<\/sup><\/a> Nicht <em>CasaPound Italia,<\/em> sondern die <em>Forza Nuova<\/em> sind zur Zeit die Faschist*innen, die Hausbesetzungen als Instrument in ihrer Stra\u00dfenmobilisierung und Kampagnenpolitik aktiv einbauen. <em>CasaPound Italia<\/em> hingegen ruht sich auf alten Lorbeeren aus.<\/p>\n<p>Auch das Image der <em>CasaPound Italia<\/em> als K\u00e4mpferin f\u00fcr Wohnrechte steht auf schwachen F\u00fc\u00dfen. Ihr Narrativ, dass der Hauptsitz in der Via Napoleone III f\u00fcr in Not geratene italienische Familien eine Zuflucht darstellen w\u00fcrde, ist stark umstritten. Die Hauptstadtpresse bestreitet diese Selbstdarstellung und spricht mittlerweile vom \u00bb<em>Grand Hotel CasaPound\u00ab<\/em><a class=\"sdfootnoteanc\" href=\"#sdfootnote70sym\" name=\"sdfootnote70anc\"><sup>70<\/sup><\/a>, das vorwiegend den eigenen Mitgliedern und Freund*innen zu Gute k\u00e4me. Die Bewohner*innen w\u00fcrden sich jeder Kontrolle entziehen. Dadurch w\u00fcrde der Stadt Rom allein im Jahr 300.000 Euro Mieteinnahmen entgehen. Aufgerechnet auf die Jahre der Besetzung h\u00e4tte <em>CasaPound Italia<\/em> der Stadt Rom ca. 4 Millionen Euro abgenommen. Und so wie die Kommune sich nicht um eine R\u00e4umung des Geb\u00e4udes k\u00fcmmert, wird den Faschist*innen trotz des <em>Decreto Lupi<\/em> aus dem Jahr 2014 auch nicht der notwendige Strom und das Wasser abgesperrt.<\/p>\n<p>Und auch die Funktion eines Sozialzentrums wird f\u00fcr den Hauptsitz der <em>CasaPound Italia<\/em> bestritten. Die Nachbarschaft w\u00fcrde, so die Presse, das Geb\u00e4ude nicht als interaktiven sozialen Partner empfinden, sondern allein als ein politisches Zentrum, von dem dann und wann Patrouillen, so genannte <em>\u00bbpasseggiate per la sicurezza\u00ab<\/em> (dt.: Sicherheitsspazierg\u00e4nge), in den Stadtteil einsickerten, um eine faschistische Ordnungsmacht zu spielen und Anwohner*innen rassistisch zu drangsalieren. Indirekt passt dies auch zu der Selbstdarstellung der <em>CasaPound,<\/em> die von sich als eine <em>\u00bbambasciata d\u2019Italia\u00ab<\/em> (dt.: italienische Botschaft) in einem multi-ethnischen Stadtteil spricht.<\/p>\n<h6>Wann wird der Hauptsitz der <em>CasaPound Italia<\/em> ger\u00e4umt?<\/h6>\n<p>Von 2003 bis 2008 wurden die rechten Besetzungen in Rom von dem sozialdemokratischen B\u00fcrgermeister toleriert, von 2008 bis 2013 von dem (post-)faschistischen B\u00fcrgermeister beschirmt und von 2013 bis 2016 ignorierten die Stadtoberen sie einfach. Seit Mitte 2016 hat Rom mit der 40j\u00e4hrigen Virginia Raggi von der Partei <em>Movimento 5 Stelle<\/em> eine neue B\u00fcrgermeisterin. Und seit Mitte 2018 hat Italien einen neuen Innenminister, Matteo Salvini. Salvini dr\u00e4ngt seit Beginn seiner Amtszeit darauf, besetzte H\u00e4user und Fabriken zu r\u00e4umen. Und wenn es nach ihm geht sollen mindestens 22 von den fast 100 Besetzungen in Rom bis Ende des Jahres ger\u00e4umt werden. Zweifelsohne stehen den linken Besetzungen in Rom und ganz Italien sehr harte Zeiten bevor. Was hei\u00dft dieser R\u00e4umungswille aber f\u00fcr die <em>Centri Sociali di Destra<\/em> und <em>CasaPound Italia?<\/em><\/p>\n<p>Schon im November 2017 lie\u00df die amtierende B\u00fcrgermeisterin von Rom eine lange von der Verwaltung vergessene R\u00e4umlichkeit der <em>Fratelli d&#8217;Italia \u2013 Alleanza Nazionale<\/em> in der Colle Oppio r\u00e4umen.<a class=\"sdfootnoteanc\" href=\"#sdfootnote71sym\" name=\"sdfootnote71anc\"><sup>71<\/sup><\/a> Seit 1972 hatte zun\u00e4chst die MSI, dann alle folgenden faschistischen Nutzer keine Miete gezahlt. Und zu Beginn des letzten Jahres war seit langem das erste Mal in der Presse die Rede davon, dass das internationale Aush\u00e4ngeschild der <em>CasaPound Italia,<\/em> die Via Napoleone III, ger\u00e4umt werden solle. Die F\u00fchrer der <em>CasaPound Italia<\/em> sch\u00e4umten vor Wut. Gianluca Ianonne sprach davon, dass eine R\u00e4umung ein Kriegsakt w\u00e4re und sie bereit seien bei der Verteidigung des Hauses zu sterben: \u00bbSarebbe [un] atto di guerra. [Siamo] Pronti a morire per difenderla.\u00ab<a class=\"sdfootnoteanc\" href=\"#sdfootnote72sym\" name=\"sdfootnote72anc\"><sup>72<\/sup><\/a> Und Simone di Stefano prophezeite, dass sie die Via Napoleone III mit Z\u00e4hnen und Klauen verteidigen w\u00fcrden: \u00bbResisteremo con unghie e denti\u00ab.<a class=\"sdfootnoteanc\" href=\"#sdfootnote73sym\" name=\"sdfootnote73anc\"><sup>73<\/sup><\/a><\/p>\n<p>Dies war zu Zeiten des italienischen Wahlkampfs und die Ank\u00fcndigungen erschienen als ein Wahlman\u00f6ver der <em>Partito Democratico.<\/em> Als dann aber am 22. Oktober 2018 eine angek\u00fcndigte Abordnung der Finanzpolizei das Haus f\u00fcr eine Inspektion des Rechnungshofs auf Zustand, M\u00e4ngel, Nutzung und Anzahl der Bewohner*innen untersuchen und betreten wollte, stellten sich ihr <em>CasaPound-Mitglieder<\/em> in den Weg und bedrohten die Beamten mit einem \u00bbBlutbad\u00ab. Sie verk\u00fcndeten \u00bbSe entrate finisce nel sangue\u00ab (dt.: Wenn ihr eintretet, endet das im Blut).<a class=\"sdfootnoteanc\" href=\"#sdfootnote74sym\" name=\"sdfootnote74anc\"><sup>74<\/sup><\/a> Die Inspektion der Immobilie und ihres Status wurde abgebrochen. Nach au\u00dfen hin verk\u00fcndete <em>CasaPound,<\/em> ihre Verweigerung einer Inspektion w\u00e4re zum Schutz der W\u00fcrde der dort lebenden Familien erfolgt.<a class=\"sdfootnoteanc\" href=\"#sdfootnote75sym\" name=\"sdfootnote75anc\"><sup>75<\/sup><\/a> Bedrohungen und Beleidigungen h\u00e4tten Militante der <em>CasaPound Italia<\/em> nicht ausgesprochen. F\u00fcr den 27. Oktober lud Simone di Stefano, der Parteisekret\u00e4r der <em>CasaPound Italia,<\/em> zum \u00bbTag der offenen T\u00fcr\u00ab. An diesem Tag pr\u00e4sentierten sich angeblich in dem Haus lebende Familien der Presse. Am 28. Oktober konnten die Finanzbeamten das Geb\u00e4ude betreten und eine Inspektion vornehmen. W\u00e4hrenddessen trudelten die Solidarit\u00e4tsadressen unterschiedlicher faschistischer Gruppen aus Kanada, den USA, Portugal, Spanien, Frankreich, Korsika, Serbien, der Schweiz und anderen L\u00e4ndern in Rom ein und verk\u00fcndeten das unzertrennliche Band der Kameradschaft mit den von R\u00e4umung bedrohten italienischen Kamerad*innen. Seitdem schwelt der Konflikt um eine anstehende R\u00e4umung. Im November letzten Jahres \u00e4u\u00dferte die B\u00fcrgermeisterin Virginia Raggi: \u00bbCasapound? Siamo pronti, conto su un sostegno del governo\u00ab (dt.: Casapound? Wir sind bereit, ich z\u00e4hle auf die Unterst\u00fctzung der Regierung).<a class=\"sdfootnoteanc\" href=\"#sdfootnote76sym\" name=\"sdfootnote76anc\"><sup>76<\/sup><\/a><\/p>\n<p>Ende Januar 2019 haben <em>Movimento 5 Stelle<\/em> und <em>Partito Democratico<\/em> im Gemeinderat der Stadt Rom mehrheitlich f\u00fcr eine <a href=\"http:\/\/antifra.blog.rosalux.de\/raeumung-des-casapound-in-rom\">umgehende R\u00e4umung<\/a> der Via Napoleone III Nummer 8 gestimmt.<a class=\"sdfootnoteanc\" href=\"#sdfootnote77sym\" name=\"sdfootnote77anc\"><sup>77<\/sup><\/a> Damit existiert auf der lokalen Ebene ein klarer Entscheid des Stadtrats zur R\u00e4umung der faschistischen Zentrale. Nun liegt die endg\u00fcltige Entscheidung bei Matteo Salvini, dem rechtspopulistischen Innenminister Italiens. Salvini wurde befragt und \u00e4u\u00dferte, dass die R\u00e4umung von <em>CasaPound<\/em> nicht dringend sei. Derzeit st\u00e4nden andere Projekte zur R\u00e4umung an.<a class=\"sdfootnoteanc\" href=\"#sdfootnote78sym\" name=\"sdfootnote78anc\"><sup>78<\/sup><\/a><\/p>\n<figure id=\"attachment_4423\" aria-describedby=\"caption-attachment-4423\" style=\"width: 101px\" class=\"wp-caption aligncenter\"><img loading=\"lazy\" decoding=\"async\" class=\"wp-image-4423\" src=\"http:\/\/antifra.blog.rosalux.de\/files\/2019\/02\/Foto-Gemeinsames-Essen-Matteo-Salvini-im-Restaurant-Gianluca-Ianonnes-mit-der-CasaPound-F%C3%BChrungsriege.png\" alt=\"\" width=\"101\" height=\"134\"\/><figcaption id=\"caption-attachment-4423\" class=\"wp-caption-text\">Gemeinsames Essen 2015 \u2014 Matteo Salvini mit der CasaPound F\u00fchrungsriege (screenshot)<\/figcaption><\/figure>\n<p>Es ist zu bezweifeln, dass der Innenminister seine Meinung \u00e4ndern wird. <em>CasaPound Italia<\/em> war in dem Wahlb\u00fcndnis <em>Sovranit\u00e0 \u2014 Prima gli Italiani<\/em> im Jahr 2015 sein B\u00fcndnispartner. Damals traf sich Salvini zum Essen mit der F\u00fchrungsspitze <em>CasaPound Italias<\/em> in der <em>Osteria Angelino dal 1899,<\/em> dem Restaurant Gianluca Ianonnes in Rom.<a class=\"sdfootnoteanc\" href=\"#sdfootnote79sym\" name=\"sdfootnote79anc\"><sup>79<\/sup><\/a> Gemeinsam trat man in Listen zu diversen Kommunalwahlen an und bestritt in Mailand und Rom gemeinsame Kundgebungen und Demonstrationen.<\/p>\n<figure id=\"attachment_4422\" aria-describedby=\"caption-attachment-4422\" style=\"width: 377px\" class=\"wp-caption aligncenter\"><img loading=\"lazy\" decoding=\"async\" class=\"wp-image-4422\" src=\"http:\/\/antifra.blog.rosalux.de\/files\/2019\/02\/Screenshot_2019-02-20-Salvini-versione-ultr%C3%A0-allo-stadio-tra-i-vip-con-il-giubbetto-simbolo-di-CasaPound.png\" alt=\"\" width=\"377\" height=\"254\"\/><figcaption id=\"caption-attachment-4422\" class=\"wp-caption-text\">Mai 2018. Der italienische Innenminister Matteo Salvini mit Pivert-Jacke beim Endspiel Endspiel Juventus gegen Milan im r\u00f6mischen Olympiastadion (screenshot)<\/figcaption><\/figure>\n<p>Im Mai 2018 zeigte sich der angehende Innenminister dann beim Endspiel <em>Juventus<\/em> gegen <em>Milan<\/em> im r\u00f6mischen Olympiastadion in einer Jacke der faschistischen Modemarke <em>Pivert,<\/em> die von <em>CasaPound-<\/em>Mitgliedern betrieben wird.<a class=\"sdfootnoteanc\" href=\"#sdfootnote80sym\" name=\"sdfootnote80anc\"><sup>80<\/sup><\/a> Und erst Mitte Dezember 2018 bewarb Salvini das Buch <em>Come la Sabbia di Herat<\/em> (dt.: Wie der Sand von Herat) von Chiara Giannini, das im <em>CasaPound-<\/em>Verlag <em>Altaforte Edizioni<\/em><a class=\"sdfootnoteanc\" href=\"#sdfootnote81sym\" name=\"sdfootnote81anc\"><sup>81<\/sup><\/a> erschien. Aber auch jenseits dieser allt\u00e4glichen Distanzlosigkeit des neuen Innenministers Italiens zu Apologeten der faschistischen Diktatur unter Benito Mussolini, funktioniert die Arbeitsteilung zwischen den Faschist*innen der <em>CasaPound Italia<\/em> und der <em>Lega<\/em> hervorragend. So war es die <em>CasaPound Italia,<\/em> die wochenlang gegen die migrantische Besetzung der ehemaligen Penicillin-Fabrik <em>LEO Roma<\/em> in der Via Tiburtina im Stadtteil hetzte und Kundgebungen vor dem besetzten Gel\u00e4nde abhielt, bevor das Geb\u00e4ude im Dezember 2018 von den Sicherheitsbeh\u00f6rden unter Anwesenheit des Innenministers Salvini ger\u00e4umt wurde. Die Forderung der rechten Hausbesetzer*innen gegen die Besetzung der migrantischen Hausbesetzer*innen war <em>\u00bbBasta Degrado: Sgomberiamoli!\u00ab<\/em> (dt.: Schluss mit der Verwahrlosung: R\u00e4umen wir sie!)<\/p>\n<figure id=\"attachment_4452\" aria-describedby=\"caption-attachment-4452\" style=\"width: 158px\" class=\"wp-caption aligncenter\"><img loading=\"lazy\" decoding=\"async\" class=\"wp-image-4452\" src=\"http:\/\/antifra.blog.rosalux.de\/files\/2019\/02\/Screenshot_2019-02-26-Agostino-Di-Giacomo.png\" alt=\"\" width=\"158\" height=\"195\"\/><figcaption id=\"caption-attachment-4452\" class=\"wp-caption-text\">Flyer der CasaPound Italia aus dem Sommer 2018 gegen migrantische H\u00e4ndler an italienischen Str\u00e4nden (screenshot)<\/figcaption><\/figure>\n<p>Ein weiteres Aktionsfeld, das sich <em>Lega<\/em> und <em>CasaPound Italia<\/em> im letzten Jahr teilten war der Vigilantismus. Im vergangenen Sommer patrouillierten Gruppen von <em>CasaPound-<\/em> und <em>Lega<\/em>-Mitgliedern an italienischen Str\u00e4nden, um migrantische Kleinsth\u00e4ndler an ihrem Mini-Erwerb \u2014 dem Verkauf von Decken, Sonnencreme, Wassereis, Melonen etc. \u2014 zu hindern und sie von den Str\u00e4nden zu vertreiben. Die selbsternannten <em>\u00bbpasseggiate per la sicurezza\u00ab<\/em> (dt: Sicherheitsspazierg\u00e4nge), die nichts weiter sind als faschistischer Vigilantismus<a class=\"sdfootnoteanc\" href=\"#sdfootnote82sym\" name=\"sdfootnote82anc\"><sup>82<\/sup><\/a> zur rassistischen Einsch\u00fcchterung, Bedrohung und Vertreibung, setzen Salvinis Sicherheitsgesetze und seine rassistische Vertreibungspolitik faktisch um. Quasi ein faschistisches Vorexerzieren, wie sich die <em>Lega<\/em> und <em>CasaPound Italia<\/em> den italienischen Alltag vorstellen.<\/p>\n<p>Geht es nach Salvini, so hat das Vorgehen gegen die von Linken besetzten Sozialzentren Vorrang. Laut Angaben des Innenministeriums gibt es in Italien 165 selbstverwaltete Sozialzentren, von denen sich 87 in einem legalen und 78 in einem illegalen rechtlichen Status befinden. 33 besetzte Zentren befinden sich in der Lombardei, davon 24 Besetzungen in Mailand. In Latium gibt es 28 selbstverwaltete Sozialzentren. Mit einer Ausnahme befinden sich alle in Rom. In Kampanien gibt es 15 Standorten, davon 7 in Neapel. In der Emilia Romagna gibt es 14 Besetzungen, davon 5 in Bologna. Und in der Toskana gibt es laut Innenministerium derzeit 12 soziale Zentren, von denen sich sieben in Florenz befinden. Andere Zentren folgen in anderen Regionen der Halbinsel.<a class=\"sdfootnoteanc\" href=\"#sdfootnote83sym\" name=\"sdfootnote83anc\"><sup>83<\/sup><\/a> So zeigte sich Matteo Salvini am 13. Februar erfreut, dass im letzten halben Jahr f\u00fcnf Besetzungen in Florenz ger\u00e4umt wurden. Laut der Nachrichtenagentur <em>Aska<\/em> \u00e4u\u00dferte der Innenminister: \u00bbDie Ma\u00dfnahmen zur R\u00e4umung der besetzten Geb\u00e4ude hatten eine umgehende Priorit\u00e4t. \u2026 Zuerst mit der Ad-hoc-Richtlinie und dann mit dem Sicherheitsdekret haben wir effektive Instrumente zur Bek\u00e4mpfung missbr\u00e4uchlicher Besetzungen geschaffen. Von Worten zu Fakten.\u00ab<a class=\"sdfootnoteanc\" href=\"#sdfootnote84sym\" name=\"sdfootnote84anc\"><sup>84<\/sup><\/a><\/p>\n<p>Es ist davon auszugehen, dass der Hauptsitz der <em>CasaPound Italia<\/em> in der Via Napoleone III in der n\u00e4chsten Zeit nicht ger\u00e4umt wird. Somit wird Gianluca Ianonne, der \u00bb<em>schwarze Herbergsvater\u00ab&nbsp;<\/em>der Via Napoleone, wie ihn der deutsche Neurechte Martin Lichtmesz nannte, nicht in die Verlegenheit kommen und sich auf dem Altar der <span class=\"glossaryLink \" title=\"Glossary: Nation\" data-tooltip=\"Konstrukt, in dem sich eine Gruppe aufgrund gemeinsamer Merkmale (z.B. Sprache, Kultur, Geschichte, geographischer Zusammenhang) und fiktiver Gemeinsamkeit als einander zugeh\u00f6rig betrachtet; Begr\u00fcndungszusammenhang von Einschluss\/Ausschluss (z.B. \u00fcber Staatsangeh\u00f6rigkeit).\">Nation<\/span> f\u00fcr das faschistische Hauptquartier im Stadtteil Esquilino opfern m\u00fcssen. Das Geb\u00e4ude wird vermutlich noch eine Zeitlang als internationales Aush\u00e4ngeschild und zur Mythenbildung der \u00bb<em>fascisti del terzo millennio\u00ab<\/em>&nbsp;dienen. Und wie um ihre dauerhafte Pr\u00e4senz zu unterstreichen, k\u00fcndigte der Parteisekret\u00e4r Simone di Stefano einen Tag nach dem R\u00e4umungsbeschluss aus dem Stadtrat die Kandidatur der <em>CasaPound Italia<\/em> f\u00fcr das EU-Parlament an.<\/p>\n<p><small><em>Dieser Beitrag ist auch auf<\/em> <a href=\"http:\/\/antifra.blog.rosalux.de\/\">Antifra<\/a> <em>erschienen.<\/em><\/small><\/p>\n<p style=\"text-align: center;\"><hr class=\"dotted-hr\" style=\"height: 4px; width: 100%; border: none; margin-top: 0em; margin-bottom: 0em; background-color: black;\"\/><\/p>\n<div id=\"sdfootnote1\"><small><a class=\"sdfootnotesym\" href=\"#sdfootnote1anc\" name=\"sdfootnote1sym\"><em>1<\/em><\/a><em> \u201eCampidoglio, ok a mozione sgombero edificio occupato da CasaPound\u201c <a href=\"https:\/\/roma.repubblica.it\/cronaca\/2019\/01\/29\/news\/campidoglio_ok_a_mozione_sgombero_edificio_occupato_da_casapound-217765867\/?refresh_ce\">(La Repubblica, 29.01.2019)<\/a><\/em><\/small><\/div>\n<div id=\"sdfootnote2\"><small><em><a class=\"sdfootnotesym\" href=\"#sdfootnote2anc\" name=\"sdfootnote2sym\">2<\/a> \u201eLa storia&nbsp;&nbsp; \u2014&nbsp;&nbsp; Una terribile bellezza \u00e8 nata\u201d <a href=\"https:\/\/www.casapounditalia.org\/p\/la-storia.html\">(CasaPound Italia \u2014 Internetseite)<\/a><\/em><\/small><\/div>\n<div id=\"sdfootnote3\"><small><em><a class=\"sdfootnotesym\" href=\"#sdfootnote3anc\" name=\"sdfootnote3sym\">3<\/a> Wikipedia: <a href=\"https:\/\/de.wikipedia.org\/wiki\/Ezra_Pound\">Ezra Pound<\/a><\/em><\/small><\/div>\n<div id=\"sdfootnote4\"><small><em><a class=\"sdfootnotesym\" href=\"#sdfootnote4anc\" name=\"sdfootnote4sym\">4<\/a> \u201eI colori del nero: il rosso. CasaPound\u201c<a href=\"https:\/\/www.youtube.com\/watch?time_continue=15&amp;v=KE8VV46_0f0\"> (YouTube, Video von 2004)<\/a><\/em><\/small><\/div>\n<div id=\"sdfootnote5\"><small><em><a class=\"sdfootnotesym\" href=\"#sdfootnote5anc\" name=\"sdfootnote5sym\">5<\/a> \u201eIl centro sociale? Anche di Destra &#8211; Ecco le Occupazioni Non Conformi\u201c <a href=\"https:\/\/ricerca.repubblica.it\/repubblica\/archivio\/repubblica\/2004\/01\/25\/il-centro-sociale-anche-di-destra-ecco.rm_033il.html?refresh_ce\">(La Repubblica, 25.01.2004)<\/a><\/em><\/small><\/div>\n<div id=\"sdfootnote6\"><small><em><a class=\"sdfootnotesym\" href=\"#sdfootnote6anc\" name=\"sdfootnote6sym\">6<\/a> \u201eI raid di Forza Nuova contro i bengalesi: \u00abPestaggi terapeutici\u00bb\u201c <a href=\"https:\/\/roma.corriere.it\/notizie\/cronaca\/16_gennaio_14\/raid-razzisti-aggressioni-contro-bengalesi-13-indagati-3a4b47a2-babc-11e5-8d36-042d88d67a9f.shtml\">(Corriere della Sera, 4.1.2016)<\/a> \u201eForza Nuova, i traditori \u00abprocessati\u00bb nel casolare con i busti del Duce\u201c <a href=\"https:\/\/roma.corriere.it\/notizie\/cronaca\/16_gennaio_18\/forza-nuova-traditori-processati-tiberina-da3425a2-be15-11e5-b5c4-6241fae93341.shtml?refresh_ce-cp\">(Corriere della Sera, 19.01.2016<\/a>); \u201eOperazione \u201cBanglatour\u201d: indagati per violenze razziste 13 giovani di estrema destra\u201c <a href=\"https:\/\/roma.fanpage.it\/operazione-banglatour-indagati-per-violenze-razziste-13-giovani-di-estrema-destra\">(Fanpage, 14.01.2016)<\/a><\/em><\/small><\/div>\n<div id=\"sdfootnote7\"><small><em><a class=\"sdfootnotesym\" href=\"#sdfootnote7anc\" name=\"sdfootnote7sym\">7<\/a> Wikipedia: <a href=\"https:\/\/de.wikipedia.org\/wiki\/Walter_Veltroni\">Walter Veltroni<\/a><\/em><\/small><\/div>\n<div id=\"sdfootnote8\"><small><em><a class=\"sdfootnotesym\" href=\"#sdfootnote8anc\" name=\"sdfootnote8sym\">8<\/a> \u201eInaugurazione Palestra Popolare Primo Carnera e sede M.P. Militia\u201c<a href=\"https:\/\/www.youtube.com\/watch?v=j2k2zcHwtQY\"> (Youtube, 30.09.2009)<\/a>; \u201eMilitia, arrestato Stefano Schiavulli &#8211; sequestrata la palestra Primo Carnera\u201c <a href=\"https:\/\/roma.repubblica.it\/cronaca\/2010\/06\/11\/news\/militia_arrestato_stefano_schiavulli-4770094\">(La Repubblica, 11.06.2010)<\/a><\/em><\/small><\/div>\n<div id=\"sdfootnote9\"><small><em><a class=\"sdfootnotesym\" href=\"#sdfootnote9anc\" name=\"sdfootnote9sym\">9<\/a> \u201eSgomberi a senso unico\u201c<a href=\"http:\/\/www.ilgiornale.it\/news\/sgomberi-senso-unico.html\"> (Il Giornale, 12.10.2006<\/a>); \u201eSgombata Casa d\u2019I;\u201eQuartiere Casalbertone\u201c (Autistici, <a href=\"http:\/\/www.autistici.org\/zonarischio\/admin\/upfiles\/07_07_12-rassegna_stampa.pdf\">Dokumentation aus dem Jahr 2012<\/a>); \u201eCasal Bertone, battaglia in piazza tra centri sociali e CasaPound\u201c <a href=\"https:\/\/roma.repubblica.it\/cronaca\/2012\/03\/23\/news\/aggrediti_con_caschi_e_bastoni_da_casapound_la_denuncia_dei_militanti_di_casal_bertone-32090161\">(La Repubblica, 27.02.2017)<\/a><\/em><\/small><\/div>\n<div id=\"sdfootnote10\"><small><em><a class=\"sdfootnotesym\" href=\"#sdfootnote10anc\" name=\"sdfootnote10sym\">10<\/a> <small>\u201e<\/small>Flaminio, sgomberata la sede del Blocco studentesco. Tensioni con la polizia<small>\u201c<\/small> <a href=\"https:\/\/roma.repubblica.it\/cronaca\/2015\/03\/23\/news\/flaminio_sgomberata_la_sede_del_blocco_studentesco_tensioni_con_la_polizia-110263144\">(La Repubblica, 23.03.2015)<\/a>; Video: <small>\u201e<\/small>Casa Pound, sgomberata a Roma sede Blocco studentesco: scontri con la polizia<small>\u201c<\/small> <a href=\"https:\/\/www.ilfattoquotidiano.it\/2015\/03\/23\/roma-scontri-tra-polizia-e-militanti-del-blocco-studentesco-durante-sgombero-della\/352561\">(Il Fatto Quotidiano, 23.03.2015)<\/a><\/em><\/small><\/div>\n<div id=\"sdfootnote11\"><small><em><a class=\"sdfootnotesym\" href=\"#sdfootnote11anc\" name=\"sdfootnote11sym\">11<\/a> I Dossier di Frequenze Metropolitane \u201eoltre la linea, dossier Dopo Villa Ada, i fascisti ci hanno provato con una casa occupata&#8230;\u201c <a href=\"https:\/\/csa-baraonda.noblogs.org\/files\/2012\/01\/oltre_la_linea_frequenze_metropolitane.pdf\">(Sept. 2007)<\/a><\/em><\/small><\/div>\n<div id=\"sdfootnote12\"><small><em><a class=\"sdfootnotesym\" href=\"#sdfootnote12anc\" name=\"sdfootnote12sym\">12<\/a> Facebook-Seite des Foro 753; \u201eL\u2019evento. Dieci anni di Foro 753: a Roma il primo meeting degli spazi sociali non conformi\u201c<a href=\"http:\/\/www.barbadillo.it\/12831-levento-dieci-anni-di-foro-753-a-roma-il-primo-meeting-degli-spazi-sociali-non-conformi\"> (Barbadillo, 05.10.2013)<\/a><\/em><\/small><\/div>\n<div id=\"sdfootnote13\"><small><em><a class=\"sdfootnotesym\" href=\"#sdfootnote13anc\" name=\"sdfootnote13sym\">13<\/a> Wikipedia: <a href=\"https:\/\/it.wikipedia.org\/wiki\/Natale_di_Roma\">Natale di Roma<\/a><\/em><\/small><\/div>\n<div id=\"sdfootnote14\"><small><em><a class=\"sdfootnotesym\" href=\"#sdfootnote14anc\" name=\"sdfootnote14sym\">14<\/a> \u201eL\u2019organizzazione di Alleanza Nazionale \u201cForo753\u201d\u201c<a href=\"https:\/\/maldestra.noblogs.org\/2009\/03\/17\/dossier-foro753\"> (Maldestra, 17.03.2009)<\/a><\/em><\/small><\/div>\n<div id=\"sdfootnote15\"><small><em><a class=\"sdfootnotesym\" href=\"#sdfootnote15anc\" name=\"sdfootnote15sym\">15<\/a> Wikipedia:<a href=\"https:\/\/it.wikipedia.org\/wiki\/Rutilio_Sermonti\"> Rutilio Sermonti<\/a><\/em><\/small><\/div>\n<div id=\"sdfootnote16\"><small><em><a class=\"sdfootnotesym\" href=\"#sdfootnote16anc\" name=\"sdfootnote16sym\">16<\/a> Wikipedia: <a href=\"https:\/\/it.wikipedia.org\/wiki\/Centro_Studi_Ordine_Nuovo\">Centro Studi Ordine Nuovo<\/a>; Wikipedia: <a href=\"https:\/\/it.wikipedia.org\/wiki\/Ordine_Nuovo_(movimento)\">Ordine Nuovo (movimento)<\/a><\/em><\/small><\/div>\n<div id=\"sdfootnote17\"><small><em><a class=\"sdfootnotesym\" href=\"#sdfootnote17anc\" name=\"sdfootnote17sym\">17<\/a>\u2033\u2026ariecco Castellino, le nuove avventure del coordinatore romano di Forza Nuova\u201c<a href=\"http:\/\/www.osservatoriosulfascismoaroma.org\/ariecco-castellinole-nuove-avventure-del-coordinatore-romano-di-forza-nuova\"> (osservatorio sul fascismo a roma, 25.07.2018)<\/a><\/em><\/small><\/div>\n<div id=\"sdfootnote18\"><small><em><a class=\"sdfootnotesym\" href=\"#sdfootnote18anc\" name=\"sdfootnote18sym\">18<\/a> Wikipedia: <a href=\"https:\/\/it.wikipedia.org\/wiki\/Societ%C3%A0_Italiana_degli_Autori_ed_Editori\">Societ\u00e0 Italiana degli Autori ed Editori (<span class=\"caps\">SIAE<\/span>)<\/a><\/em><\/small><\/div>\n<div id=\"sdfootnote19\"><small><em><a class=\"sdfootnotesym\" href=\"#sdfootnote19anc\" name=\"sdfootnote19sym\">19<\/a> \u201ePrati, palazzo occupato da ultr\u00e0 di destra &#8211; La Siae denuncia Comune e prefetto\u201c<a href=\"https:\/\/ricerca.repubblica.it\/repubblica\/archivio\/repubblica\/2009\/01\/03\/prati-palazzo-occupato-da-ultra-di-destra.html?refresh_ce\"> (La Repubblica, 03.01.2009)<\/a><\/em><\/small><\/div>\n<div id=\"sdfootnote20\"><small><em><a class=\"sdfootnotesym\" href=\"#sdfootnote20anc\" name=\"sdfootnote20sym\">20<\/a> \u201eCasa d\u2019Italia Prati\u201c <a href=\"http:\/\/forum.termometropolitico.it\/540345-7-dicembre-casa-d-italia-prati.html\">(Forum Termo Metropolitico, 07.12.2007)<\/a><\/em><\/small><\/div>\n<div id=\"sdfootnote21\"><small><em><a class=\"sdfootnotesym\" href=\"#sdfootnote21anc\" name=\"sdfootnote21sym\">21<\/a> \u201eMusiche dal fronte \u2013 la peggio giovent\u00f9\u201c <a href=\"http:\/\/defenditalia.blogspot.com\/2018\/11\/musiche-dal-fronte-la-peggio-gioventu.html\">(Blog: Defend Italia, 25.11.2018)<\/a><\/em><\/small><\/div>\n<div id=\"sdfootnote22\"><small><em><a class=\"sdfootnotesym\" href=\"#sdfootnote22anc\" name=\"sdfootnote22sym\">22<\/a> Wikipedia:<a href=\"https:\/\/en.wikipedia.org\/wiki\/Zetazeroalfa\"> \u201eZetaZeroAlfa\u201c<\/a><\/em><\/small><\/div>\n<div id=\"sdfootnote23\"><small><em><a class=\"sdfootnotesym\" href=\"#sdfootnote23anc\" name=\"sdfootnote23sym\">23<\/a> \u201ePrati, palazzo occupato da ultr\u00e0 di destra &#8211; La Siae denuncia Comune e prefetto\u201c <a href=\"https:\/\/ricerca.repubblica.it\/repubblica\/archivio\/repubblica\/2009\/01\/03\/prati-palazzo-occupato-da-ultra-di-destra.html?refresh_ce\">(La Repubblica, 03.01.2009<\/a>); Casa d\u2019Italia Prati <a href=\"https:\/\/www.youtube.com\/watch?v=usoFDhYQba4\">(YouTube, 25.20.2014)<\/a><\/em><\/small><\/div>\n<div id=\"sdfootnote24\"><small><em><a class=\"sdfootnotesym\" href=\"#sdfootnote24anc\" name=\"sdfootnote24sym\">24<\/a> \u201eIntervista a Gianluca Iannone di Casa Pound\u201c<a href=\"http:\/\/spazioattivo.ilcannocchiale.it\/2008\/04\/25\/intervista_a_gianluca_iannone.html\"> (Blog: Spazio attivo \u2013 il Cannocchiale, 25.04.2008)<\/a><\/em><\/small><\/div>\n<div id=\"sdfootnote25\"><small><em><a class=\"sdfootnotesym\" href=\"#sdfootnote25anc\" name=\"sdfootnote25sym\">25<\/a> \u201eOccupata da Blocco studentesco la stazione del Farneto a Roma\u201c<a href=\"https:\/\/www.vignaclarablog.it\/200804231985\/occupata-da-blocco-studentesco-la-stazione-del-farneto-a-roma\/?archive_chrono=\"> (Blog Vignaclara, 23.04.2008)<\/a><\/em><\/small><\/div>\n<div id=\"sdfootnote26\"><small><em><a class=\"sdfootnotesym\" href=\"#sdfootnote26anc\" name=\"sdfootnote26sym\">26<\/a> Wikipedia: <a href=\"https:\/\/de.wikipedia.org\/wiki\/Gianni_Alemanno#B%C3%BCrgermeister_von_Rom\">Giovanni Alemanno<\/a><\/em><\/small><\/div>\n<div id=\"sdfootnote27\"><small><em><a class=\"sdfootnotesym\" href=\"#sdfootnote27anc\" name=\"sdfootnote27sym\">27<\/a> Wikipedia: <a href=\"https:\/\/de.wikipedia.org\/wiki\/Alleanza_Nazionale\">Alleanza Nazionale<\/a><\/em><\/small><\/div>\n<div id=\"sdfootnote28\"><small><em><a class=\"sdfootnotesym\" href=\"#sdfootnote28anc\" name=\"sdfootnote28sym\">28<\/a> Wikipedia:<a href=\"https:\/\/de.wikipedia.org\/wiki\/Il_Popolo_della_Libert%C3%A0#Entstehung\"> Il Popolo della Libert\u00e0<\/a><\/em><\/small><\/div>\n<div id=\"sdfootnote29\"><small><em><a class=\"sdfootnotesym\" href=\"#sdfootnote29anc\" name=\"sdfootnote29sym\">29<\/a> Wikipedia:<a href=\"https:\/\/de.wikipedia.org\/wiki\/Movimento_Sociale_Italiano\"> Movimento Sociale Italiano<\/a><\/em><\/small><\/div>\n<div id=\"sdfootnote30\"><small><em><a class=\"sdfootnotesym\" href=\"#sdfootnote30anc\" name=\"sdfootnote30sym\">30<\/a> \u201eEcco chi \u00e8 Alemanno. \u2026\u201c<a href=\"https:\/\/web.archive.org\/web\/20100127133113\/http:\/\/www.liblab.it\/ita\/Politica\/Elezioni\/Ecco-chi-%C3%A8-Alemanno.-Da-carcerato-per-attentato,-a-picchiatore-del-Fronte-della-Giovent%C3%B9-fino-a-vicepresidente-di-Alleanza-Nazionale\"> (Web-Archiv: liblab.it, 22.04.2008)<\/a><\/em><\/small><\/div>\n<div id=\"sdfootnote31\"><small><em><a class=\"sdfootnotesym\" href=\"#sdfootnote31anc\" name=\"sdfootnote31sym\">31<\/a> Wikipedia: <a href=\"https:\/\/de.wikipedia.org\/wiki\/Gianfranco_Fini\">Gianfranco Fini<\/a><\/em><\/small><\/div>\n<div id=\"sdfootnote32\"><small><em><a class=\"sdfootnotesym\" href=\"#sdfootnote32anc\" name=\"sdfootnote32sym\">32<\/a> Wikipedia: <a href=\"https:\/\/it.wikipedia.org\/wiki\/Isabella_Rauti\">Isabella Rauti<\/a><\/em><\/small><\/div>\n<div id=\"sdfootnote33\"><small><em><a class=\"sdfootnotesym\" href=\"#sdfootnote33anc\" name=\"sdfootnote33sym\">33<\/a> Manfredi, core di Alemanno <a href=\"https:\/\/www.lettera43.it\/it\/articoli\/attualita\/2012\/10\/01\/manfredi-core-di-alemanno\/58014\">(Lettera 43, 01.10.2012)<\/a><\/em><\/small><\/div>\n<div id=\"sdfootnote34\"><small><em><a class=\"sdfootnotesym\" href=\"#sdfootnote34anc\" name=\"sdfootnote34sym\">34<\/a> Wikipedia:<a href=\"https:\/\/it.wikipedia.org\/wiki\/Movimento_Nazionale_per_la_Sovranit%C3%A0\"> Movimento Nazionale per la Sovranit\u00e0 (<span class=\"caps\">MNS<\/span>)<\/a><\/em><\/small><\/div>\n<div id=\"sdfootnote35\"><small><em><a class=\"sdfootnotesym\" href=\"#sdfootnote35anc\" name=\"sdfootnote35sym\">35<\/a> Wikipedia: <a href=\"https:\/\/it.wikipedia.org\/wiki\/Fratelli_d%27Italia_(partito_politico)\">Fratelli d\u2019Italia<\/a><\/em><\/small><\/div>\n<div id=\"sdfootnote36\"><small><em><a class=\"sdfootnotesym\" href=\"#sdfootnote36anc\" name=\"sdfootnote36sym\">36<\/a> \u201eCasapound, nel bilancio comunale 11 milioni di euro per l\u2019acquisto della sede di via Napoleone <span class=\"caps\">III<\/span>\u201c<a href=\"https:\/\/riccardocorbucci.wordpress.com\/2011\/05\/13\/casapound-nel-bilancio-comunale-11-milioni-di-euro-per-lacquisto-della-sede-di-via-napoleone-iii\"> (Riccardo Corbucci, 13.05.2011)<\/a>; \u201eIl Comune \u00abcompra\u00bb la casa di Casapound\u201c <a href=\"https:\/\/roma.corriere.it\/roma\/notizie\/cronaca\/12_novembre_9\/bilancio-roma-casapound-2112634292576.shtml\">(Corriere dell Sera, 09.11.2012<\/a>); \u201eBufera sul bilancio: 11 milioni per il palazzo di Casapound\u201c <a href=\"http:\/\/www.romatoday.it\/politica\/palazzo-casapound-bilancio-comune.html\">(Roma today, 26.04.2012<\/a>); \u201eCasa Pound, con la casa e senza Pound\u201c<a href=\"https:\/\/www.ilfattoquotidiano.it\/2012\/01\/13\/casa-pound-casa-senza-pound\/183703\"> (Il Fatto Quotidiano, 13.01.2012)<\/a><\/em><\/small><\/div>\n<div id=\"sdfootnote37\"><small><em><a class=\"sdfootnotesym\" href=\"#sdfootnote37anc\" name=\"sdfootnote37sym\">37<\/a> \u201cTana delle Tigri International Fighting \u2014 Il 13 e 14 Maggio ad Area 19\u201c<a href=\"http:\/\/www.facebook.com\/notes\/casapound-italia\/tana-delle-tigri-international-fighting-il-13-e-14-maggio-ad-area-19\/10150102854312924\"> (CasaPound Italia, 30.03.2011)<\/a><\/em><\/small><\/div>\n<div id=\"sdfootnote38\"><small><em><a class=\"sdfootnotesym\" href=\"#sdfootnote38anc\" name=\"sdfootnote38sym\">38<\/a> \u201eDer Neonazi-Krieger\u201c <a href=\"http:\/\/www.spiegel.de\/panorama\/justiz\/rechtsextremer-kampfsportler-der-neonazi-krieger-aus-moskau-a-1253163-amp.html\">(Der Spiegel, 14.02.2019)<\/a><\/em><\/small><\/div>\n<div id=\"sdfootnote39\"><small><em><a class=\"sdfootnotesym\" href=\"#sdfootnote39anc\" name=\"sdfootnote39sym\">39<\/a> \u201eMonte Mario, sgomberata la stazione Farneto: era occupata da \u201aArea 19\u201c <a href=\"http:\/\/www.romatoday.it\/cronaca\/sgombero-stazione-farneto-via-dei-monti-della-farnesina.html\">(Roma Today, 27.8.2015)<\/a><\/em><\/small><\/div>\n<div id=\"sdfootnote40\"><small><em><a class=\"sdfootnotesym\" href=\"#sdfootnote40anc\" name=\"sdfootnote40sym\">40<\/a> Wikipedia: <a href=\"https:\/\/it.wikipedia.org\/wiki\/Centro_sociale_autogestito\">Centro Sociale Autogestito<\/a><\/em><\/small><\/div>\n<div id=\"sdfootnote41\"><small><em><a class=\"sdfootnotesym\" href=\"#sdfootnote41anc\" name=\"sdfootnote41sym\">41<\/a> Artikelsammlung aus dem Jahr 2008<a href=\"http:\/\/puccinipulito.ilcannocchiale.it\/?r=138792\"> (Blog: puccinipulito.ilcannocchiale.it, 2008)<\/a><\/em><\/small><\/div>\n<div id=\"sdfootnote42\"><small><em><a class=\"sdfootnotesym\" href=\"#sdfootnote42anc\" name=\"sdfootnote42sym\">42<\/a> \u201eRoma: CasaPound occupa stabile per 25 famiglie in via Cassia\u201c <a href=\"http:\/\/www1.adnkronos.com\/Archivio\/AdnAgenzia\/2008\/11\/30\/Cronaca\/ROMA-CASAPOUND-OCCUPA-STABILE-PER-25-FAMIGLIE-IN-VIA-CASSIA_104546.php\">(ADN Kronos, 30.11.2008)<\/a><\/em><\/small><\/div>\n<div id=\"sdfootnote43\"><small><em><a class=\"sdfootnotesym\" href=\"#sdfootnote43anc\" name=\"sdfootnote43sym\">43<\/a> \u201eOccupazione CasaPound: tensione davanti alla scuola\u201c<a href=\"http:\/\/montesacro.romatoday.it\/tufello\/occupazione-casa-pound-presidio-tensioni.html\"> (Roma Today, 05.04.2011)<\/a>; \u201eCasapound occupa la Scuola Parini, \u2026\u201c (<a href=\"http:\/\/montesacro.romatoday.it\/tufello\/scuola-parini-occupazione-casa-pound-5-aprile-2011.html\">Roma Today, 05.04.2011)<\/a>; \u201eCasapound occupa la Parini, la sinistra insorge\u201c<a href=\"http:\/\/www.romatoday.it\/foto\/cronaca\/casapound-occupa-la-parini-la-sinistra-insorge\/#alim3527.html\"> (Roma Today, 06.04.2011)<\/a><\/em><\/small><\/div>\n<div id=\"sdfootnote44\"><small><em><a class=\"sdfootnotesym\" href=\"#sdfootnote44anc\" name=\"sdfootnote44sym\">44<\/a> \u201eCasapound occupa la Scuola Parini, \u2026\u201c <a href=\"http:\/\/montesacro.romatoday.it\/tufello\/scuola-parini-occupazione-casa-pound-5-aprile-2011.html\">(Roma Today, 05.04.2011)<\/a><\/em><\/small><\/div>\n<div id=\"sdfootnote45\"><small><em><a class=\"sdfootnotesym\" href=\"#sdfootnote45anc\" name=\"sdfootnote45sym\">45<\/a> \u201eCasaPound, blitz in scuola in disuso ma alla fine lascia l\u2019occupazione\u201c <a href=\"https:\/\/roma.repubblica.it\/cronaca\/2011\/04\/05\/news\/emergenza_casa-14522005\">(La Repubblica, 05.14.20119)<\/a><\/em><\/small><\/div>\n<div id=\"sdfootnote46\"><small><em><a class=\"sdfootnotesym\" href=\"#sdfootnote46anc\" name=\"sdfootnote46sym\">46<\/a> \u201eFuori i fascisti da Montesacro, la scuola \u00e8 un bene comune!\u201c <a href=\"https:\/\/www.globalproject.info\/it\/in_movimento\/fuori-i-fascisti-da-montesacro-la-scuola-e-un-bene-comune\/8093\">(Global Project, 05.04.2011)<\/a><\/em><\/small><\/div>\n<div id=\"sdfootnote47\"><small><em><a class=\"sdfootnotesym\" href=\"#sdfootnote47anc\" name=\"sdfootnote47sym\">47<\/a> \u201eMontesacro: Casapound occupa l\u2019ex palazzetto Enel di via Val D\u2019Ala\u201c (<a href=\"https:\/\/montesacro.romatoday.it\/casapound-occupazione-palazzetto-enel-montesacro.html\">Montesacro Today, 06.04.2011)<\/a><\/em><\/small><\/div>\n<div id=\"sdfootnote48\"><small><em><a class=\"sdfootnotesym\" href=\"#sdfootnote48anc\" name=\"sdfootnote48sym\">48<\/a> \u201eMunicipio <span class=\"caps\">IV<\/span>, accordo raggiunto sgomberati Val D\u2019Ala e Puzzle\u201c <a href=\"https:\/\/roma.repubblica.it\/cronaca\/2011\/05\/24\/news\/municipio_iv_accordo_raggiunto_sgomberati_val_d_ala_e_puzzle-16676611\">(La Repubblica, 24.05.2011)<\/a>; \u201eAggressione a Talenti, \u00e8 scontro Senza Tregua contro CasaPound\u201c<a href=\"https:\/\/roma.repubblica.it\/cronaca\/2011\/04\/27\/news\/aggressione_a_talenti_le_reazioni-15453324\"> (La Repubblica, 27.04.2011)<\/a>; Fotos: \u201ePrati Fiscali, tensioni e proteste I collettivi contro CasaPound\u201c <a href=\"https:\/\/roma.repubblica.it\/cronaca\/2011\/04\/27\/foto\/corteo_prati_fiscali-15458416\/1\">(La Repubblica, 27.04.2011)<\/a>; Aggrediti dai militanti di CasaPound\u201c Tensioni e tafferugli durante il corteo\u201c <a href=\"https:\/\/roma.repubblica.it\/cronaca\/2011\/04\/28\/news\/aggrediti_dai_militanti_di_casapound_tensioni_e_tafferugli_durante_il_corteo-15473107\">(La Repubblica, 28.04.2011)<\/a>; \u201eCasaPound, \u201eBomba carta e scritta contro Zippo nel palazzo a via Val D\u2019Ala\u201c\u201c<a href=\"https:\/\/roma.repubblica.it\/cronaca\/2011\/04\/29\/news\/bomba_carta_casapound-15540209\"> (La Repubblica, 29.04.2011)<\/a><\/em><\/small><\/div>\n<div id=\"sdfootnote49\"><small><em><a class=\"sdfootnotesym\" href=\"#sdfootnote49anc\" name=\"sdfootnote49sym\">49<\/a> \u201eOccupazione lampo di Casapound nel palazzo di via Val D\u2019Ala, poi lo sgombero\u201c<a href=\"https:\/\/roma.repubblica.it\/cronaca\/2013\/10\/15\/news\/casapound_occupato_di_nuovo_il_palazzo_di_via_val_d_ala-68621528\"> (La Repubblica, 15.10.2013)<\/a><\/em><\/small><\/div>\n<div id=\"sdfootnote50\"><small><em><a class=\"sdfootnotesym\" href=\"#sdfootnote50anc\" name=\"sdfootnote50sym\">50<\/a> \u201eOccupato il cinema Augustus, Castellino: \u201eSpazio abbandonato\u201c\u201c <a href=\"https:\/\/www.romatoday.it\/cronaca\/occupazione-cinema-augustus-castellino-destra.html\">(Roma Today, 25.06.2012)<\/a>; \u201eSgomberato l\u2019ex cinema Augustus\u201c <a href=\"https:\/\/ricerca.repubblica.it\/repubblica\/archivio\/repubblica\/2013\/03\/26\/sgomberato-lex-cinema-augustus.html\">(La Repubblica, 26.03.2013)<\/a><\/em><\/small><\/div>\n<div id=\"sdfootnote51\"><small><em><a class=\"sdfootnotesym\" href=\"#sdfootnote51anc\" name=\"sdfootnote51sym\">51<\/a> \u201e<span class=\"caps\">EUR<\/span>: Forza Nuova occupa Tre Fontane, Luneur ed ex Velodromo\u201c <a href=\"http:\/\/eur.romatoday.it\/occupazione-tre-fontane-luneur-velodromo-forza-nuova-.html\">(Roma Today, 12.11.2012)<\/a><\/em><\/small><\/div>\n<div id=\"sdfootnote52\"><small><em><a class=\"sdfootnotesym\" href=\"#sdfootnote52anc\" name=\"sdfootnote52sym\">52<\/a> \u201eRoma ai romani, case agli italiani\u201c: blitz di cittadini e Forza Nuova, occupato il municipio <span class=\"caps\">XIV<\/span>\u201c <a href=\"http:\/\/tg5stelle.it\/news\/roma-ai-romani-case-agli-italiani-blitz-di-cittadini-e-forza-nuova-occupato-il-municipio-xiv?uid=20326\">(tg 5 stelle, 09.12.2016)<\/a><\/em><\/small><\/div>\n<div id=\"sdfootnote53\"><small><em><a class=\"sdfootnotesym\" href=\"#sdfootnote53anc\" name=\"sdfootnote53sym\">53<\/a> \u201eRoma ai Romani e l\u2019occupazione delle case libera a Primavalle\u201c <a href=\"http:\/\/www.fascinazione.info\/2017\/01\/roma-ai-romani-e-loccupazione-delle.html\">(Fascinazione, 30.01.2017)<\/a><\/em><\/small><\/div>\n<div id=\"sdfootnote54\"><small><em><a class=\"sdfootnotesym\" href=\"#sdfootnote54anc\" name=\"sdfootnote54sym\">54<\/a> \u201eRoma, ex Gil di Trastevere: altri due milioni dalla Regione per la riapertura a luglio\u201c <a href=\"https:\/\/roma.repubblica.it\/cronaca\/2017\/04\/22\/news\/roma_ex_gil_di_trastevere_altri_due_milioni_dalla_regione_per_la_riapertura_a_luglio-163660339\/#gallery-slider=162870492\">(La Repubblica, 22.04.2017)<\/a><\/em><\/small><\/div>\n<div id=\"sdfootnote55\"><small><em><a class=\"sdfootnotesym\" href=\"#sdfootnote55anc\" name=\"sdfootnote55sym\">55<\/a> \u201eRoma, ri-occupazione via Paisiello: pc che \u201cscottano\u201d nell\u2019ex sede di Francesco Storace\u201c <a href=\"https:\/\/www.osservatoreitalia.eu\/roma-ri-occupazione-via-paisiello-pc-scottano-nellex-sede-francesco-storace\">(Osservatore Italia, 18.09.2017)<\/a>; \u201eNo Ius soli e via gli immigrati, Forza Nuova apre il \u201efortino\u201c di via Paisiello ai romani senzacasa\u201c <a href=\"https:\/\/www.iltempo.it\/roma-capitale\/2017\/08\/31\/news\/no-ius-soli-e-via-gli-immigrati-forza-nuova-apre-il-fortino-di-via-paisiello-ai-romani-senzacasa-1034290\">(Il Tempo, 31.08.2017)<\/a><\/em><\/small><\/div>\n<div id=\"sdfootnote56\"><small><em><a class=\"sdfootnotesym\" href=\"#sdfootnote56anc\" name=\"sdfootnote56sym\">56<\/a> \u201eRoma, Forza Nuova occupa edifici Ater a San Giovanni. \u201eMensa per soli italiani\u201c\u201c <a href=\"https:\/\/roma.repubblica.it\/cronaca\/2017\/09\/11\/news\/roma_occupazione_forza_nuova_a_san_giovanni_per_fare_mensa_per_soli_italiani-175190996\">(La Repubblica, 11.09.2017)<\/a>; \u201eRoma, sull\u2019Appia via il Centro sociale ma rimane lo spazio occupato da Forza Nuova\u201c <a href=\"https:\/\/roma.corriere.it\/notizie\/cronaca\/18_settembre_04\/roma-sull-appia-via-centro-sociale-ma-rimane-spazio-occupato-forza-nuova-f6413df4-afa6-11e8-8b32-ed1119b5e5f1.shtml?refresh_ce-cp\">(Corriere della Serra, 04.09.2018)<\/a><\/em><\/small><\/div>\n<div id=\"sdfootnote57\"><small><em><a class=\"sdfootnotesym\" href=\"#sdfootnote57anc\" name=\"sdfootnote57sym\">57<\/a> Foto der Forza Nuova in der Via Ater <a href=\"http:\/\/www.facebook.com\/ForzaNuovaPaginaUfficiale\/photos\/pcb.2115374138480093\/2115374091813431\/?type=3&amp;theater\">(Facebook-Seite von Forza Nuova, 12.11.2017)<\/a><\/em><\/small><\/div>\n<div id=\"sdfootnote58\"><small><em><a class=\"sdfootnotesym\" href=\"#sdfootnote58anc\" name=\"sdfootnote58sym\">58<\/a> \u201eMigranti al Ferrhotel, protesta la destra romana. Il comitato: \u201eNon permetteremo l\u2019apertura\u201c\u201c <a href=\"http:\/\/www.romatoday.it\/politica\/migranti-ferrhotel-tiburtina-proteste-occupazione.html\">(Roma Today, 21.01.2017)<\/a><\/em><\/small><\/div>\n<div id=\"sdfootnote59\"><small><em><a class=\"sdfootnotesym\" href=\"#sdfootnote59anc\" name=\"sdfootnote59sym\">59<\/a> \u201eRoma, blitz di Forza Nuova e Roma ai romani: \u201eNo sfratti per centro accoglienza\u201c\u201c <a href=\"https:\/\/roma.repubblica.it\/cronaca\/2017\/03\/22\/news\/roma_blitz_di_forza_nuova_e_roma_ai_romani_no_sfratti_per_centro_accoglienza_-161115976\/?refresh_ce\">(La Repubblica, 22.03.2017)<\/a><\/em><\/small><\/div>\n<div id=\"sdfootnote60\"><small><em><a class=\"sdfootnotesym\" href=\"#sdfootnote60anc\" name=\"sdfootnote60sym\">60<\/a> \u201eSfratto a una donna incinta. E il Comune assegna la casa agli egiziani\u201c <a href=\"http:\/\/www.ilgiornale.it\/news\/politica\/comune-assegna-casa-agli-egiziani-donna-incinta-va-sfrattata-1355377.html\">(Il giornale, 24.01.2017)<\/a><\/em><\/small><\/div>\n<div id=\"sdfootnote61\"><small><em><a class=\"sdfootnotesym\" href=\"#sdfootnote61anc\" name=\"sdfootnote61sym\">61<\/a> \u201eEstrema destra contro gli sfratti: \u201eNoi regolari da 753 anni prima di Cristo\u201c\u201c<a href=\"http:\/\/www.ilgiornale.it\/news\/politica\/romai-ai-romani-1356656.html\"> (Il giornale, 28.01.2017)<\/a><\/em><\/small><\/div>\n<div id=\"sdfootnote62\"><small><em><a class=\"sdfootnotesym\" href=\"#sdfootnote62anc\" name=\"sdfootnote62sym\">62<\/a> \u201eRoma, quella guerra tra poveri che racconta un\u2019Italia sconosciuta alle \u00e9lite\u201c <a href=\"https:\/\/www.ilfattoquotidiano.it\/2016\/12\/07\/roma-quella-guerra-tra-poveri-che-racconta-unitalia-sconosciuta-alle-elite\/3243461\">(Il Fatto Quotidiano, 07.12.2016)<\/a><\/em><\/small><\/div>\n<div id=\"sdfootnote63\"><small><em><a class=\"sdfootnotesym\" href=\"#sdfootnote63anc\" name=\"sdfootnote63sym\">63<\/a> \u201eRoma, gli abitanti delle case popolari cacciano una famiglia marocchina: \u201cQui non vogliamo negri\u201d\u201c<a href=\"https:\/\/www.ilfattoquotidiano.it\/2016\/12\/06\/roma-gli-abitanti-delle-case-popolari-cacciano-una-famiglia-marocchina-qui-non-vogliamo-negri\/3242214\"> (Il Fatto Quotidiano, 06.12.2016)<\/a>; \u201eFamiglia marocchina cacciata a Roma, Comune: \u201cLa casa \u00e8 stata rioccupata, ma non sappiamo da chi\u201d\u201c <a href=\"https:\/\/www.ilfattoquotidiano.it\/2016\/12\/08\/famiglia-marocchina-cacciata-a-roma-comune-la-casa-e-stata-rioccupata-ma-non-sappiamo-da-chi\/3245951\">(Il Fatto Quotidiano, 08.12.2016)<\/a><\/em><\/small><\/div>\n<div id=\"sdfootnote64\"><small><em><a class=\"sdfootnotesym\" href=\"#sdfootnote64anc\" name=\"sdfootnote64sym\">64<\/a> Spazio Sociale \u201cVenerd\u00ec 13\u201d, Vicenza\u201c <a href=\"https:\/\/digilander.libero.it\/forzanuova2\/v13.htm\">(digilander.libero.it, Juli 2001)<\/a><\/em><\/small><\/div>\n<div id=\"sdfootnote65\"><small><em><a class=\"sdfootnotesym\" href=\"#sdfootnote65anc\" name=\"sdfootnote65sym\">65<\/a> Foto: \u201e12 anni di CasaPound Latina\u201c<a href=\"http:\/\/www.facebook.com\/Casapoundlatina\/photos\/pb.157375414355127.-2207520000.1547331256.\/2015976621828321\/?type=3&amp;theater\"> (Facebook-Site: CasaPound Latina, 23.11.2018)<\/a><\/em><\/small><\/div>\n<div id=\"sdfootnote66\"><small><em><a class=\"sdfootnotesym\" href=\"#sdfootnote66anc\" name=\"sdfootnote66sym\">66<\/a> Internetseite Spazio libero Cervantes, <a href=\"http:\/\/www.spazioliberocervantes.it\/la-storia\">La storia<\/a><\/em><\/small><\/div>\n<div id=\"sdfootnote67\"><small><em><a class=\"sdfootnotesym\" href=\"#sdfootnote67anc\" name=\"sdfootnote67sym\">67<\/a> \u201eColleverde di Guidonia: sgomberata l\u2019occupazione di Casa d\u2019Italia\u201c <a href=\"https:\/\/www.romatoday.it\/cronaca\/sgombero-casa-italia-colleverde.html\">(Roma today, 20.02.2019)<\/a><\/em><\/small><\/div>\n<div id=\"sdfootnote68\"><small><em><a class=\"sdfootnotesym\" href=\"#sdfootnote68anc\" name=\"sdfootnote68sym\">68<\/a> Lista Centri Sociali Romani <a href=\"https:\/\/romattiva.wordpress.com\/centrisocialiroma\">(Romattiva.wordpress)<\/a><\/em><\/small><\/div>\n<div id=\"sdfootnote69\"><small><em><a class=\"sdfootnotesym\" href=\"#sdfootnote69anc\" name=\"sdfootnote69sym\">69<\/a> Wikipedia: <a href=\"https:\/\/it.wikipedia.org\/wiki\/Centro_sociale_di_destra\">Centro sociale di destra<\/a><\/em><\/small><\/div>\n<div id=\"sdfootnote70\"><small><em><a class=\"sdfootnotesym\" href=\"#sdfootnote70anc\" name=\"sdfootnote70sym\">70<\/a> \u201eI camerati abusivi di CasaPound: parenti e amici vivono gratis nel centro di Roma\u201c<a href=\"http:\/\/espresso.repubblica.it\/attualita\/2018\/02\/27\/news\/i-camerati-abusivi-di-casapound-parenti-e-amici-vivono-gratis-nel-centro-di-roma-1.318675\"> (L\u201aEspresso, 01.03.2018)<\/a><\/em><\/small><\/div>\n<div id=\"sdfootnote71\"><small><em><a class=\"sdfootnotesym\" href=\"#sdfootnote71anc\" name=\"sdfootnote71sym\">71<\/a> \u201eIl Campidoglio <span class=\"caps\">M5S<\/span> sfratta Fratelli d\u2019Italia da Colle Oppio\u201c<a href=\"https:\/\/www.nextquotidiano.it\/fratelli-ditalia-colle-oppio\"> (Next Quotidiano, 01.11.2017)<\/a><\/em><\/small><\/div>\n<div id=\"sdfootnote72\"><small><em><a class=\"sdfootnotesym\" href=\"#sdfootnote72anc\" name=\"sdfootnote72sym\">72<\/a> \u201eRoma, pronto lo sgombero di CasaPound, Iannone: \u201cSarebbe atto di guerra. Pronti a morire per difenderla\u201d\u201c <a href=\"https:\/\/www.cagliaripad.it\/286817\/roma-pronto-lo-sgombero-casapound-iannone-atto-guerra-pronti-morire-difenderla\">(Cagliaripad., 25.01.2018)<\/a><\/em><\/small><\/div>\n<div id=\"sdfootnote73\"><small><em><a class=\"sdfootnotesym\" href=\"#sdfootnote73anc\" name=\"sdfootnote73sym\">73<\/a> \u201eCasaPound, Di Stefano: \u201eResisteremo con unghie e denti\u201c\u201c<a href=\"http:\/\/www.ilgiornale.it\/news\/politica\/sgombero-casapound-stefano-resisteremo-unghie-e-denti-1486160.html\"> (Il giornale, 23.01.2018)<\/a><\/em><\/small><\/div>\n<div id=\"sdfootnote74\"><small><em><a class=\"sdfootnotesym\" href=\"#sdfootnote74anc\" name=\"sdfootnote74sym\">74<\/a> \u201eBlitz a CasaPound, minacce ai finanzieri: \u00abSe provate ad entrare finisce nel sangue\u00bb\u201c <a href=\"https:\/\/www.ilmessaggero.it\/roma\/cronaca\/casapound_blitz_minacce_finanzieri_roma-4057081.html\">(Il Messaggero, 23.10.2018)<\/a>; \u201eCasapound, blitz Finanza nella sede di Roma respinto: \u201aSe entrate finisce nel sangue\u2018\u201c<a href=\"https:\/\/it.blastingnews.com\/cronaca\/2018\/10\/casapound-blitz-finanza-nella-sede-di-roma-respinto-se-entrate-finisce-nel-sangue-002754321.html\"> (Blasting News, 23.10.2018)<\/a><\/em><\/small><\/div>\n<div id=\"sdfootnote75\"><small><em><a class=\"sdfootnotesym\" href=\"#sdfootnote75anc\" name=\"sdfootnote75sym\">75<\/a> \u201eCasaPound blocca la perquisizione e \u201acaccia\u2018 la Finanza: \u201eTroppe telecamere, non garantita dignit\u00e0 dei residenti\u201c\u201c <a href=\"http:\/\/www.romatoday.it\/cronaca\/casapound-blocca-finanza.html\">(Roma Today, 23.10.2018)<\/a><\/em><\/small><\/div>\n<div id=\"sdfootnote76\"><small><em><a class=\"sdfootnotesym\" href=\"#sdfootnote76anc\" name=\"sdfootnote76sym\">76<\/a> \u201eSgomberi, Raggi: \u00abCasapound? Siamo pronti, conto su un sostegno del governo\u00bb\u201c <a href=\"https:\/\/www.ilmessaggero.it\/roma\/campidoglio\/sgomberi_raggi_casapound-4105233.html\">(Il Messaggero, 23.11.2018)<\/a><\/em><\/small><\/div>\n<div id=\"sdfootnote77\"><small><em><a class=\"sdfootnotesym\" href=\"#sdfootnote77anc\" name=\"sdfootnote77sym\">77<\/a> \u201eCampidoglio, ok a mozione sgombero edificio occupato da CasaPound\u201c <a href=\"https:\/\/roma.repubblica.it\/cronaca\/2019\/01\/29\/news\/campidoglio_ok_a_mozione_sgombero_edificio_occupato_da_casapound-217765867\/?refresh_ce\">(La Repubblica, 29.01.2019)<\/a><\/em><\/small><\/div>\n<div id=\"sdfootnote78\"><small><em><a class=\"sdfootnotesym\" href=\"#sdfootnote78anc\" name=\"sdfootnote78sym\">78<\/a> \u201eSalvini sullo sgombero di CasaPound: \u00abPrima ci occuperemo degli edifici pericolanti\u00bb\u201c <a href=\"https:\/\/www.giornalettismo.com\/archives\/2692444\/casapound-sgombero-priorita-salvini\">(Giornalettismo, 29.01.2019)<\/a>; \u201eSgombero Casapound, Salvini frena Raggi: \u201ePrima edifici instabili e sotto sequestro\u201c\u201c<a href=\"https:\/\/www.romatoday.it\/politica\/sgombero-casapound-salvini.html\"> (Roma Today, 30.01.2019)<\/a><\/em><\/small><\/div>\n<div id=\"sdfootnote79\"><small><em><a class=\"sdfootnotesym\" href=\"#sdfootnote79anc\" name=\"sdfootnote79sym\">79<\/a> \u201eEsquilino, cacio pepe e CasaPound Da capo a oste, l\u2019altra vita di Iannone\u201c <a href=\"https:\/\/roma.corriere.it\/roma\/notizie\/cronaca\/12_agosto_5\/esquilino-iannone-diventa-oste-al-ristorante-da-angelino-2111317707253.shtml\">(Corriere della Serra, 05.08.2012)<\/a>; \u201eQuando Matteo Salvini andava a cena con CasaPound\u201c <a href=\"https:\/\/www.nextquotidiano.it\/matteo-salvini-cena-casapound\">(Next Quotidianio, 12.05.2018)<\/a><\/em><\/small><\/div>\n<div id=\"sdfootnote80\"><small><em><a class=\"sdfootnotesym\" href=\"#sdfootnote80anc\" name=\"sdfootnote80sym\">80<\/a> \u201eSalvini versione ultr\u00e0 allo stadio: tra i vip con il \u201agiubbetto simbolo di CasaPound\u2018\u201c <a href=\"https:\/\/www.repubblica.it\/politica\/2018\/05\/10\/news\/matteo_salvini_calcio_milan_juve_colelzione_pivert-196001095\/#gallery-slider=196005793\">(La Reppublica, 11.05.2018)<\/a><\/em><\/small><\/div>\n<div id=\"sdfootnote81\"><small><em><a class=\"sdfootnotesym\" href=\"#sdfootnote81anc\" name=\"sdfootnote81sym\">81<\/a> Foto: Matteo Salvini und Chiara Giannini<a href=\"http:\/\/www.facebook.com\/altafortedizioni\/photos\/a.1352235531545784\/1537479963021339\/?type=3&amp;theater\"> (Facebook-Site: Altaforte Edizioni, 17.12.2018)<\/a><\/em><\/small><\/div>\n<div id=\"sdfootnote82\"><small><em><a class=\"sdfootnotesym\" href=\"#sdfootnote82anc\" name=\"sdfootnote82sym\">82<\/a> Wikipedia: <a href=\"https:\/\/de.wikipedia.org\/wiki\/Vigilantismus\">Vigilantismus<\/a><\/em><\/small><\/div>\n<div id=\"sdfootnote83\"><small><em><a class=\"sdfootnotesym\" href=\"#sdfootnote83anc\" name=\"sdfootnote83sym\">83<\/a> \u201eSalvini dichiara guerra ai centri sociali: sono pericolosi\u201c <a href=\"http:\/\/www.askanews.it\/politica\/2019\/02\/19\/salvini-dichiara-guerra-ai-centri-sociali-sono-pericolosi-top10_20190219_122526\/?fbclid=IwAR0rsk7N356zbT6SaJokG2ptbTLrEyovhhNb7FIAnbBYfRmBwr58Krv4288\">(askanews, 19.02.2019)<\/a><\/em><\/small><\/div>\n<div id=\"sdfootnote84\"><small><em><a class=\"sdfootnotesym\" href=\"#sdfootnote84anc\" name=\"sdfootnote84sym\">84<\/a> \u201eFirenze, Salvini: bene quinto sgombero in sei mesi\u201c<a href=\"http:\/\/www.askanews.it\/cronaca\/2019\/02\/13\/firenze-salvini-bene-quinto-sgombero-in-sei-mesi-pn_20190213_00327\"> (askanews, 13.02.2019)<\/a><\/em><\/small><\/div>\n<p>&nbsp;<\/p>\n<!-- Snippets by WebberZone Snippetz --><div class=\"ata_snippets\"><hr style=\"height: 10px;border: none;margin-top: 0px;background-color: darkred\" \/>\r\n\r\n<div style=\"background-color: none;padding: 0px;font-size: 14px;font-family: Helvetica,Arial;margin: 10px 0px 0px 0px\"><span style=\"color: darkred\"><strong><small>Autor:innen- und Gastbeitr\u00e4ge widerspiegeln nicht notwendigerweise die Meinung oder die Position von BBD, so wie die jeweiligen Verfasser:innen nicht notwendigerweise die Ziele von BBD unterst\u00fctzen.<\/small><\/strong><small>\u00b7 I contributi esterni non necessariamente riflettono le opinioni o la posizione di BBD, come a loro volta le autrici\/gli autori non necessariamente condividono gli obiettivi di BBD. \u2014 <a href=\"http:\/\/www.brennerbasisdemokratie.eu\/?page_id=11356#copyleft\"><strong>\u00a9<\/strong><\/a><\/small><\/span><\/div><\/div>","protected":false},"excerpt":{"rendered":"<p>von Heiko Koch Demonstrationsaufruf: \u00bbCasaPound \u2014 non si tocca!\u00ab (dt.: CasaPound r\u00fchrt man nicht an!) (screenshot) Mitglieder der Bewegungspartei CasaPound Italia demonstrierten am 8. Februar 2019 vor dem Campidoglio, dem Sitz des r\u00f6mischen B\u00fcrgermeisteramts. Unter dem Motto \u00bbCasaPound non si tocca!\u00ab&nbsp;(dt.: CasaPound r\u00fchrt man nicht an!) protestierten sie gegen den Ratsbeschluss von Ende Januar 2019, [&hellip;]<\/p>","protected":false},"author":10,"featured_media":0,"comment_status":"open","ping_status":"open","sticky":false,"template":"","format":"standard","meta":{"_crdt_document":"","ngg_post_thumbnail":0,"_jetpack_memberships_contains_paid_content":false,"footnotes":""},"categories":[14],"tags":[],"class_list":["post-47343","post","type-post","status-publish","format-standard","hentry","category-autorinnen","entity-5sb","entity-cpi","entity-finanzpolizei","entity-identitare-bewegung","entity-lega","entity-pd","entity-pdl","issue-europawahl-2019","location-canada","location-italy","location-ukraine","location-usa","language-deutsch","medium-corriere","medium-il-fatto-quotidiano","medium-il-giornale","medium-la-repubblica","medium-socialmedia","person-heiko-koch","person-matteo-salvini","person-silvio-berlusconi","topic-antisemitismus","topic-arch","topic-faschismen","topic-politik","topic-polizei","topic-racism","topic-recherche","topic-transparenz"],"jetpack_featured_media_url":"","jetpack_sharing_enabled":true,"_links":{"self":[{"href":"https:\/\/www.brennerbasisdemokratie.eu\/index.php?rest_route=\/wp\/v2\/posts\/47343","targetHints":{"allow":["GET"]}}],"collection":[{"href":"https:\/\/www.brennerbasisdemokratie.eu\/index.php?rest_route=\/wp\/v2\/posts"}],"about":[{"href":"https:\/\/www.brennerbasisdemokratie.eu\/index.php?rest_route=\/wp\/v2\/types\/post"}],"author":[{"embeddable":true,"href":"https:\/\/www.brennerbasisdemokratie.eu\/index.php?rest_route=\/wp\/v2\/users\/10"}],"replies":[{"embeddable":true,"href":"https:\/\/www.brennerbasisdemokratie.eu\/index.php?rest_route=%2Fwp%2Fv2%2Fcomments&post=47343"}],"version-history":[{"count":28,"href":"https:\/\/www.brennerbasisdemokratie.eu\/index.php?rest_route=\/wp\/v2\/posts\/47343\/revisions"}],"predecessor-version":[{"id":85072,"href":"https:\/\/www.brennerbasisdemokratie.eu\/index.php?rest_route=\/wp\/v2\/posts\/47343\/revisions\/85072"}],"wp:attachment":[{"href":"https:\/\/www.brennerbasisdemokratie.eu\/index.php?rest_route=%2Fwp%2Fv2%2Fmedia&parent=47343"}],"wp:term":[{"taxonomy":"category","embeddable":true,"href":"https:\/\/www.brennerbasisdemokratie.eu\/index.php?rest_route=%2Fwp%2Fv2%2Fcategories&post=47343"},{"taxonomy":"post_tag","embeddable":true,"href":"https:\/\/www.brennerbasisdemokratie.eu\/index.php?rest_route=%2Fwp%2Fv2%2Ftags&post=47343"}],"curies":[{"name":"wp","href":"https:\/\/api.w.org\/{rel}","templated":true}]}}