{"id":4737,"date":"2010-04-12T13:36:22","date_gmt":"2010-04-12T11:36:22","guid":{"rendered":"http:\/\/www.brennerbasisdemokratie.eu\/?p=4737"},"modified":"2016-08-24T08:57:02","modified_gmt":"2016-08-24T06:57:02","slug":"krisenmanagement","status":"publish","type":"post","link":"https:\/\/www.brennerbasisdemokratie.eu\/?p=4737","title":{"rendered":"+++ Krisenmanagement."},"content":{"rendered":"<p><strong>+++ Aktueller Nachtrag: Gr\u00fcne Nummer f\u00fcr Angeh\u00f6rige\/Zugungl\u00fcck im Vinschgau: 800 751 751 +++<\/strong><\/p>\n<p>Ich hoffe es wird mir nicht als Piet\u00e4tslosigkeit ausgelegt, dass ich das Krisenmanagement im Zusammenhang mit dem heutigen Zugungl\u00fcck schon kritisiere, w\u00e4hrend die Bergungsarbeiten noch im Gange sind. Nach Gespr\u00e4chen mit Bekannten m\u00f6chte ich hiermit vielmehr dazu beitragen, dass sich vielleicht noch etwas \u00e4ndert und rasch nachgebessert wird.<\/p>\n<p>Ich habe eigentlich wenig Zweifel, dass das Krisenmanagement vor Ort durch Feuerwehren und Rettungskr\u00e4fte professionell abl\u00e4uft. Was (nicht nur) mich best\u00fcrzt, ist die Informationspolitik \u2014 nicht sosehr f\u00fcr die zu Recht informationsdurstige Bev\u00f6lkerung, sondern v.a. f\u00fcr Verwandte und Bekannte m\u00f6glicher Opfer.<\/p>\n<p>Im <a title=\"S\u00fcdtiroler B\u00fcrgernetz.\" href=\"http:\/\/www.provinz.bz.it\" target=\"_blank\">B\u00fcrgernetz<\/a> war \u2014 au\u00dfer eine telegraphische Pressemitteilung \u2014 bis 12.00 Uhr Mittag kein Hinweis auf das Ungl\u00fcck zu lesen. Mittlerweile hat das <a title=\"LPA.\" href=\"http:\/\/www.provinz.bz.it\/lpa\" target=\"_blank\">Landespresseamt<\/a> reagiert, <span style=\"text-decoration: line-through;\">eine Infonummer f\u00fcr Angeh\u00f6rige wird aber noch immer nicht angeboten.<\/span><\/p>\n<p>Die Seiten von <a title=\"SAD.\" href=\"http:\/\/www.sad.it\" target=\"_blank\">SAD<\/a> und <a title=\"Vinschger Bahn.\" href=\"http:\/\/www.vinschgauerbahn.it\/\" target=\"_blank\">Vinschger Bahn<\/a> sehen noch immer so aus, als w\u00e4re gar nichts passiert \u2014 also ebenfalls keine Infos f\u00fcr besorgte Angeh\u00f6rige.<\/p>\n<p>Gleichzeitig erweisen sich auch die S\u00fcdtiroler Medien nicht f\u00e4hig, eine so wichtige Krise zu managen und ihrem Informationsauftrag nachzukommen. <a title=\"Stol.\" href=\"http:\/\/www.stol.it\" target=\"_blank\">S\u00fcdtirol Online<\/a> war bis nach Mittag hoffnungslos \u00fcberlastet und \u00fcber Stunden nicht zug\u00e4nglich. Bei <a title=\"S\u00fcdtirol News.\" href=\"http:\/\/www.suedtirolnews.it\/\" target=\"_blank\">S\u00fcdtirol News<\/a> war bis kurz vor Mittag die Nachricht vom Unfall gar nicht eingetroffen. Beim <a title=\"Alto Adige.\" href=\"http:\/\/altoadige.gelocal.it\/\" target=\"_blank\">Alto Adige<\/a> ist in ein und demselben Artikel gleichzeitig von keinen Toten und acht Toten die Rede.<\/p>\n<p><strong>Den Angeh\u00f6rigen der Opfer gilt mein Mitgef\u00fchl.<\/strong><span style=\"text-decoration: underline;\"><br \/>\n<\/span><\/p>","protected":false},"excerpt":{"rendered":"<p>+++ Aktueller Nachtrag: Gr\u00fcne Nummer f\u00fcr Angeh\u00f6rige\/Zugungl\u00fcck im Vinschgau: 800 751 751 +++ Ich hoffe es wird mir nicht als Piet\u00e4tslosigkeit ausgelegt, dass ich das Krisenmanagement im Zusammenhang mit dem heutigen Zugungl\u00fcck schon kritisiere, w\u00e4hrend die Bergungsarbeiten noch im Gange sind. Nach Gespr\u00e4chen mit Bekannten m\u00f6chte ich hiermit vielmehr dazu beitragen, dass sich vielleicht noch [&hellip;]<\/p>","protected":false},"author":1,"featured_media":0,"comment_status":"open","ping_status":"open","sticky":false,"template":"","format":"standard","meta":{"_crdt_document":"","ngg_post_thumbnail":0,"_jetpack_memberships_contains_paid_content":false,"footnotes":""},"categories":[],"tags":[],"class_list":["post-4737","post","type-post","status-publish","format-standard","hentry","medium-aa","medium-dolo","medium-lpa","medium-suedtirolnews","topic-medien","topic-mobilitaet","topic-tech_com"],"jetpack_featured_media_url":"","jetpack_sharing_enabled":true,"_links":{"self":[{"href":"https:\/\/www.brennerbasisdemokratie.eu\/index.php?rest_route=\/wp\/v2\/posts\/4737","targetHints":{"allow":["GET"]}}],"collection":[{"href":"https:\/\/www.brennerbasisdemokratie.eu\/index.php?rest_route=\/wp\/v2\/posts"}],"about":[{"href":"https:\/\/www.brennerbasisdemokratie.eu\/index.php?rest_route=\/wp\/v2\/types\/post"}],"author":[{"embeddable":true,"href":"https:\/\/www.brennerbasisdemokratie.eu\/index.php?rest_route=\/wp\/v2\/users\/1"}],"replies":[{"embeddable":true,"href":"https:\/\/www.brennerbasisdemokratie.eu\/index.php?rest_route=%2Fwp%2Fv2%2Fcomments&post=4737"}],"version-history":[{"count":16,"href":"https:\/\/www.brennerbasisdemokratie.eu\/index.php?rest_route=\/wp\/v2\/posts\/4737\/revisions"}],"predecessor-version":[{"id":28046,"href":"https:\/\/www.brennerbasisdemokratie.eu\/index.php?rest_route=\/wp\/v2\/posts\/4737\/revisions\/28046"}],"wp:attachment":[{"href":"https:\/\/www.brennerbasisdemokratie.eu\/index.php?rest_route=%2Fwp%2Fv2%2Fmedia&parent=4737"}],"wp:term":[{"taxonomy":"category","embeddable":true,"href":"https:\/\/www.brennerbasisdemokratie.eu\/index.php?rest_route=%2Fwp%2Fv2%2Fcategories&post=4737"},{"taxonomy":"post_tag","embeddable":true,"href":"https:\/\/www.brennerbasisdemokratie.eu\/index.php?rest_route=%2Fwp%2Fv2%2Ftags&post=4737"}],"curies":[{"name":"wp","href":"https:\/\/api.w.org\/{rel}","templated":true}]}}