{"id":47697,"date":"2019-03-28T23:56:27","date_gmt":"2019-03-28T22:56:27","guid":{"rendered":"http:\/\/www.brennerbasisdemokratie.eu\/?p=47697"},"modified":"2023-04-18T21:54:00","modified_gmt":"2023-04-18T19:54:00","slug":"grenzenlos","status":"publish","type":"post","link":"https:\/\/www.brennerbasisdemokratie.eu\/?p=47697","title":{"rendered":"Grenzenlos."},"content":{"rendered":"<!-- Snippets by WebberZone Snippetz --><div class=\"ata_snippets\"><hr style=\"height: 20px; border: none; margin-top: 0em; background-color: darkred;\"\/><\/div><p><em>von Sigmund Kripp<\/em><\/p>\n<p>In der EU gibt es keine Grenzen mehr, sagt man uns seit vielen Jahren. Vor allem die \u00d6ffnung des Brenners im Jahr 1995 wurde hier in Tirol gro\u00df gefeiert und als \u00dcberwindung sicht- und f\u00fchlbarer Grenzen gefeiert. Ich betone \u00bbsichtbar\u00ab und \u00bbf\u00fchlbar\u00ab, denn verwaltungsm\u00e4\u00dfig bleibt der Brenner weiter eine deutliche Grenze. In den Staaten, die er trennt (oder vereint?) herrschen verschiedene Gesetze: Steuern, Sozialsysteme, Wahlrecht, Wirtschaftsrecht, Umwelt und Verkehr werden recht unterschiedlich gehandhabt. Vor allem aber das Sichtbare der Grenze ist stark erhalten geblieben: Auf beiden Seiten des Brenners verabschieden bzw. begr\u00fc\u00dfen die Reisenden Schilder zur jeweiligen Region und Hoheitszeichen der beiden Staaten. Auf der Reise nach S\u00fcden kommt zuerst das ITALIA-Schild, dann das Schild der Region Trentino-S\u00fcdtirol und schlie\u00dflich das Werbeschild des Tourismuslandes S\u00fcdtirol. Die Reisenden werden also durchaus bewusst und massiv auf die Tatsache hingewiesen, dass sie jetzt in ein anderes Land, in einen anderen Staat fahren.<\/p>\n<p>Warum schreibe ich das?<\/p>\n<p>Ich war gerade in Irland und habe zum ersten Mal im Leben auch Nordirland besucht! Beim Hineinfahren habe ich die Staatsstra\u00dfe N3 von Cavan nach Enniskillen benutzt, die in Nordirland zur A509 wird. Ich habe mich darauf vorbereitet und wollte den Grenz\u00fcbergang erkennen, ich war sehr neugierig, wie der sich wohl darstellt. Wir fuhren die Stra\u00dfe entlang, nicht zu schnell, um nur ja nicht diesen Grenzpunkt zu vers\u00e4umen. Ich hielt mich auch an alle Geschwindigkeitsbegrenzungen und wunderte mich \u00fcber die 30 km\/h in einem Dorf, dachte, aha, die wollen auch den Durchzugsverkehr bremsen, recht haben sie! Aber die anderen Autos \u00fcberholten mich skrupellos. Und da kam es mir geschossen: Wir sind schon l\u00e4ngst im Vereinigten K\u00f6nigreich und die Geschwindigkeiten werden in mls\/h angegeben und nicht in km\/h! Das hie\u00df im Umkehrschluss: Wir haben die Grenze nicht wahrgenommen! Trotz erh\u00f6hter Aufmerksamkeit von drei Passagieren im Auto!! Die Grenze war UNSICHTBAR! Kein \u201egood-bye\u201c-Schild, kein Regionalschild, nichts: Nicht die Spur von einem Hoheitszeichen! Ich, wir, waren baff! So etwas habe ich in meinem ganzen Leben noch nie gesehen, dass der \u00dcbergang zwischen zwei Staaten durch absolut GAR KEIN Zeichen dargestellt wird! Unglaublich! Wir sind dann die Runde durch Nordirland weiter gefahren, haben die leidgepr\u00fcfte Stadt Derry besucht, den prachtvollen Giant&#8217;s Causeway und Torr-Head, jenen Punkt, wo Irland der Britischen Hauptinsel am n\u00e4chsten liegt, gegen\u00fcber vom Mull of Kintyre, das Paul McCartney in einem seiner Songs besingt und von wo eine meiner Urgro\u00dfm\u00fctter stammt, aber das ist eine andere Geschichte.<\/p>\n<p>Wir nahmen uns vor, auf der R\u00fcckreise ebenso aufmerksam nach Zeichen der Grenze Ausschau zu halten! Wir nahmen die nordirische A1 von Newry nach S\u00fcden, wo sie in der Republik Irland zur N1 wird. Beides sind Autobahnen. Ich wusste, wo die Grenze kommen w\u00fcrde und bat die Kinder, ebenfalls ganz genau hinzuschauen, denn ich konnte mir nicht vorstellen, dass an einer gro\u00dfen Autobahn gar kein Hoheitszeichen angebracht sein w\u00fcrde. Wir fuhren also wieder verlangsamt der Route entlang und sahen \u2014 nichts! Denn wieder war es nur die Geschwindigkeitsbegrenzung von 120, die mir klar machte: das k\u00f6nnen nicht Meilen sein!! Wir waren zum zweiten Mal \u00fcber eine komplett unsichtbare Grenze gefahren!<\/p>\n<p>Was nehme ich aus diesem Erlebnis mit? Erstens, dass unsere sch\u00f6ne Brennergrenze gar nicht so unsichtbar und unf\u00fchlbar ist, wie uns von vielen verkauft wird. Und zweitens verstehe ich jetzt viel besser, warum diese Grenze derma\u00dfen stark auf den Brexit einwirkt! An ihr wollen beide Seiten wirklich aus ihrer gemeinsamen, oft sehr bitteren Geschichte heraustreten und einen Neubeginn leben! Und deswegen tut es offensichtlich beiden Seiten so weh, wenn diese Grenze nicht nur wieder sichtbar wird, sondern sogar zur EU-Au\u00dfengrenze werden soll! Ich habe keinen Menschen getroffen, der mit dem Brexit gl\u00fccklich gewesen w\u00e4re! Weder in der Rebublik Irland, noch in Ulster, der UK-Provinz. Wieder wird eine relativ kurze Grenze zum gordischen Knoten auf diesem Kontinent! Was bleibt, ist eine gro\u00dfe Nachdenklichkeit und ein noch gr\u00f6\u00dferes Unverst\u00e4ndnis \u00fcber den Brexit. Europa hat schon sehr viele gute Taten hinter sich und verdient es nicht, von ein paar egoistischen Politbewegungen auseinandergenommen zu werden.<\/p>\n<p>Am 26. Mai haben wir die Gelegenheit, dies zu bedenken!<\/p>\n<!-- Snippets by WebberZone Snippetz --><div class=\"ata_snippets\"><hr style=\"height: 10px;border: none;margin-top: 0px;background-color: darkred\" \/>\r\n\r\n<div style=\"background-color: none;padding: 0px;font-size: 14px;font-family: Helvetica,Arial;margin: 10px 0px 0px 0px\"><span style=\"color: darkred\"><strong><small>Autor:innen- und Gastbeitr\u00e4ge widerspiegeln nicht notwendigerweise die Meinung oder die Position von BBD, so wie die jeweiligen Verfasser:innen nicht notwendigerweise die Ziele von BBD unterst\u00fctzen.<\/small><\/strong><small>\u00b7 I contributi esterni non necessariamente riflettono le opinioni o la posizione di BBD, come a loro volta le autrici\/gli autori non necessariamente condividono gli obiettivi di BBD. \u2014 <a href=\"http:\/\/www.brennerbasisdemokratie.eu\/?page_id=11356#copyleft\"><strong>\u00a9<\/strong><\/a><\/small><\/span><\/div><\/div>","protected":false},"excerpt":{"rendered":"<p>von Sigmund Kripp In der EU gibt es keine Grenzen mehr, sagt man uns seit vielen Jahren. Vor allem die \u00d6ffnung des Brenners im Jahr 1995 wurde hier in Tirol gro\u00df gefeiert und als \u00dcberwindung sicht- und f\u00fchlbarer Grenzen gefeiert. Ich betone \u00bbsichtbar\u00ab und \u00bbf\u00fchlbar\u00ab, denn verwaltungsm\u00e4\u00dfig bleibt der Brenner weiter eine deutliche Grenze. In [&hellip;]<\/p>","protected":false},"author":10,"featured_media":0,"comment_status":"open","ping_status":"open","sticky":false,"template":"","format":"standard","meta":{"_crdt_document":"","ngg_post_thumbnail":0,"_jetpack_memberships_contains_paid_content":false,"footnotes":""},"categories":[14],"tags":[],"class_list":["post-47697","post","type-post","status-publish","format-standard","hentry","category-autorinnen","entity-eu","entity-euregio","issue-brexit","issue-europawahl-2019","location-europa","location-irland","location-nord-osttirol","location-nordirland","location-sudtirolo","location-united-kingdom","language-deutsch","person-sigmund-kripp","topic-comparatio","topic-grenzen","topic-mobilitaet","topic-politik","topic-tourismus"],"jetpack_featured_media_url":"","jetpack_sharing_enabled":true,"_links":{"self":[{"href":"https:\/\/www.brennerbasisdemokratie.eu\/index.php?rest_route=\/wp\/v2\/posts\/47697","targetHints":{"allow":["GET"]}}],"collection":[{"href":"https:\/\/www.brennerbasisdemokratie.eu\/index.php?rest_route=\/wp\/v2\/posts"}],"about":[{"href":"https:\/\/www.brennerbasisdemokratie.eu\/index.php?rest_route=\/wp\/v2\/types\/post"}],"author":[{"embeddable":true,"href":"https:\/\/www.brennerbasisdemokratie.eu\/index.php?rest_route=\/wp\/v2\/users\/10"}],"replies":[{"embeddable":true,"href":"https:\/\/www.brennerbasisdemokratie.eu\/index.php?rest_route=%2Fwp%2Fv2%2Fcomments&post=47697"}],"version-history":[{"count":3,"href":"https:\/\/www.brennerbasisdemokratie.eu\/index.php?rest_route=\/wp\/v2\/posts\/47697\/revisions"}],"predecessor-version":[{"id":47700,"href":"https:\/\/www.brennerbasisdemokratie.eu\/index.php?rest_route=\/wp\/v2\/posts\/47697\/revisions\/47700"}],"wp:attachment":[{"href":"https:\/\/www.brennerbasisdemokratie.eu\/index.php?rest_route=%2Fwp%2Fv2%2Fmedia&parent=47697"}],"wp:term":[{"taxonomy":"category","embeddable":true,"href":"https:\/\/www.brennerbasisdemokratie.eu\/index.php?rest_route=%2Fwp%2Fv2%2Fcategories&post=47697"},{"taxonomy":"post_tag","embeddable":true,"href":"https:\/\/www.brennerbasisdemokratie.eu\/index.php?rest_route=%2Fwp%2Fv2%2Ftags&post=47697"}],"curies":[{"name":"wp","href":"https:\/\/api.w.org\/{rel}","templated":true}]}}