{"id":47743,"date":"2019-04-03T12:31:37","date_gmt":"2019-04-03T10:31:37","guid":{"rendered":"http:\/\/www.brennerbasisdemokratie.eu\/?p=47743"},"modified":"2025-10-07T22:27:04","modified_gmt":"2025-10-07T20:27:04","slug":"dieposthinterlasstweiterehinweise","status":"publish","type":"post","link":"https:\/\/www.brennerbasisdemokratie.eu\/?p=47743","title":{"rendered":"DiePosthinterl\u00e4sstweitereHinweise."},"content":{"rendered":"<p>Man kann wahrlich nicht behaupten, dass es der italienischen Post an Einfallsreichtum mangle, wenn es um die systematische Missachtung der Zweisprachigkeit in S\u00fcdtirol geht. Mit ihrer feinen Art, sich \u00fcber gesetzliche Vorschriften hinwegzusetzen und \u2014 anders kann man es nicht nennen \u2014 die B\u00fcrgerinnen deutscher Zunge zu verarschen, \u00fcberrascht sie immer wieder neu. So zum Beispiel auch mit einem <em>Hinweisf\u00fcrNichtzustellung<\/em> (bitte nicht mit dem <a title=\"Hinweis auf mangelnde Kompetenz.\" href=\"http:\/\/www.brennerbasisdemokratie.eu\/?p=41298\">fast genauso unbrauchbaren<\/a> <em>Hinweis auf lagernde Korrespondenz<\/em> verwechseln), von dem mir heute ein Foto zugeschickt wurde.<\/p>\n<p>Der Versuch einer originalgetreuen Wiedergabe:<\/p>\n<blockquote>\n<p style=\"text-align: center;\">2\u00b0<br \/>\nHinweisf\u00fcrNichtzustellung<\/p>\n<p>[\u2026]<\/p>\n<p>Sendung &#8220;postapatente&#8221; den\/die F\u00fchrerschein\/Zulassungsbescheinigungenth\u00e4lt, durchzuf\u00fchren.<\/p>\n<p>Wir informieren Sie, senden verf\u00fcgt \u00fcber angegebenen im Postamt: [italienische Bezeichnung und Adresse des Postamts], ab 08:20 die 02\/04\/2019.<br \/>\nIm Postamt beobachtet die folgenden Stunden der \u00d6ffnung f\u00fcr die \u00d6ffentlichkeit<br \/>\n&#8211; Aus MO. zu FR. aus 08:20 zu 13.35<br \/>\n&#8211; SA. aus 08:20 zu 12.35<\/p>\n<p>Uhr des darau- olgenden Tages dieses Hinweises, lagert:<\/p>\n<p>Bezahlung von in Wertzeichen 5,87 \u20ac n\u00f6tig.<\/p>\n<p>Zur Abholung der Sendung ist die Zahlung per Nachnahme von 5,87 \u20ac n\u00f6tig.<\/p>\n<p>Wir errinern Sie daran, dass die Sendung f\u00fcr 60 Tage im obengenannten Postamt hinterlegt wird.<\/p>\n<p>Nach der angegebenen Verfallfrist, wird das Schreiben den Ministerium f\u00fcr Transport und Infrastruktur zur Vernichtung\/Annullierung zugesandt.<\/p>\n<p>F\u00fcr weiter Informationen steht Ihnen die Homepage www.ilportaledellautomobilista. it. zur Verf\u00fcgung.<\/p>\n<p>[\u2026]<\/p><\/blockquote>\n<p><small><em>Betrag und Datum von mir ge\u00e4ndert<\/em><\/small><\/p>\n<p>Als das Land S\u00fcdtirol vor wenigen Jahren die Zust\u00e4ndigkeit f\u00fcr die Ahndung von Zwei- und Dreisprachigkeitsverletzungen \u00fcbernehmen wollte, <a title=\"Margiacchi: Tre multe, tre.\" href=\"http:\/\/www.brennerbasisdemokratie.eu\/?p=30280\">sprach sich die zust\u00e4ndige Pr\u00e4fektin Elisabetta Margiacchi dagegen aus<\/a>, weil das Regierungskommissariat diese T\u00e4tigkeit bereits \u00bbaufmerksam und kontinuierlich\u00ab sowie \u00bbsorgf\u00e4ltig und unparteiisch\u00ab aus\u00fcbe. Das Ergebnis sehen wir t\u00e4glich im Umgang mit \u00c4mtern, Beh\u00f6rden und Konzession\u00e4ren \u00f6ffentlicher Dienste.<\/p>\n<p>Vor fast genau einem Jahr <a title=\"Post vielleicht bald zweisprachig.\" href=\"http:\/\/www.brennerbasisdemokratie.eu\/?p=40414\">hatte Margiacchis Nachfolger Vito Cusumano versprochen<\/a>, dass alle Formulare der Post \u00bbbald\u00ab \u2014 gemeint ist \u00bbbald ein halbes Jahrhundert nach Inkrafttreten des Autonomiestatuts\u00ab \u2014 zweisprachig werden. Wir warten geduldigst und ergebenst.<\/p>\n<p><strong><span style=\"font-family: Helvetica, Arial, sans-serif; text-transform: uppercase;\">C\u00ebla enghe:<\/span><\/strong> <a title=\"Schicken hier die Post.\" href=\"http:\/\/www.brennerbasisdemokratie.eu\/?p=41570\"><code>01<\/code><\/a> <a title=\"Hinweis auf mangelnde Kompetenz.\" href=\"https:\/\/www.brennerbasisdemokratie.eu\/?p=41298\"><code>02<\/code><\/a> <a title=\"Post national.\" href=\"http:\/\/www.brennerbasisdemokratie.eu\/?p=22459\"><code>03<\/code><\/a> <a title=\"Postalische Momente.\" href=\"http:\/\/www.brennerbasisdemokratie.eu\/?p=29277\"><code>04<\/code><\/a> <a title=\"Wei\u00dfe Seiten \u00bbinformiert\u00ab\u2026\" href=\"http:\/\/www.brennerbasisdemokratie.eu\/?p=24711\"><code>05<\/code><\/a> <a title=\"Zwei Fehlersuchbilder.\" href=\"http:\/\/www.brennerbasisdemokratie.eu\/?p=24595\"><code>06<\/code><\/a> <a title=\"Im Namen der Post.\" href=\"http:\/\/www.brennerbasisdemokratie.eu\/?p=5749\"><code>07<\/code><\/a> <a title=\"Das Land braucht eine (echte) Sprachstelle!\" href=\"http:\/\/www.brennerbasisdemokratie.eu\/?p=34390\"><code>08<\/code><\/a> <span style=\"font-family: Helvetica, Arial, sans-serif; font-weight: normal;\">||<\/span> <a title=\"Nehmt Google Translate!\" href=\"http:\/\/www.brennerbasisdemokratie.eu\/?p=47752\"><span style=\"color:#ff8c00; text-decoration:underline; text-decoration-color:#ff8c00; text-decoration-thickness:3px;\"><code>01<\/code><\/span><\/a><\/p>","protected":false},"excerpt":{"rendered":"<p>Man kann wahrlich nicht behaupten, dass es der italienischen Post an Einfallsreichtum mangle, wenn es um die systematische Missachtung der Zweisprachigkeit in S\u00fcdtirol geht. Mit ihrer feinen Art, sich \u00fcber gesetzliche Vorschriften hinwegzusetzen und \u2014 anders kann man es nicht nennen \u2014 die B\u00fcrgerinnen deutscher Zunge zu verarschen, \u00fcberrascht sie immer wieder neu. So zum [&hellip;]<\/p>","protected":false},"author":1,"featured_media":0,"comment_status":"open","ping_status":"open","sticky":false,"template":"","format":"standard","meta":{"_crdt_document":"","ngg_post_thumbnail":0,"_jetpack_memberships_contains_paid_content":false,"footnotes":""},"categories":[1],"tags":[],"class_list":["post-47743","post","type-post","status-publish","format-standard","hentry","category-allgemein","issue-bilinguismo-negato","issue-zitac","location-sudtirolo","language-deutsch","topic-discriminaziun","topic-minderheitenschutz","topic-mobilitaet","topic-nationalismus","topic-plurilinguism","topic-postdienst","topic-sprachpfusch","topic-vorzeigeautonomie","topic-zustaendigkeiten"],"jetpack_featured_media_url":"","jetpack_sharing_enabled":true,"_links":{"self":[{"href":"https:\/\/www.brennerbasisdemokratie.eu\/index.php?rest_route=\/wp\/v2\/posts\/47743","targetHints":{"allow":["GET"]}}],"collection":[{"href":"https:\/\/www.brennerbasisdemokratie.eu\/index.php?rest_route=\/wp\/v2\/posts"}],"about":[{"href":"https:\/\/www.brennerbasisdemokratie.eu\/index.php?rest_route=\/wp\/v2\/types\/post"}],"author":[{"embeddable":true,"href":"https:\/\/www.brennerbasisdemokratie.eu\/index.php?rest_route=\/wp\/v2\/users\/1"}],"replies":[{"embeddable":true,"href":"https:\/\/www.brennerbasisdemokratie.eu\/index.php?rest_route=%2Fwp%2Fv2%2Fcomments&post=47743"}],"version-history":[{"count":15,"href":"https:\/\/www.brennerbasisdemokratie.eu\/index.php?rest_route=\/wp\/v2\/posts\/47743\/revisions"}],"predecessor-version":[{"id":95111,"href":"https:\/\/www.brennerbasisdemokratie.eu\/index.php?rest_route=\/wp\/v2\/posts\/47743\/revisions\/95111"}],"wp:attachment":[{"href":"https:\/\/www.brennerbasisdemokratie.eu\/index.php?rest_route=%2Fwp%2Fv2%2Fmedia&parent=47743"}],"wp:term":[{"taxonomy":"category","embeddable":true,"href":"https:\/\/www.brennerbasisdemokratie.eu\/index.php?rest_route=%2Fwp%2Fv2%2Fcategories&post=47743"},{"taxonomy":"post_tag","embeddable":true,"href":"https:\/\/www.brennerbasisdemokratie.eu\/index.php?rest_route=%2Fwp%2Fv2%2Ftags&post=47743"}],"curies":[{"name":"wp","href":"https:\/\/api.w.org\/{rel}","templated":true}]}}