{"id":47772,"date":"2019-04-04T10:06:49","date_gmt":"2019-04-04T08:06:49","guid":{"rendered":"http:\/\/www.brennerbasisdemokratie.eu\/?p=47772"},"modified":"2023-09-17T20:14:58","modified_gmt":"2023-09-17T18:14:58","slug":"zerzer-in-rom-und-die-bittstellerinnenmentalitat","status":"publish","type":"post","link":"https:\/\/www.brennerbasisdemokratie.eu\/?p=47772","title":{"rendered":"Zerzer in Rom und die Bittstellerinnenmentalit\u00e4t."},"content":{"rendered":"<p>Chefredakteur Christoph Franceschini <a title=\"Salto: Persona non grata.\" href=\"https:\/\/www.salto.bz\/de\/article\/03042019\/persona-non-grata\" target=\"_blank\" rel=\"noopener noreferrer\">schildert auf <em>Salto<\/em><\/a> ein Treffen zwischen dem <em>Sabes<\/em>-Generaldirektor Florian Zerzer und dem stellvertretenden italienischen Gesundheitsminister Luca Coletto <em>(Lega),<\/em> dessen Verlauf meines Erachtens \u2014 falls es sich nat\u00fcrlich so zugetragen hat \u2014 B\u00e4nde \u00fcber die Behandlung S\u00fcdtirols in Rom spricht.<\/p>\n<p>Dass da unvermittelt eine Person (der Arzt Costantino Gallo) mit am Verhandlungstisch sitzt, die aus pers\u00f6nlichen Gr\u00fcnden mit dem S\u00fcdtiroler Gesundheitssystem verfehdet ist und sogar mit dem <em>Sabes<\/em> prozessiert, halte ich f\u00fcr eine Unverfrorenheit. An mangelnder Professionalit\u00e4t und Diplomatie wohl kaum zu \u00fcberbieten ist, dass dieser Herr vom Ministerium auch noch als \u00bbFachmann f\u00fcr die S\u00fcdtiroler Sanit\u00e4t\u00ab betrachtet wird.<\/p>\n<p>Kann sich jemand einen \u00e4hnlichen Affront bei \u2014 sagen wir mal \u2014 einem Treffen der Verantwortlichen des bayerischen und des Bundesgesundheitsministeriums in Berlin vorstellen? Dass da ohne Vorank\u00fcndigung jemand (als Beraterin!) mit am Tisch sitzt, die einen Rachefeldzug gegen Bayern f\u00fchrt?<\/p>\n<p>Dass Zerzer die Forderung erhoben haben soll, Herrn Gallo aus dem Sitzungsraum zu schicken, mag zwar ebenfalls nicht diplomatisch gewesen sein, aber konsequent und logisch war es allemal. Zumindest, wenn es ein Interesse an L\u00f6sungen gegeben haben sollte.<\/p>\n<p>Franceschini schreibt:<\/p>\n<blockquote><p>Ein Bittsteller ersucht einen Vizeminister, dass er seinen Berater vor die T\u00fcr setze. Einen gr\u00f6\u00dferen Affront kann es wohl kaum geben. Es ist eine Art institutioneller Selbstmord.<\/p><\/blockquote>\n<p>Das Wort \u00bbBittsteller\u00ab ist bezeichnend. F\u00fcr viele S\u00fcdtirolerinnen scheint es logisch zu sein, dass wir in Rom nur Bittstellerinnen sein k\u00f6nnen und nicht Verhandlungspartnerinnen auf Augenh\u00f6he. Klar, wenn eine solche Forderung von einem <em>Bittsteller<\/em> kommt, den man wie einen Fu\u00dfabstreifer behandeln kann, dann <em>ist<\/em> sie ein Affront. Wenn sie von einem gleichberechtigten Verhandlungspartner kommt, dann nicht.<\/p>\n<p>Einen \u00bbzweiten Kapitalfehler\u00ab sieht Franceschini in der Tatsache, dass Zerzer vom Ministerium die Zustimmung haben wollte, auch Krankenpflegerinnen einstellen zu d\u00fcrfen, die kein Italienisch sprechen. Eigentlich eine v\u00f6llig logische Forderung, m\u00f6chte man meinen, zumindest wenn es m\u00f6glich ist, Krankenpflegerinnen zu besch\u00e4ftigen, die kein Deutsch sprechen. Die beiden Sprachen sind laut Artikel 99 des Autonomiestatuts gleichgestellt, auf dem Papier.<\/p>\n<p>Doch weit gefehlt: Die angebliche Aussage von Florian Zerzer, dass in der S\u00fcdtiroler Berufskammer auch \u00c4rztinnen eingeschrieben seien, die kein Italienisch sprechen, hat laut Franceschini zu einer umgehenden \u00dcberpr\u00fcfung durch das Ministerium gef\u00fchrt. Da wird konsequent mit zweierlei Ma\u00df gemessen. Kein Deutsch? <a title=\"Noch mehr einsprachige \u00c4rztinnen.\" href=\"http:\/\/www.brennerbasisdemokratie.eu\/?p=44415\">Wird zur Normalit\u00e4t.<\/a> Kein Italienisch? Darf nicht sein.<\/p>\n<p>Dass dieser nette Herr Gallo, der jetzt wohl an der Verbesserung unseres Gesundheitssystems arbeiten wird, derselbe Arzt ist, der nicht nur \u2014 wie Franceschini schreibt \u2014 ohne Zweisprachigkeitsnachweis <em>Sabes<\/em>-Generaldirektor werden wollte, sondern auch \u2014 was Franceschini wom\u00f6glich entgangen ist \u2014 <a title=\"Gericht verordnet M\u00e4dchen italienische Schule.\" href=\"http:\/\/www.brennerbasisdemokratie.eu\/?p=41060\">seine Tochter per Gerichtsbeschluss von einer deutschen in eine italienische Schule versetzen lie\u00df<\/a>, wird eine Freude.<\/p>\n<p>Warum machen wir nicht den Laden dicht, geben den Paragraphenreiterinnen in Rom den Schl\u00fcssel in die Hand und lassen sie machen? Bevor wir wieder einen Kapitalfehler begehen!<\/p>\n<p>(Wo in der ganzen Geschichte Gesundheitslandesrat Thomas Widmann (<abbr title=\"S\u00fcdtiroler Volkspartei\">SVP<\/abbr>) bleibt, ist mir allerdings wirklich ein R\u00e4tsel.)<\/p>\n<p><strong><span style=\"font-family: Helvetica, Arial, sans-serif; text-transform: uppercase;\">C\u00ebla enghe:<\/span><\/strong> <a title=\"Qualit\u00e4t der regionalen Gesundheitssysteme.\" href=\"http:\/\/www.brennerbasisdemokratie.eu\/?p=43575\"><code>01<\/code><\/a> <a title=\"Nationalisierter Gesundheitsbereich.\" href=\"http:\/\/www.brennerbasisdemokratie.eu\/?p=42829\"><code>02<\/code><\/a> <a title=\"Kollabierendes Gesundheitssystem.\" href=\"http:\/\/www.brennerbasisdemokratie.eu\/?p=44531\"><code>03<\/code><\/a> <a title=\"Zentralistische Warteschlangenpolitik.\" href=\"http:\/\/www.brennerbasisdemokratie.eu\/?p=42655\"><code>04<\/code><\/a> <span style=\"font-family: Helvetica, Arial, sans-serif; font-weight: normal;\">||<\/span> <a title=\"\u00bbGenetisch kompromittiert.\u00ab\" href=\"http:\/\/www.brennerbasisdemokratie.eu\/?p=47799\"><span style=\"color: #ff8c00\"><code>01<\/code><\/span><\/a> <a title=\"Gesundheit: Untertaninnen oder B\u00fcrgerinnen?\" href=\"http:\/\/www.brennerbasisdemokratie.eu\/?p=48977\"><span style=\"color: #ff8c00\"><code>02<\/code><\/span><\/a><\/p>","protected":false},"excerpt":{"rendered":"<p>Chefredakteur Christoph Franceschini schildert auf Salto ein Treffen zwischen dem Sabes-Generaldirektor Florian Zerzer und dem stellvertretenden italienischen Gesundheitsminister Luca Coletto (Lega), dessen Verlauf meines Erachtens \u2014 falls es sich nat\u00fcrlich so zugetragen hat \u2014 B\u00e4nde \u00fcber die Behandlung S\u00fcdtirols in Rom spricht. Dass da unvermittelt eine Person (der Arzt Costantino Gallo) mit am Verhandlungstisch sitzt, [&hellip;]<\/p>","protected":false},"author":1,"featured_media":0,"comment_status":"open","ping_status":"open","sticky":false,"template":"","format":"standard","meta":{"_crdt_document":"","ngg_post_thumbnail":0,"_jetpack_memberships_contains_paid_content":false,"footnotes":""},"categories":[1],"tags":[],"class_list":["post-47772","post","type-post","status-publish","format-standard","hentry","category-allgemein","entity-lega","entity-sabes","entity-svp","issue-italianizzazione","issue-medienkritik","issue-zitac","location-italy","location-sudtirolo","language-deutsch","medium-salto","person-christoph-franceschini","person-florian-zerzer","person-thomas-widmann","topic-gesundheit","topic-medien","topic-plurilinguism","topic-recht","topic-servicepublic","topic-staatland","topic-vorzeigeautonomie","topic-zentralismus","topic-zustaendigkeiten"],"jetpack_featured_media_url":"","jetpack_sharing_enabled":true,"_links":{"self":[{"href":"https:\/\/www.brennerbasisdemokratie.eu\/index.php?rest_route=\/wp\/v2\/posts\/47772","targetHints":{"allow":["GET"]}}],"collection":[{"href":"https:\/\/www.brennerbasisdemokratie.eu\/index.php?rest_route=\/wp\/v2\/posts"}],"about":[{"href":"https:\/\/www.brennerbasisdemokratie.eu\/index.php?rest_route=\/wp\/v2\/types\/post"}],"author":[{"embeddable":true,"href":"https:\/\/www.brennerbasisdemokratie.eu\/index.php?rest_route=\/wp\/v2\/users\/1"}],"replies":[{"embeddable":true,"href":"https:\/\/www.brennerbasisdemokratie.eu\/index.php?rest_route=%2Fwp%2Fv2%2Fcomments&post=47772"}],"version-history":[{"count":14,"href":"https:\/\/www.brennerbasisdemokratie.eu\/index.php?rest_route=\/wp\/v2\/posts\/47772\/revisions"}],"predecessor-version":[{"id":80756,"href":"https:\/\/www.brennerbasisdemokratie.eu\/index.php?rest_route=\/wp\/v2\/posts\/47772\/revisions\/80756"}],"wp:attachment":[{"href":"https:\/\/www.brennerbasisdemokratie.eu\/index.php?rest_route=%2Fwp%2Fv2%2Fmedia&parent=47772"}],"wp:term":[{"taxonomy":"category","embeddable":true,"href":"https:\/\/www.brennerbasisdemokratie.eu\/index.php?rest_route=%2Fwp%2Fv2%2Fcategories&post=47772"},{"taxonomy":"post_tag","embeddable":true,"href":"https:\/\/www.brennerbasisdemokratie.eu\/index.php?rest_route=%2Fwp%2Fv2%2Ftags&post=47772"}],"curies":[{"name":"wp","href":"https:\/\/api.w.org\/{rel}","templated":true}]}}