{"id":47862,"date":"2019-04-08T21:57:56","date_gmt":"2019-04-08T19:57:56","guid":{"rendered":"http:\/\/www.brennerbasisdemokratie.eu\/?p=47862"},"modified":"2023-11-28T17:03:48","modified_gmt":"2023-11-28T16:03:48","slug":"daten-zum-burgerinneneinkommen","status":"publish","type":"post","link":"https:\/\/www.brennerbasisdemokratie.eu\/?p=47862","title":{"rendered":"Daten zum B\u00fcrgergeld."},"content":{"rendered":"<p>Das r\u00f6mische Arbeits- und Sozialministerium hat aktuelle Daten zum B\u00fcrgergeld ver\u00f6ffentlicht. Demnach liegen bislang insgesamt 806.878 Antr\u00e4ge vor, wovon 54% auf Frauen und 46% auf M\u00e4nner entfallen. Diese Zahlen umfassen sowohl die digital, als auch die analog eingereichten Gesuche.<\/p>\n<p>In S\u00fcdtirol, wo sich B\u00fcrgerinnen zwischen dem staatlichen \u00bbEinkommen\u00ab und der \u00bbMindestsicherung\u00ab nach \u00f6sterreichischem Vorbild entscheiden k\u00f6nnen, waren bis zum 7. April lediglich 356 Anfragen (0,04% der Gesamtzahl) eingegangen. Damit rangiert unser Land auf Staatsebene an letzter Stelle. Am anderen Ende der Statistik befinden sich die Provinzen Neapel mit 78.803 (9,77%) und Rom mit 50.840 (6,30%) Gesuchstellerinnen.<\/p>\n<p>Die Sozialf\u00fcrsorge geh\u00f6rt zu den prim\u00e4ren Zust\u00e4ndigkeiten des Landes S\u00fcdtirol. Dennoch \u00fcberlagern sich in diesem Bereich nun staatliche und Landesma\u00dfnahmen.<\/p>\n<p><strong><span style=\"font-family: Helvetica, Arial, sans-serif; text-transform: uppercase;\">C\u00ebla enghe:<\/span><\/strong> <a title=\"Grundsicherung beim Land zusammenf\u00fchren.\" href=\"http:\/\/www.brennerbasisdemokratie.eu\/?p=45538\"><code>01<\/code><\/a> <a title=\"Universelles soziales Grundeinkommen?\" href=\"http:\/\/www.brennerbasisdemokratie.eu\/?p=45143\"><code>02<\/code><\/a> <a title=\"Mindestsicherung und B\u00fcrgergeld.\" href=\"http:\/\/www.brennerbasisdemokratie.eu\/?p=46605\" rel=\"\"><code>03<\/code><\/a>&nbsp;<span style=\"font-family: Helvetica, Arial, sans-serif; font-weight: normal;\">||<\/span> <a title=\"SVP will Arbeitslosengeld beim NISF lassen.\" href=\"http:\/\/www.brennerbasisdemokratie.eu\/?p=53298\"><span style=\"color: #ff8c00\"><code>01<\/code><\/span><\/a><\/p>","protected":false},"excerpt":{"rendered":"<p>Das r\u00f6mische Arbeits- und Sozialministerium hat aktuelle Daten zum B\u00fcrgergeld ver\u00f6ffentlicht. Demnach liegen bislang insgesamt 806.878 Antr\u00e4ge vor, wovon 54% auf Frauen und 46% auf M\u00e4nner entfallen. Diese Zahlen umfassen sowohl die digital, als auch die analog eingereichten Gesuche. In S\u00fcdtirol, wo sich B\u00fcrgerinnen zwischen dem staatlichen \u00bbEinkommen\u00ab und der \u00bbMindestsicherung\u00ab nach \u00f6sterreichischem Vorbild entscheiden [&hellip;]<\/p>","protected":false},"author":1,"featured_media":0,"comment_status":"open","ping_status":"open","sticky":false,"template":"","format":"standard","meta":{"_crdt_document":"","ngg_post_thumbnail":0,"_jetpack_memberships_contains_paid_content":false,"footnotes":""},"categories":[1],"tags":[],"class_list":["post-47862","post","type-post","status-publish","format-standard","hentry","category-allgemein","entity-land-sudtirol","location-sudtirolo","language-deutsch","topic-soziales","topic-umfragen","topic-wirtschaft","topic-zustaendigkeiten"],"jetpack_featured_media_url":"","jetpack_sharing_enabled":true,"_links":{"self":[{"href":"https:\/\/www.brennerbasisdemokratie.eu\/index.php?rest_route=\/wp\/v2\/posts\/47862","targetHints":{"allow":["GET"]}}],"collection":[{"href":"https:\/\/www.brennerbasisdemokratie.eu\/index.php?rest_route=\/wp\/v2\/posts"}],"about":[{"href":"https:\/\/www.brennerbasisdemokratie.eu\/index.php?rest_route=\/wp\/v2\/types\/post"}],"author":[{"embeddable":true,"href":"https:\/\/www.brennerbasisdemokratie.eu\/index.php?rest_route=\/wp\/v2\/users\/1"}],"replies":[{"embeddable":true,"href":"https:\/\/www.brennerbasisdemokratie.eu\/index.php?rest_route=%2Fwp%2Fv2%2Fcomments&post=47862"}],"version-history":[{"count":9,"href":"https:\/\/www.brennerbasisdemokratie.eu\/index.php?rest_route=\/wp\/v2\/posts\/47862\/revisions"}],"predecessor-version":[{"id":82132,"href":"https:\/\/www.brennerbasisdemokratie.eu\/index.php?rest_route=\/wp\/v2\/posts\/47862\/revisions\/82132"}],"wp:attachment":[{"href":"https:\/\/www.brennerbasisdemokratie.eu\/index.php?rest_route=%2Fwp%2Fv2%2Fmedia&parent=47862"}],"wp:term":[{"taxonomy":"category","embeddable":true,"href":"https:\/\/www.brennerbasisdemokratie.eu\/index.php?rest_route=%2Fwp%2Fv2%2Fcategories&post=47862"},{"taxonomy":"post_tag","embeddable":true,"href":"https:\/\/www.brennerbasisdemokratie.eu\/index.php?rest_route=%2Fwp%2Fv2%2Ftags&post=47862"}],"curies":[{"name":"wp","href":"https:\/\/api.w.org\/{rel}","templated":true}]}}