{"id":47943,"date":"2019-04-10T17:34:17","date_gmt":"2019-04-10T15:34:17","guid":{"rendered":"http:\/\/www.brennerbasisdemokratie.eu\/?p=47943"},"modified":"2023-01-11T15:34:48","modified_gmt":"2023-01-11T14:34:48","slug":"italienische-hymne-in-tracht","status":"publish","type":"post","link":"https:\/\/www.brennerbasisdemokratie.eu\/?p=47943","title":{"rendered":"Italienische Hymne in Tracht."},"content":{"rendered":"<blockquote><p>Ich hoffe, dass [bei den Olympischen Spielen] eine tolle Kapelle in Tracht die [italienische] Hymne spielt \u2014 die spielen ja sehr gut. Und ich wei\u00df, dass die Athleten [damit] keine Probleme haben.<\/p><\/blockquote>\n<blockquote><p>Wir haben n\u00e4chstes Jahr zum Beispiel die Europameisterschaft im Handball, dort haben wir zusammen mit Innsbruck diese Austragung \u2014 und hier wird auch in Italien gespielt, das hei\u00dft in S\u00fcdtirol. Aber man kann sich nicht ausreden oder einbilden, dass wir jetzt eine olympische Austragungsst\u00e4tte haben und sagen \u00bbdas ist S\u00fcdtirol und nicht irgendwie im italienischen Staat eingebunden.\u00ab Das ist absolut unm\u00f6glich.<\/p><\/blockquote>\n<p><em>Heinz Gutweniger, Chef des S\u00fcdtiroler Landeskomitees im <\/em>NOK (CONI)<em> bei\u00a0<\/em>Pro und Contra (Rai S\u00fcdtirol,<em>\u00a09. April 2019) \u00fcber die m\u00f6gliche Austragung olympischer Bewerbe in Antholz<br \/>\n<\/em><\/p>\n<p>Wie war das nochmal mit den inexistenten Grenzen? Wobei: <a title=\"F\u00e4r\u00f6er bei Olympia: D\u00e4nemark daf\u00fcr.\" href=\"http:\/\/www.brennerbasisdemokratie.eu\/?p=41967\">Anderswo in Europa<\/a> ist das auch gar nicht \u00bbabsolut unm\u00f6glich\u00ab. Dort hat man aber keine Vorzeigeautonomie, vielleicht liegt es ja daran.<\/p>\n<p><strong><span style=\"font-family: Helvetica, Arial, sans-serif; text-transform: uppercase;\">C\u00ebla enghe:<\/span><\/strong> <a title=\"Weg mit den Hymnen!\" href=\"http:\/\/www.brennerbasisdemokratie.eu\/?p=30431\"><code>01<\/code><\/a> <a title=\"Olympia abseits der Nationen.\" href=\"http:\/\/www.brennerbasisdemokratie.eu\/?p=12382\"><code>02<\/code><\/a> <a title=\"Olympia: Abstimmung mit den Betten.\" href=\"http:\/\/www.brennerbasisdemokratie.eu\/?p=47714\"><code>03<\/code><\/a> <a title=\"Schwuppdiwupp, der Olympia-Beauftragte.\" href=\"http:\/\/www.brennerbasisdemokratie.eu\/?p=45737\"><code>04<\/code><\/a> <a title=\"Importiertes Olympia?\" href=\"http:\/\/www.brennerbasisdemokratie.eu\/?p=39936\"><code>05<\/code><\/a> <a title=\"Italianissimi malgrado.\" href=\"http:\/\/www.brennerbasisdemokratie.eu\/?p=18201\"><code>06<\/code><\/a> <a title=\"Nationalschikanierter Domme.\" href=\"http:\/\/www.brennerbasisdemokratie.eu\/?p=45857\"><code>07<\/code><\/a> <a title=\"Der Italiener Z\u00f6ggeler.\" href=\"http:\/\/www.brennerbasisdemokratie.eu\/?p=44757\"><code>08<\/code><\/a> <a title=\"Bianca Wierer.\" href=\"http:\/\/www.brennerbasisdemokratie.eu\/?p=47669\"><code>09<\/code><\/a> <a title=\"Die Trikolorisierung von fast allem.\" href=\"http:\/\/www.brennerbasisdemokratie.eu\/?p=48606\"><code>10<\/code><\/a> <span style=\"font-family: Helvetica, Arial, sans-serif; font-weight: normal;\">||<\/span> <a title=\"Olympia und die Vielfalt.\" href=\"https:\/\/www.brennerbasisdemokratie.eu\/?p=63660\"><span style=\"color: #ff8c00\"><code>01<\/code><\/span><\/a> <a title=\"Eiskanal \u00bbin Italien\u00ab muss unbedingt sein.\" href=\"https:\/\/www.brennerbasisdemokratie.eu\/?p=76193\" rel=\"\"><span style=\"color: #ff8c00\"><code>02<\/code><\/span><\/a><\/p>","protected":false},"excerpt":{"rendered":"<p>Ich hoffe, dass [bei den Olympischen Spielen] eine tolle Kapelle in Tracht die [italienische] Hymne spielt \u2014 die spielen ja sehr gut. Und ich wei\u00df, dass die Athleten [damit] keine Probleme haben. Wir haben n\u00e4chstes Jahr zum Beispiel die Europameisterschaft im Handball, dort haben wir zusammen mit Innsbruck diese Austragung \u2014 und hier wird auch [&hellip;]<\/p>","protected":false},"author":1,"featured_media":0,"comment_status":"open","ping_status":"open","sticky":false,"template":"","format":"standard","meta":{"_crdt_document":"","ngg_post_thumbnail":0,"_jetpack_memberships_contains_paid_content":false,"footnotes":""},"categories":[1],"tags":[],"class_list":["post-47943","post","type-post","status-publish","format-standard","hentry","category-allgemein","issue-banalnationalism","issue-italianizzazione","issue-olympia-2026","issue-zitac","location-italy","location-nord-osttirol","location-sudtirolo","language-deutsch","medium-rai","topic-aussendarstellung","topic-grenzen","topic-medien","topic-minderheitenschutz","topic-nationalismus","topic-sport","topic-symbolik","topic-vorzeigeautonomie"],"jetpack_featured_media_url":"","jetpack_sharing_enabled":true,"_links":{"self":[{"href":"https:\/\/www.brennerbasisdemokratie.eu\/index.php?rest_route=\/wp\/v2\/posts\/47943","targetHints":{"allow":["GET"]}}],"collection":[{"href":"https:\/\/www.brennerbasisdemokratie.eu\/index.php?rest_route=\/wp\/v2\/posts"}],"about":[{"href":"https:\/\/www.brennerbasisdemokratie.eu\/index.php?rest_route=\/wp\/v2\/types\/post"}],"author":[{"embeddable":true,"href":"https:\/\/www.brennerbasisdemokratie.eu\/index.php?rest_route=\/wp\/v2\/users\/1"}],"replies":[{"embeddable":true,"href":"https:\/\/www.brennerbasisdemokratie.eu\/index.php?rest_route=%2Fwp%2Fv2%2Fcomments&post=47943"}],"version-history":[{"count":13,"href":"https:\/\/www.brennerbasisdemokratie.eu\/index.php?rest_route=\/wp\/v2\/posts\/47943\/revisions"}],"predecessor-version":[{"id":76201,"href":"https:\/\/www.brennerbasisdemokratie.eu\/index.php?rest_route=\/wp\/v2\/posts\/47943\/revisions\/76201"}],"wp:attachment":[{"href":"https:\/\/www.brennerbasisdemokratie.eu\/index.php?rest_route=%2Fwp%2Fv2%2Fmedia&parent=47943"}],"wp:term":[{"taxonomy":"category","embeddable":true,"href":"https:\/\/www.brennerbasisdemokratie.eu\/index.php?rest_route=%2Fwp%2Fv2%2Fcategories&post=47943"},{"taxonomy":"post_tag","embeddable":true,"href":"https:\/\/www.brennerbasisdemokratie.eu\/index.php?rest_route=%2Fwp%2Fv2%2Ftags&post=47943"}],"curies":[{"name":"wp","href":"https:\/\/api.w.org\/{rel}","templated":true}]}}