{"id":48049,"date":"2019-04-11T09:44:13","date_gmt":"2019-04-11T07:44:13","guid":{"rendered":"http:\/\/www.brennerbasisdemokratie.eu\/?p=48049"},"modified":"2023-01-27T20:19:11","modified_gmt":"2023-01-27T19:19:11","slug":"humoriger-hahn","status":"publish","type":"post","link":"https:\/\/www.brennerbasisdemokratie.eu\/?p=48049","title":{"rendered":"Humoriger Hahn."},"content":{"rendered":"<p>Im heutigen <em>Dolomiten<\/em>-Interview meint <a title=\"\u00bbGenetisch kompromittiert.\u00ab\" href=\"http:\/\/www.brennerbasisdemokratie.eu\/?p=47799\">unser neuer Freund<\/a> Costantino Gallo, die Bezeichnung \u00bbVaccaland\u00ab f\u00fcr S\u00fcdtirol sei \u00bbhumorig gemeint\u00ab gewesen. Wenn er gegen S\u00fcdtirol w\u00e4re, h\u00e4tte er ja nicht eine S\u00fcdtirolerin geheiratet. Das ist sehr schl\u00fcssig. Jedenfalls werde er den Hashtag <em>#vaccaland<\/em> definitiv nicht mehr verwenden.<\/p>\n<p>Mit der genetischen Beeintr\u00e4chtigung seien auch gar nicht <em>alle<\/em> S\u00fcdtirolerinnen gemeint gewesen, sondern nur die beiden, mit denen er sich einen Disput geliefert hatte. Danke. Und selbst dies nennt er nun einen Bl\u00f6dsinn <em>(Stronzata)<\/em> und eine Dummheit <em>(Cretinata).<\/em><\/p>\n<blockquote><p><strong>Warum sollten die S\u00fcdtiroler Ihnen das abnehmen?<\/strong><\/p>\n<p>Weil das alle tun, die mich kennen. Oder um es mit Gandhi zu sagen: Keine Menschenstimme reicht so weit, wie die leise Stimme des Gewissens.<\/p><\/blockquote>\n<p>Humorig. Ob er aber wei\u00df, dass ihn die S\u00fcdtirolerinnen nicht kennen? Und das vielleicht auch gar nicht m\u00f6chten?<\/p>\n<blockquote><p>Zum Sanit\u00e4tsbetrieb: Wenn ich helfen kann, ihn zu verbessern, dann tu ich das.<\/p><\/blockquote>\n<p>Vielleicht doch lieber nicht.<\/p>\n<p><strong><span style=\"font-family: Helvetica, Arial, sans-serif; text-transform: uppercase;\">C\u00ebla enghe:<\/span><\/strong> <a title=\"Zerzer in Rom und die Bittstellerinnenmentalit\u00e4t.\" href=\"http:\/\/www.brennerbasisdemokratie.eu\/?p=47772\"><code>01<\/code><\/a> <a title=\"Kollabierendes Gesundheitssystem.\" href=\"http:\/\/www.brennerbasisdemokratie.eu\/?p=44531\"><code>02<\/code><\/a> <a title=\"Nationalisierter Gesundheitsbereich.\" href=\"http:\/\/www.brennerbasisdemokratie.eu\/?p=42829\"><code>03<\/code><\/a> <a title=\"Qualit\u00e4t der regionalen Gesundheitssysteme.\" href=\"http:\/\/www.brennerbasisdemokratie.eu\/?p=43575\"><code>04<\/code><\/a>\u00a0<span style=\"font-family: Helvetica, Arial, sans-serif; font-weight: normal;\">||<\/span> <a title=\"Muss S\u00fcdtirol sich das gefallen lassen?\" href=\"http:\/\/www.brennerbasisdemokratie.eu\/?p=48265\"><span style=\"color: #ff8c00\"><code>01<\/code><\/span><\/a><\/p>","protected":false},"excerpt":{"rendered":"<p>Im heutigen Dolomiten-Interview meint unser neuer Freund Costantino Gallo, die Bezeichnung \u00bbVaccaland\u00ab f\u00fcr S\u00fcdtirol sei \u00bbhumorig gemeint\u00ab gewesen. Wenn er gegen S\u00fcdtirol w\u00e4re, h\u00e4tte er ja nicht eine S\u00fcdtirolerin geheiratet. Das ist sehr schl\u00fcssig. Jedenfalls werde er den Hashtag #vaccaland definitiv nicht mehr verwenden. Mit der genetischen Beeintr\u00e4chtigung seien auch gar nicht alle S\u00fcdtirolerinnen gemeint [&hellip;]<\/p>","protected":false},"author":1,"featured_media":0,"comment_status":"open","ping_status":"open","sticky":false,"template":"","format":"standard","meta":{"_crdt_document":"","ngg_post_thumbnail":0,"_jetpack_memberships_contains_paid_content":false,"footnotes":""},"categories":[1],"tags":[],"class_list":["post-48049","post","type-post","status-publish","format-standard","hentry","category-allgemein","issue-zitac","location-sudtirolo","language-deutsch","medium-dolo","topic-gesundheit","topic-medien","topic-servicepublic"],"jetpack_featured_media_url":"","jetpack_sharing_enabled":true,"_links":{"self":[{"href":"https:\/\/www.brennerbasisdemokratie.eu\/index.php?rest_route=\/wp\/v2\/posts\/48049","targetHints":{"allow":["GET"]}}],"collection":[{"href":"https:\/\/www.brennerbasisdemokratie.eu\/index.php?rest_route=\/wp\/v2\/posts"}],"about":[{"href":"https:\/\/www.brennerbasisdemokratie.eu\/index.php?rest_route=\/wp\/v2\/types\/post"}],"author":[{"embeddable":true,"href":"https:\/\/www.brennerbasisdemokratie.eu\/index.php?rest_route=\/wp\/v2\/users\/1"}],"replies":[{"embeddable":true,"href":"https:\/\/www.brennerbasisdemokratie.eu\/index.php?rest_route=%2Fwp%2Fv2%2Fcomments&post=48049"}],"version-history":[{"count":7,"href":"https:\/\/www.brennerbasisdemokratie.eu\/index.php?rest_route=\/wp\/v2\/posts\/48049\/revisions"}],"predecessor-version":[{"id":76432,"href":"https:\/\/www.brennerbasisdemokratie.eu\/index.php?rest_route=\/wp\/v2\/posts\/48049\/revisions\/76432"}],"wp:attachment":[{"href":"https:\/\/www.brennerbasisdemokratie.eu\/index.php?rest_route=%2Fwp%2Fv2%2Fmedia&parent=48049"}],"wp:term":[{"taxonomy":"category","embeddable":true,"href":"https:\/\/www.brennerbasisdemokratie.eu\/index.php?rest_route=%2Fwp%2Fv2%2Fcategories&post=48049"},{"taxonomy":"post_tag","embeddable":true,"href":"https:\/\/www.brennerbasisdemokratie.eu\/index.php?rest_route=%2Fwp%2Fv2%2Ftags&post=48049"}],"curies":[{"name":"wp","href":"https:\/\/api.w.org\/{rel}","templated":true}]}}