{"id":48222,"date":"2019-04-18T16:12:04","date_gmt":"2019-04-18T14:12:04","guid":{"rendered":"http:\/\/www.brennerbasisdemokratie.eu\/?p=48222"},"modified":"2026-02-14T16:15:59","modified_gmt":"2026-02-14T15:15:59","slug":"elektronische-packungsbeilage-bitte-warten","status":"publish","type":"post","link":"https:\/\/www.brennerbasisdemokratie.eu\/?p=48222","title":{"rendered":"Elektronische Packungsbeilage: Bitte warten!"},"content":{"rendered":"<p>Vor \u00fcber zwei Jahren, im Februar 2017, war im S\u00fcdtiroler Landtag einstimmig ein Beschlussantrag (724\/16) angenommen worden, mit dem die Einrichtung einer Internetseite gefordert wurde, \u00fcber die man Medikamentinformationen \u2014 Packungsbeilagen kann man sie ja dann nicht mehr nennen \u2014 in deutscher Sprache abrufen und ggf. ausdrucken k\u00f6nnte. Au\u00dferdem sollte eine Smartphone-App entwickelt werden, mit deren Hilfe durch Einscannen des Strichcodes ebenfalls die passende Information abgerufen werden k\u00f6nnte.<\/p>\n<p>All dies h\u00e4tte die Lage f\u00fcr Patientinnen wenigstens erleichtern k\u00f6nnen, nachdem die gesetzliche Pflicht zweisprachiger Packungsbeilagen bekanntlich nicht zur Einhaltung gebracht wird.<\/p>\n<p>Am 9. April 2019 antwortete die Landesregierung der <em>S\u00fcd-Tiroler Freiheit,<\/em> die bez\u00fcglich der Umsetzung des genannten Antrags nachgehakt hatte, dass sich Unifarm zur Einrichtung der beiden Hilfsmittel bereit erkl\u00e4rt habe. Sobald alle Medikamentenhersteller ihr Einverst\u00e4ndnis erkl\u00e4rt h\u00e4tten, w\u00fcrden die Daten verf\u00fcgbar gemacht. Kann sich ja nur noch um Jahre handeln.<\/p>\n<blockquote><p><a href=\"http:\/\/www.e-packungsbeilage.be\"><img loading=\"lazy\" decoding=\"async\" class=\"aligncenter wp-image-48224 size-full\" src=\"http:\/\/www.brennerbasisdemokratie.eu\/wp-content\/uploads\/2019\/04\/e-packungsbeilage_be.png\" alt=\"\" width=\"900\" height=\"706\" srcset=\"https:\/\/www.brennerbasisdemokratie.eu\/wp-content\/uploads\/2019\/04\/e-packungsbeilage_be.png 900w, https:\/\/www.brennerbasisdemokratie.eu\/wp-content\/uploads\/2019\/04\/e-packungsbeilage_be-768x602.png 768w\" sizes=\"auto, (max-width: 900px) 100vw, 900px\" \/><\/a><\/p><\/blockquote>\n<p>Beispiel Belgien: Dort gibt es nicht nur \u2014 wie <a title=\"Es ist m\u00f6glich!\" href=\"http:\/\/www.brennerbasisdemokratie.eu\/?p=7472\">in Finnland<\/a>, <a title=\"Packungsbeilagen in Kanada: zweisprachig.\" href=\"http:\/\/www.brennerbasisdemokratie.eu\/?p=43140\">Kanada<\/a> und <a title=\"Fragen Sie Ihren Arzt. Nicht.\" href=\"http:\/\/www.brennerbasisdemokratie.eu\/?p=178\">in der Schweiz<\/a> \u2014 bereits mehrsprachige Packungsbeilagen (also auch wirklich der Packung <em>beiliegende<\/em> bzw. in ihr <em>enthaltene<\/em> Zettel), sondern unter <a title=\"E-Packungsbeilage.\" href=\"http:\/\/www.e-packungsbeilage.be\" target=\"_blank\" rel=\"noopener noreferrer\">www.e-packungsbeilage.be<\/a> auch bereits ein mehrsprachiges Portal auf Niederl\u00e4ndisch, Franz\u00f6sisch und Deutsch, wo es m\u00f6glich ist, die einschl\u00e4gigen Informationen schnell und zuverl\u00e4ssig abzurufen.<\/p>\n<p>Wenn die Pharmafirmen, die die Zweisprachigkeitsbestimmungen systematisch missachten, irgendwann ihr Einverst\u00e4ndnis geben, wird es sowas vielleicht auch in S\u00fcdtirol geben. Nat\u00fcrlich nur freiwillig.<\/p>\n<div style=\"border: 8px solid #4372a6; padding: 5px 30px 5px 30px; margin-bottom: 20px;\">\n<p><strong>Info:<\/strong> Die <em>Deutschsprachige Gemeinschaft<\/em> in Belgien z\u00e4hlt rund 77.000 Einwohnerinnen. Das sind etwa 0,7% der belgischen Gesamtbev\u00f6lkerung.<\/p>\n<\/div>\n<p><strong><span style=\"font-family: Helvetica, Arial, sans-serif; text-transform: uppercase;\">C\u00ebla enghe:<\/span><\/strong> <a title=\"Packungsbeilagen: Gesetz als Placebo.\" href=\"http:\/\/www.brennerbasisdemokratie.eu\/?p=19725\"><code>01<\/code><\/a> <a title=\"Packungsbeilagen: Urz\u00ec daf\u00fcr, SVP dagegen.\" href=\"http:\/\/www.brennerbasisdemokratie.eu\/?p=27478\"><code>02<\/code><\/a> <a title=\"So geht mehrsprachiger Ausweis.\" href=\"http:\/\/www.brennerbasisdemokratie.eu\/?p=46120\"><code>03<\/code><\/a> <a title=\"Drei Reisep\u00e4sse (ein Nationalstaat).\" href=\"http:\/\/www.brennerbasisdemokratie.eu\/?p=22976\"><code>04<\/code><\/a> <a title=\"Ostbelgien: Integration in der Regionalsprache.\" href=\"http:\/\/www.brennerbasisdemokratie.eu\/?p=44507\"><code>05<\/code><\/a> <span style=\"font-family: Helvetica, Arial, sans-serif; font-weight: normal;\">||<\/span> <a title=\"Monolinguismo, Trudeau chiede scusa.\" href=\"https:\/\/www.brennerbasisdemokratie.eu\/?p=56963\"><span style=\"color: #ff8c00\"><code>01<\/code><\/span><\/a> <a title=\"ApoFarmBZ.\" href=\"https:\/\/www.brennerbasisdemokratie.eu\/?p=68781\"><span style=\"color: #ff8c00\"><code>02<\/code><\/span><\/a> <a title=\"Auch online keine Packungsbeilagen auf Deutsch.\" href=\"https:\/\/www.brennerbasisdemokratie.eu\/?p=71092\" rel=\"\"><span style=\"color:#ff8c00; text-decoration:underline; text-decoration-color:#ff8c00; text-decoration-thickness:3px;\"><code>03<\/code><\/span><\/a> <a title=\"In Svizzera medicinali trilingui.\" href=\"https:\/\/www.brennerbasisdemokratie.eu\/?p=88635\"><span style=\"color: #ff8c00\"><code>04<\/code><\/span><\/a><\/p>","protected":false},"excerpt":{"rendered":"<p>Vor \u00fcber zwei Jahren, im Februar 2017, war im S\u00fcdtiroler Landtag einstimmig ein Beschlussantrag (724\/16) angenommen worden, mit dem die Einrichtung einer Internetseite gefordert wurde, \u00fcber die man Medikamentinformationen \u2014 Packungsbeilagen kann man sie ja dann nicht mehr nennen \u2014 in deutscher Sprache abrufen und ggf. ausdrucken k\u00f6nnte. Au\u00dferdem sollte eine Smartphone-App entwickelt werden, mit [&hellip;]<\/p>","protected":false},"author":1,"featured_media":0,"comment_status":"open","ping_status":"open","sticky":false,"template":"","format":"standard","meta":{"_crdt_document":"","ngg_post_thumbnail":0,"_jetpack_memberships_contains_paid_content":false,"footnotes":""},"categories":[1],"tags":[],"class_list":["post-48222","post","type-post","status-publish","format-standard","hentry","category-allgemein","entity-stf","entity-sudtiroler-landtag","issue-bilinguismo-negato","issue-good-practices","issue-packungsbeilagen","location-belgien","location-ostbelgien","location-sudtirolo","language-deutsch","topic-comparatio","topic-gesundheit","topic-minderheitenschutz","topic-plurilinguism","topic-politik","topic-servicepublic","topic-verbraucherinnen","topic-vorzeigeautonomie"],"jetpack_featured_media_url":"","jetpack_sharing_enabled":true,"_links":{"self":[{"href":"https:\/\/www.brennerbasisdemokratie.eu\/index.php?rest_route=\/wp\/v2\/posts\/48222","targetHints":{"allow":["GET"]}}],"collection":[{"href":"https:\/\/www.brennerbasisdemokratie.eu\/index.php?rest_route=\/wp\/v2\/posts"}],"about":[{"href":"https:\/\/www.brennerbasisdemokratie.eu\/index.php?rest_route=\/wp\/v2\/types\/post"}],"author":[{"embeddable":true,"href":"https:\/\/www.brennerbasisdemokratie.eu\/index.php?rest_route=\/wp\/v2\/users\/1"}],"replies":[{"embeddable":true,"href":"https:\/\/www.brennerbasisdemokratie.eu\/index.php?rest_route=%2Fwp%2Fv2%2Fcomments&post=48222"}],"version-history":[{"count":19,"href":"https:\/\/www.brennerbasisdemokratie.eu\/index.php?rest_route=\/wp\/v2\/posts\/48222\/revisions"}],"predecessor-version":[{"id":98125,"href":"https:\/\/www.brennerbasisdemokratie.eu\/index.php?rest_route=\/wp\/v2\/posts\/48222\/revisions\/98125"}],"wp:attachment":[{"href":"https:\/\/www.brennerbasisdemokratie.eu\/index.php?rest_route=%2Fwp%2Fv2%2Fmedia&parent=48222"}],"wp:term":[{"taxonomy":"category","embeddable":true,"href":"https:\/\/www.brennerbasisdemokratie.eu\/index.php?rest_route=%2Fwp%2Fv2%2Fcategories&post=48222"},{"taxonomy":"post_tag","embeddable":true,"href":"https:\/\/www.brennerbasisdemokratie.eu\/index.php?rest_route=%2Fwp%2Fv2%2Ftags&post=48222"}],"curies":[{"name":"wp","href":"https:\/\/api.w.org\/{rel}","templated":true}]}}