{"id":48288,"date":"2019-04-22T19:33:26","date_gmt":"2019-04-22T17:33:26","guid":{"rendered":"http:\/\/www.brennerbasisdemokratie.eu\/?p=48288"},"modified":"2019-04-30T14:53:37","modified_gmt":"2019-04-30T12:53:37","slug":"hds-dankt-matteo-salvini","status":"publish","type":"post","link":"https:\/\/www.brennerbasisdemokratie.eu\/?p=48288","title":{"rendered":"HdS dankt Matteo Salvini."},"content":{"rendered":"<p>Mit folgendem <em>Facebook<\/em>-Eintrag \u00bbbedankte\u00ab sich das Brixner <em>Haus der Solidarit\u00e4t<\/em> (HdS) am heutigen Ostermontag beim <em>Lega<\/em>-Vizepremier und Innenminister:<\/p>\n<blockquote><p>Danke Herr Salvini!<\/p>\n<p>Danke f\u00fcr das sogenannte \u201eSicherheitsgesetz\u201c.<br \/>\nNach und nach verlieren Menschen alles. Zuerst die Arbeit, weil sie ihre Dokumente nicht mehr aktualisieren k\u00f6nnen. Dann die Unterkunft, weil sie diese nicht bezahlen k\u00f6nnen. Dann den Wohnsitz.<\/p>\n<p>Wissen Sie, Herr Minister, was dann kommt? Die Illegalit\u00e4t. Und das hei\u00dft leider oft: Kriminalit\u00e4t.<\/p>\n<p>Die Menschen kehren nicht zur\u00fcck, in ihre L\u00e4nder. Erstens weil Ihrer Regierung R\u00fcckf\u00fchrungsabkommen mit den verschiedenen L\u00e4ndern fehlen. Und zweitens, weil sie ihr Leben riskiert haben, um herzukommen, und ihre Haut so teuer wie m\u00f6glich verkaufen werden.<\/p>\n<p>Aber wir werden den Eindruck nicht los, dass Sie es genauf auf dieses Chaos abgesehen haben. Denn es gibt [I]hnen die Erlaubnis, mit noch h\u00e4rterer Hand in die Luft zu hauen.<\/p>\n<p>Danke Herr Salvini! Das haben Sie gut gemacht!<\/p><\/blockquote>\n<p><strong><span style=\"font-family: Helvetica, Arial, sans-serif; text-transform: uppercase;\">C\u00ebla enghe:<\/span><\/strong> <a title=\"Protest gegen unmenschliche Politik.\" href=\"http:\/\/www.brennerbasisdemokratie.eu\/?p=44985\"><code>01<\/code><\/a> <a title=\"\u2018Lega\u2019: Brixner Fake News.\" href=\"http:\/\/www.brennerbasisdemokratie.eu\/?p=44031\"><code>02<\/code><\/a> <a title=\"Kauft nicht bei \u00bbFremden\u00ab.\" href=\"http:\/\/www.brennerbasisdemokratie.eu\/?p=43238\"><code>03<\/code><\/a> <a title=\"Masocco ist die Lega ist Masocco.\" href=\"http:\/\/www.brennerbasisdemokratie.eu\/?p=46279\"><code>04<\/code><\/a> <a title=\"Menschenfeindliche \u00bbMenschenrechtlerin\u00ab.\" href=\"http:\/\/www.brennerbasisdemokratie.eu\/?p=44064\"><code>05<\/code><\/a> <a title=\"Absurdes Fahrverbot.\" href=\"http:\/\/www.brennerbasisdemokratie.eu\/?p=45174\"><code>06<\/code><\/a><\/p>","protected":false},"excerpt":{"rendered":"<p>Mit folgendem Facebook-Eintrag \u00bbbedankte\u00ab sich das Brixner Haus der Solidarit\u00e4t (HdS) am heutigen Ostermontag beim Lega-Vizepremier und Innenminister: Danke Herr Salvini! Danke f\u00fcr das sogenannte \u201eSicherheitsgesetz\u201c. Nach und nach verlieren Menschen alles. Zuerst die Arbeit, weil sie ihre Dokumente nicht mehr aktualisieren k\u00f6nnen. Dann die Unterkunft, weil sie diese nicht bezahlen k\u00f6nnen. Dann den Wohnsitz. [&hellip;]<\/p>","protected":false},"author":1,"featured_media":0,"comment_status":"open","ping_status":"open","sticky":false,"template":"","format":"standard","meta":{"_crdt_document":"","ngg_post_thumbnail":0,"_jetpack_memberships_contains_paid_content":false,"footnotes":""},"categories":[1],"tags":[],"class_list":["post-48288","post","type-post","status-publish","format-standard","hentry","category-allgemein","entity-lega","entity-oew","issue-zitac","location-italy","location-sudtirolo","language-deutsch","medium-socialmedia","person-matteo-salvini","topic-kohasion","topic-migraziun","topic-politik","topic-recht","topic-sicherheit","topic-soziales"],"jetpack_featured_media_url":"","jetpack_sharing_enabled":true,"_links":{"self":[{"href":"https:\/\/www.brennerbasisdemokratie.eu\/index.php?rest_route=\/wp\/v2\/posts\/48288","targetHints":{"allow":["GET"]}}],"collection":[{"href":"https:\/\/www.brennerbasisdemokratie.eu\/index.php?rest_route=\/wp\/v2\/posts"}],"about":[{"href":"https:\/\/www.brennerbasisdemokratie.eu\/index.php?rest_route=\/wp\/v2\/types\/post"}],"author":[{"embeddable":true,"href":"https:\/\/www.brennerbasisdemokratie.eu\/index.php?rest_route=\/wp\/v2\/users\/1"}],"replies":[{"embeddable":true,"href":"https:\/\/www.brennerbasisdemokratie.eu\/index.php?rest_route=%2Fwp%2Fv2%2Fcomments&post=48288"}],"version-history":[{"count":4,"href":"https:\/\/www.brennerbasisdemokratie.eu\/index.php?rest_route=\/wp\/v2\/posts\/48288\/revisions"}],"predecessor-version":[{"id":48293,"href":"https:\/\/www.brennerbasisdemokratie.eu\/index.php?rest_route=\/wp\/v2\/posts\/48288\/revisions\/48293"}],"wp:attachment":[{"href":"https:\/\/www.brennerbasisdemokratie.eu\/index.php?rest_route=%2Fwp%2Fv2%2Fmedia&parent=48288"}],"wp:term":[{"taxonomy":"category","embeddable":true,"href":"https:\/\/www.brennerbasisdemokratie.eu\/index.php?rest_route=%2Fwp%2Fv2%2Fcategories&post=48288"},{"taxonomy":"post_tag","embeddable":true,"href":"https:\/\/www.brennerbasisdemokratie.eu\/index.php?rest_route=%2Fwp%2Fv2%2Ftags&post=48288"}],"curies":[{"name":"wp","href":"https:\/\/api.w.org\/{rel}","templated":true}]}}