{"id":48456,"date":"2019-05-06T10:41:39","date_gmt":"2019-05-06T08:41:39","guid":{"rendered":"http:\/\/www.brennerbasisdemokratie.eu\/?p=48456"},"modified":"2023-01-27T20:21:38","modified_gmt":"2023-01-27T19:21:38","slug":"mitbestimmung-bei-einschrankung-abstimmung","status":"publish","type":"post","link":"https:\/\/www.brennerbasisdemokratie.eu\/?p=48456","title":{"rendered":"Mitbestimmung: Bei Einschr\u00e4nkung Abstimmung."},"content":{"rendered":"<p>Gegen Verschlechterungen und Einschr\u00e4nkungen des erst Ende 2018 in Kraft getretenen Gesetzes zur direkten Demokratie wird notfalls das Referendum ergriffen. Dies teilt die <em>Initiative f\u00fcr mehr Demokratie<\/em> (IfmD) mit, die auch allen Landtagsabgeordneten ein einschl\u00e4giges, mehrseitiges <a title=\"Memorandum.\" href=\"http:\/\/www.brennerbasisdemokratie.eu\/wp-content\/uploads\/2019\/05\/Memorandum_Referendum042019.pdf\">Memorandum<\/a> hat zukommen lassen.<\/p>\n<p>Im ersten Gesetzgebungsausschuss des Landtags wird derzeit \u00fcber eine Erh\u00f6hung der H\u00fcrden f\u00fcr das best\u00e4tigende Referendum beraten. Mit 300 Unterschriften kann laut geltender Bestimmung das Inkrafttreten eines Landesgesetzes um sechs Monate aufgeschoben werden, um Unterschriften f\u00fcr eine entsprechende Abstimmung zu sammeln. Ausgenommen sind Gesetze, die mit Zweidrittelmehrheit genehmigt wurden.<\/p>\n<p>Die <em>Initiative<\/em> weist darauf hin, dass dies ohnehin bereits eine Kompromissl\u00f6sung sei, weil Gesetze nicht <em>grunds\u00e4tzlich<\/em> zeitverz\u00f6gert in Kraft tr\u00e4ten \u2014 wie etwa in der Schweiz \u2014, sondern nur nach Vorlage der 300 Unterschriften. Gesetze seien, anders als etwa Verordnungen, nicht f\u00fcr dringende und unmittelbare Anl\u00e4sse gedacht, sondern als langfristige Regelungen, weshalb eine verz\u00f6gerte Wirksamwerdung zumutbar sei. Der Gesetzgebungsprozess solle allgemein nicht unter Zeitdruck vonstatten gehen.<\/p>\n<p>Nicht zuletzt gibt es bislang auch gar keine negative Erfahrung mit der geltenden Regelung, die eine Ab\u00e4nderung rechtfertigen w\u00fcrde.<\/p>\n<p><strong><span style=\"font-family: Helvetica, Arial, sans-serif; text-transform: uppercase;\">C\u00ebla enghe:<\/span><\/strong> <a title=\"Urz\u00ec: Basisdemokratische Erpressung.\" href=\"http:\/\/www.brennerbasisdemokratie.eu\/?p=42165\"><code>01<\/code><\/a> <a title=\"Neue politische \u00c4ra.\" href=\"http:\/\/www.brennerbasisdemokratie.eu\/?p=44255\"><code>02<\/code><\/a>\u00a0<span style=\"font-family: Helvetica, Arial, sans-serif; font-weight: normal;\">||<\/span> <a title=\"Mitbestimmung retten!\" href=\"https:\/\/www.brennerbasisdemokratie.eu\/?p=67515\"><span style=\"color: #ff8c00\"><code>01<\/code><\/span><\/a> <a title=\"Mitbestimmungsrechte bleiben.\" href=\"https:\/\/www.brennerbasisdemokratie.eu\/?p=72528\" rel=\"\"><span style=\"color: #ff8c00\"><code>02<\/code><\/span><\/a><\/p>","protected":false},"excerpt":{"rendered":"<p>Gegen Verschlechterungen und Einschr\u00e4nkungen des erst Ende 2018 in Kraft getretenen Gesetzes zur direkten Demokratie wird notfalls das Referendum ergriffen. Dies teilt die Initiative f\u00fcr mehr Demokratie (IfmD) mit, die auch allen Landtagsabgeordneten ein einschl\u00e4giges, mehrseitiges Memorandum hat zukommen lassen. Im ersten Gesetzgebungsausschuss des Landtags wird derzeit \u00fcber eine Erh\u00f6hung der H\u00fcrden f\u00fcr das best\u00e4tigende [&hellip;]<\/p>","protected":false},"author":1,"featured_media":0,"comment_status":"open","ping_status":"open","sticky":false,"template":"","format":"standard","meta":{"_crdt_document":"","ngg_post_thumbnail":0,"_jetpack_memberships_contains_paid_content":false,"footnotes":""},"categories":[1],"tags":[],"class_list":["post-48456","post","type-post","status-publish","format-standard","hentry","category-allgemein","entity-ifmd","entity-sudtiroler-landtag","location-sudtirolo","language-deutsch","topic-democrazia","topic-mitbestimmung","topic-politik","topic-recht"],"jetpack_featured_media_url":"","jetpack_sharing_enabled":true,"_links":{"self":[{"href":"https:\/\/www.brennerbasisdemokratie.eu\/index.php?rest_route=\/wp\/v2\/posts\/48456","targetHints":{"allow":["GET"]}}],"collection":[{"href":"https:\/\/www.brennerbasisdemokratie.eu\/index.php?rest_route=\/wp\/v2\/posts"}],"about":[{"href":"https:\/\/www.brennerbasisdemokratie.eu\/index.php?rest_route=\/wp\/v2\/types\/post"}],"author":[{"embeddable":true,"href":"https:\/\/www.brennerbasisdemokratie.eu\/index.php?rest_route=\/wp\/v2\/users\/1"}],"replies":[{"embeddable":true,"href":"https:\/\/www.brennerbasisdemokratie.eu\/index.php?rest_route=%2Fwp%2Fv2%2Fcomments&post=48456"}],"version-history":[{"count":8,"href":"https:\/\/www.brennerbasisdemokratie.eu\/index.php?rest_route=\/wp\/v2\/posts\/48456\/revisions"}],"predecessor-version":[{"id":76436,"href":"https:\/\/www.brennerbasisdemokratie.eu\/index.php?rest_route=\/wp\/v2\/posts\/48456\/revisions\/76436"}],"wp:attachment":[{"href":"https:\/\/www.brennerbasisdemokratie.eu\/index.php?rest_route=%2Fwp%2Fv2%2Fmedia&parent=48456"}],"wp:term":[{"taxonomy":"category","embeddable":true,"href":"https:\/\/www.brennerbasisdemokratie.eu\/index.php?rest_route=%2Fwp%2Fv2%2Fcategories&post=48456"},{"taxonomy":"post_tag","embeddable":true,"href":"https:\/\/www.brennerbasisdemokratie.eu\/index.php?rest_route=%2Fwp%2Fv2%2Ftags&post=48456"}],"curies":[{"name":"wp","href":"https:\/\/api.w.org\/{rel}","templated":true}]}}