{"id":48674,"date":"2019-05-16T23:18:14","date_gmt":"2019-05-16T21:18:14","guid":{"rendered":"http:\/\/www.brennerbasisdemokratie.eu\/?p=48674"},"modified":"2023-01-27T20:26:17","modified_gmt":"2023-01-27T19:26:17","slug":"land-billigt-kennzeichen-schikane","status":"publish","type":"post","link":"https:\/\/www.brennerbasisdemokratie.eu\/?p=48674","title":{"rendered":"Land billigt Kennzeichen-Schikane."},"content":{"rendered":"<p>Am 13. Februar hatte Herbert Dorfmann (<abbr title=\"S\u00fcdtiroler Volkspartei\">SVP<\/abbr>) im EU-Parlament eine Anfrage eingereicht, um in Erfahrung zu bringen, ob die italienische Regelung zum Umgang mit Fahrzeugen, die in einem anderen Mitgliedsstaat zugelassen wurden, aus Sicht der Kommission eine Diskriminierung darstellen.<\/p>\n<p>Am 19. M\u00e4rz <a title=\"Antwort Pierre Moscovici.\" href=\"http:\/\/www.europarl.europa.eu\/doceo\/document\/P-8-2019-000827-ASW_DE.html\" target=\"_blank\" rel=\"noopener noreferrer\">antwortete<\/a> der zust\u00e4ndige Kommiss\u00e4r Pierre Moscovici, dass die EU-Kommission den Sachverhalt eingehend pr\u00fcfen wolle, und zwar<\/p>\n<blockquote><p>insbesondere im Hinblick auf die bei ihr eingegangenen Beschwerden, und ein Vertragsverletzungsverfahren gegen Italien einleiten, wenn es sich herausstellen sollte, dass diese Bestimmung nicht mit dem Unionsrecht vereinbar ist.<\/p><\/blockquote>\n<p>H\u00e4tte es Dorfmann doch wie die <abbr title=\"S\u00fcd-Tiroler Freiheit\">STF<\/abbr> gemacht und stattdessen seinen Parteifreund Daniel Alfreider befragt \u2014 dann w\u00fcsste er n\u00e4mlich schon heute:<\/p>\n<blockquote><p>Die Grundrechte werden den B\u00fcrgern zugestanden.<\/p><\/blockquote>\n<p>Und weiter:<\/p>\n<blockquote><p>Im Ausland (z.B. in \u00d6sterreich und Deutschland) gilt bereits seit Jahren dieselbe Pflicht, welche hierzulande erst mit Dekret 113\/2018 von Innenminister Salvini auch geahndet wird.<\/p><\/blockquote>\n<p>Stimmt zwar nicht, denn keine EU-B\u00fcrgerin muss in \u00d6sterreich oder Deutschland das Auto nach 60 Aufenthaltstagen ummelden \u2014 kann man aber in S\u00fcdtirol problemlos in die <a title=\"Antwort auf Landtagsanfrage.\" href=\"http:\/\/www.brennerbasisdemokratie.eu\/wp-content\/uploads\/2019\/05\/antwort_landtagsanfrage153-19-20.pdf\">Antwort<\/a> auf eine Landtagsanfrage (Nr. 153\/19) schreiben.<\/p>\n<p><strong><span style=\"font-family: Helvetica, Arial, sans-serif; text-transform: uppercase;\">C\u00ebla enghe:<\/span><\/strong> <a title=\"Fahrverbot dringend \u00fcberdenken.\" href=\"http:\/\/www.brennerbasisdemokratie.eu\/?p=46187\"><code>01<\/code><\/a> <a title=\"Absurdes Fahrverbot.\" href=\"http:\/\/www.brennerbasisdemokratie.eu\/?p=45174\"><code>02<\/code><\/a> <a title=\"Keine Zweisprachigkeit f\u00fcr Mitarbeiterinnen?\" href=\"http:\/\/www.brennerbasisdemokratie.eu\/?p=48055\"><code>03<\/code><\/a>\u00a0<span style=\"font-family: Helvetica, Arial, sans-serif; font-weight: normal;\">||<\/span> <a title=\"Kennzeichen-Schikane aufgeweicht.\" href=\"https:\/\/www.brennerbasisdemokratie.eu\/?p=49014\"><span style=\"color: #ff8c00\"><code>01<\/code><\/span><\/a> <a title=\"Italienische Kennzeichen-Schikane EU-vertragswidrig.\" href=\"https:\/\/www.brennerbasisdemokratie.eu\/?p=70752\" rel=\"\"><span style=\"color: #ff8c00\"><code>02<\/code><\/span><\/a><\/p>","protected":false},"excerpt":{"rendered":"<p>Am 13. Februar hatte Herbert Dorfmann (SVP) im EU-Parlament eine Anfrage eingereicht, um in Erfahrung zu bringen, ob die italienische Regelung zum Umgang mit Fahrzeugen, die in einem anderen Mitgliedsstaat zugelassen wurden, aus Sicht der Kommission eine Diskriminierung darstellen. Am 19. M\u00e4rz antwortete der zust\u00e4ndige Kommiss\u00e4r Pierre Moscovici, dass die EU-Kommission den Sachverhalt eingehend pr\u00fcfen [&hellip;]<\/p>","protected":false},"author":1,"featured_media":0,"comment_status":"open","ping_status":"open","sticky":false,"template":"","format":"standard","meta":{"_crdt_document":"","ngg_post_thumbnail":0,"_jetpack_memberships_contains_paid_content":false,"footnotes":""},"categories":[1],"tags":[],"class_list":["post-48674","post","type-post","status-publish","format-standard","hentry","category-allgemein","entity-eu","entity-land-sudtirol","entity-stf","entity-sudtiroler-landtag","entity-svp","issue-zitac","location-deutschland","location-italy","location-osterreich","location-sudtirolo","language-deutsch","person-daniel-alfreider","person-herbert-dorfmann","person-matteo-salvini","topic-buerokratismus","topic-faktencheck","topic-grundrechte","topic-mobilitaet","topic-politik","topic-tagnacht"],"jetpack_featured_media_url":"","jetpack_sharing_enabled":true,"_links":{"self":[{"href":"https:\/\/www.brennerbasisdemokratie.eu\/index.php?rest_route=\/wp\/v2\/posts\/48674","targetHints":{"allow":["GET"]}}],"collection":[{"href":"https:\/\/www.brennerbasisdemokratie.eu\/index.php?rest_route=\/wp\/v2\/posts"}],"about":[{"href":"https:\/\/www.brennerbasisdemokratie.eu\/index.php?rest_route=\/wp\/v2\/types\/post"}],"author":[{"embeddable":true,"href":"https:\/\/www.brennerbasisdemokratie.eu\/index.php?rest_route=\/wp\/v2\/users\/1"}],"replies":[{"embeddable":true,"href":"https:\/\/www.brennerbasisdemokratie.eu\/index.php?rest_route=%2Fwp%2Fv2%2Fcomments&post=48674"}],"version-history":[{"count":15,"href":"https:\/\/www.brennerbasisdemokratie.eu\/index.php?rest_route=\/wp\/v2\/posts\/48674\/revisions"}],"predecessor-version":[{"id":76445,"href":"https:\/\/www.brennerbasisdemokratie.eu\/index.php?rest_route=\/wp\/v2\/posts\/48674\/revisions\/76445"}],"wp:attachment":[{"href":"https:\/\/www.brennerbasisdemokratie.eu\/index.php?rest_route=%2Fwp%2Fv2%2Fmedia&parent=48674"}],"wp:term":[{"taxonomy":"category","embeddable":true,"href":"https:\/\/www.brennerbasisdemokratie.eu\/index.php?rest_route=%2Fwp%2Fv2%2Fcategories&post=48674"},{"taxonomy":"post_tag","embeddable":true,"href":"https:\/\/www.brennerbasisdemokratie.eu\/index.php?rest_route=%2Fwp%2Fv2%2Ftags&post=48674"}],"curies":[{"name":"wp","href":"https:\/\/api.w.org\/{rel}","templated":true}]}}