{"id":48772,"date":"2019-05-25T20:44:35","date_gmt":"2019-05-25T18:44:35","guid":{"rendered":"http:\/\/www.brennerbasisdemokratie.eu\/?p=48772"},"modified":"2025-06-26T20:37:30","modified_gmt":"2025-06-26T18:37:30","slug":"landeshauptmann-gegen-doppelpass","status":"publish","type":"post","link":"https:\/\/www.brennerbasisdemokratie.eu\/?p=48772","title":{"rendered":"Landeshauptmann gegen Doppelpass."},"content":{"rendered":"<p>Wie die <em>Tiroler Tageszeitung<\/em> (TT) heute <a title=\"TT: Doppelpass auf Eis\u2026\" href=\"https:\/\/www.tt.com\/politik\/landespolitik\/15680231\/doppelpass-auf-eis-absage-aus-suedtirol\" target=\"_blank\" rel=\"noopener noreferrer\">berichtet<\/a>, will der S\u00fcdtiroler Landeshauptmann die neue \u00f6sterreichische Regierung davon abbringen, das Projekt der doppelten Staatsb\u00fcrgerinnenschaft weiter zu verfolgen.<br \/>\nEine Expertinnengruppe habe den entsprechenden Gesetzesentwurf vor zwei Wochen fertiggestellt, kurz bevor der <a title=\"Red-Bull-betankt mit Rattengift.\" href=\"http:\/\/www.brennerbasisdemokratie.eu\/?p=48705\">Ibiza-Skandal<\/a> \u00f6ffentlich wurde.<br \/>\nLaut TT bef\u00fcrchtet Arno Kompatscher (<abbr title=\"S\u00fcdtiroler Volkspartei\">SVP<\/abbr>), dass sich die doppelte Staatsb\u00fcrgerinnenschaft negativ auf S\u00fcdtirol und auf die \u00f6sterreichische Schutzmachtrolle auswirken k\u00f6nnte.<\/p>\n<p><strong><span style=\"font-family: Helvetica, Arial, sans-serif; text-transform: uppercase;\">C\u00ebla enghe:<\/span><\/strong> <a title=\"Immer wieder toter Doppelpass.\" href=\"http:\/\/www.brennerbasisdemokratie.eu\/?p=48736\"><code>01<\/code><\/a> <a title=\"Doppelpass, Aufruf zur Besonnenheit.\" href=\"http:\/\/www.brennerbasisdemokratie.eu\/?p=38486\"><code>02<\/code><\/a> <a title=\"Mehrfachstaatsb\u00fcrgerschaften in Europa.\" href=\"http:\/\/www.brennerbasisdemokratie.eu\/?p=39941\"><code>03<\/code><\/a><\/p>","protected":false},"excerpt":{"rendered":"<p>Wie die Tiroler Tageszeitung (TT) heute berichtet, will der S\u00fcdtiroler Landeshauptmann die neue \u00f6sterreichische Regierung davon abbringen, das Projekt der doppelten Staatsb\u00fcrgerinnenschaft weiter zu verfolgen. Eine Expertinnengruppe habe den entsprechenden Gesetzesentwurf vor zwei Wochen fertiggestellt, kurz bevor der Ibiza-Skandal \u00f6ffentlich wurde. Laut TT bef\u00fcrchtet Arno Kompatscher (SVP), dass sich die doppelte Staatsb\u00fcrgerinnenschaft negativ auf S\u00fcdtirol [&hellip;]<\/p>","protected":false},"author":1,"featured_media":0,"comment_status":"open","ping_status":"open","sticky":false,"template":"","format":"standard","meta":{"_crdt_document":"","ngg_post_thumbnail":0,"_jetpack_memberships_contains_paid_content":false,"footnotes":""},"categories":[1],"tags":[],"class_list":["post-48772","post","type-post","status-publish","format-standard","hentry","category-allgemein","entity-svp","issue-doppia-cittadinanza","issue-schutzmacht","location-osterreich","location-sudtirolo","language-deutsch","medium-tt","person-arno-kompatscher","topic-medien","topic-politik"],"jetpack_featured_media_url":"","jetpack_sharing_enabled":true,"_links":{"self":[{"href":"https:\/\/www.brennerbasisdemokratie.eu\/index.php?rest_route=\/wp\/v2\/posts\/48772","targetHints":{"allow":["GET"]}}],"collection":[{"href":"https:\/\/www.brennerbasisdemokratie.eu\/index.php?rest_route=\/wp\/v2\/posts"}],"about":[{"href":"https:\/\/www.brennerbasisdemokratie.eu\/index.php?rest_route=\/wp\/v2\/types\/post"}],"author":[{"embeddable":true,"href":"https:\/\/www.brennerbasisdemokratie.eu\/index.php?rest_route=\/wp\/v2\/users\/1"}],"replies":[{"embeddable":true,"href":"https:\/\/www.brennerbasisdemokratie.eu\/index.php?rest_route=%2Fwp%2Fv2%2Fcomments&post=48772"}],"version-history":[{"count":9,"href":"https:\/\/www.brennerbasisdemokratie.eu\/index.php?rest_route=\/wp\/v2\/posts\/48772\/revisions"}],"predecessor-version":[{"id":58704,"href":"https:\/\/www.brennerbasisdemokratie.eu\/index.php?rest_route=\/wp\/v2\/posts\/48772\/revisions\/58704"}],"wp:attachment":[{"href":"https:\/\/www.brennerbasisdemokratie.eu\/index.php?rest_route=%2Fwp%2Fv2%2Fmedia&parent=48772"}],"wp:term":[{"taxonomy":"category","embeddable":true,"href":"https:\/\/www.brennerbasisdemokratie.eu\/index.php?rest_route=%2Fwp%2Fv2%2Fcategories&post=48772"},{"taxonomy":"post_tag","embeddable":true,"href":"https:\/\/www.brennerbasisdemokratie.eu\/index.php?rest_route=%2Fwp%2Fv2%2Ftags&post=48772"}],"curies":[{"name":"wp","href":"https:\/\/api.w.org\/{rel}","templated":true}]}}