{"id":4878,"date":"2010-05-09T12:03:19","date_gmt":"2010-05-09T10:03:19","guid":{"rendered":"http:\/\/www.brennerbasisdemokratie.eu\/?p=4878"},"modified":"2026-02-16T22:28:52","modified_gmt":"2026-02-16T21:28:52","slug":"das-wasser-ist-keine-ware","status":"publish","type":"post","link":"https:\/\/www.brennerbasisdemokratie.eu\/?p=4878","title":{"rendered":"\u00d6ffentliches Wasser verteidigen."},"content":{"rendered":"<blockquote><p><img loading=\"lazy\" decoding=\"async\" class=\"size-full wp-image-4879 aligncenter\" title=\"Wasser Referenda.\" src=\"http:\/\/www.brennerbasisdemokratie.eu\/wp-content\/uploads\/2010\/05\/wasser.jpg\" alt=\"Wasser Referenda.\" width=\"140\" height=\"141\" srcset=\"https:\/\/www.brennerbasisdemokratie.eu\/wp-content\/uploads\/2010\/05\/wasser.jpg 200w, https:\/\/www.brennerbasisdemokratie.eu\/wp-content\/uploads\/2010\/05\/wasser-148x150.jpg 148w\" sizes=\"auto, (max-width: 140px) 100vw, 140px\" \/><\/p><\/blockquote>\n<p>Obwohl es die Grenze \u2014 wie es immer so sch\u00f6n hei\u00dft \u2014 nicht mehr gibt, soll unser Wasser (anders als jenes in Nord- und Osttirol) privatisiert werden, weil das in Rom so beschlossen wurde.<br \/>\nMan k\u00f6nnte ebenso behaupten, dass es die Autonomie nicht gibt \u2014 sonst w\u00e4ren wir jetzt nicht gezwungen, Unterschriften gegen dieses t\u00f6richte Vorhaben zu sammeln, das sicher nicht auf S\u00fcdtiroler Mist gewachsen ist. Mehr Informationen zur rechtlichen Lage in Bezug auf die Autonomie gibt es <a title=\"Warum ein Referendum in S\u00fcdtirol?\" href=\"http:\/\/www.acquawasser.org\/index.php\/de\/wieso-das-referendum-auch-in-suedtirol.html\" target=\"_blank\" rel=\"noopener noreferrer\">hier<\/a>.<\/p>\n<p>Zahlreiche Vereine und Verb\u00e4nde rufen also auch hierzulande dazu auf, sich in die Gemeindestuben zu begeben und f\u00fcr die drei abschaffenden Referenda zu unterschreiben, darunter:<\/p>\n<ul>\n<li><em>Dachverband f\u00fcr Natur- und Umweltschutz<\/em><\/li>\n<li><em>Umweltgruppe Bozen<\/em><\/li>\n<li>OEW &#8211; <em>Organisation f\u00fcr Eine Solidarische Welt<\/em><\/li>\n<li>Gewerkschaften (AGB und SGK)<\/li>\n<li><em>Umweltbund<\/em><\/li>\n<li><em>Rete per i diritti dei Senza Voce<\/em><\/li>\n<li><em>Latinoamerica y su gente<\/em><\/li>\n<li><em>Le formiche<\/em><\/li>\n<li>ACLI<\/li>\n<li><em>S\u00fcdtiroler Hochsch\u00fclerinnenschaft sh.asus<\/em><\/li>\n<\/ul>\n<p>Auch <img class=\"bbdlogo\" src=\"https:\/\/www.brennerbasisdemokratie.eu\/wp-content\/uploads\/bbdsmileys\/bbde.png\"> unterst\u00fctzt hiermit die Referenda und ruft alle dazu auf, sich an deren Gelingen zu beteiligen. Um die Verscherbelung des wohl kostbaren \u00f6ffentlichen Gutes zu verhindern, sollte jeder von uns seinen inneren Schweinehund \u00fcberwinden und sich zum Rathaus\/Wahlamt seiner Heimatgemeinde begeben. Der drohende Schaden w\u00e4re wohl kaum wieder gutzumachen!<\/p>\n<p><strong>Zur Homepage des <a title=\"Landesreferendumskomitee.\" href=\"http:\/\/www.acquawasser.org\/index.php\/de.html\" target=\"_blank\" rel=\"noopener noreferrer\">Landesreferendumskomitees<\/a>.<\/strong><\/p>\n<p><strong><span style=\"font-family: Helvetica, Arial, sans-serif; text-transform: uppercase;\">C\u00ebla enghe:<\/span> <\/strong><a title=\"Das Wasser ist ein Menschenrechts.\" href=\"http:\/\/www.brennerbasisdemokratie.eu\/?p=4044\" target=\"_self\" rel=\"noopener noreferrer\"><code>01<\/code><\/a> <a title=\"Wenn Rom unser Wasser verscherbelt.\" href=\"http:\/\/www.brennerbasisdemokratie.eu\/?p=3650\" target=\"_self\" rel=\"noopener noreferrer\"><code>02<\/code><\/a><strong><br \/>\n<\/strong><\/p>","protected":false},"excerpt":{"rendered":"<p>Obwohl es die Grenze \u2014 wie es immer so sch\u00f6n hei\u00dft \u2014 nicht mehr gibt, soll unser Wasser (anders als jenes in Nord- und Osttirol) privatisiert werden, weil das in Rom so beschlossen wurde. Man k\u00f6nnte ebenso behaupten, dass es die Autonomie nicht gibt \u2014 sonst w\u00e4ren wir jetzt nicht gezwungen, Unterschriften gegen dieses t\u00f6richte [&hellip;]<\/p>","protected":false},"author":1,"featured_media":0,"comment_status":"open","ping_status":"open","sticky":false,"template":"","format":"standard","meta":{"_crdt_document":"","ngg_post_thumbnail":0,"_jetpack_memberships_contains_paid_content":false,"footnotes":""},"categories":[1],"tags":[],"class_list":["post-4878","post","type-post","status-publish","format-standard","hentry","category-allgemein","entity-dachverband-natur","entity-oew","entity-sh-asus","location-italy","location-sudtirolo","language-deutsch","topic-ecologia","topic-gewerkschaften","topic-grenzen","topic-mitbestimmung","topic-verbraucherinnen"],"jetpack_featured_media_url":"","jetpack_sharing_enabled":true,"_links":{"self":[{"href":"https:\/\/www.brennerbasisdemokratie.eu\/index.php?rest_route=\/wp\/v2\/posts\/4878","targetHints":{"allow":["GET"]}}],"collection":[{"href":"https:\/\/www.brennerbasisdemokratie.eu\/index.php?rest_route=\/wp\/v2\/posts"}],"about":[{"href":"https:\/\/www.brennerbasisdemokratie.eu\/index.php?rest_route=\/wp\/v2\/types\/post"}],"author":[{"embeddable":true,"href":"https:\/\/www.brennerbasisdemokratie.eu\/index.php?rest_route=\/wp\/v2\/users\/1"}],"replies":[{"embeddable":true,"href":"https:\/\/www.brennerbasisdemokratie.eu\/index.php?rest_route=%2Fwp%2Fv2%2Fcomments&post=4878"}],"version-history":[{"count":23,"href":"https:\/\/www.brennerbasisdemokratie.eu\/index.php?rest_route=\/wp\/v2\/posts\/4878\/revisions"}],"predecessor-version":[{"id":97850,"href":"https:\/\/www.brennerbasisdemokratie.eu\/index.php?rest_route=\/wp\/v2\/posts\/4878\/revisions\/97850"}],"wp:attachment":[{"href":"https:\/\/www.brennerbasisdemokratie.eu\/index.php?rest_route=%2Fwp%2Fv2%2Fmedia&parent=4878"}],"wp:term":[{"taxonomy":"category","embeddable":true,"href":"https:\/\/www.brennerbasisdemokratie.eu\/index.php?rest_route=%2Fwp%2Fv2%2Fcategories&post=4878"},{"taxonomy":"post_tag","embeddable":true,"href":"https:\/\/www.brennerbasisdemokratie.eu\/index.php?rest_route=%2Fwp%2Fv2%2Ftags&post=4878"}],"curies":[{"name":"wp","href":"https:\/\/api.w.org\/{rel}","templated":true}]}}