{"id":48794,"date":"2019-05-27T07:34:30","date_gmt":"2019-05-27T05:34:30","guid":{"rendered":"http:\/\/www.brennerbasisdemokratie.eu\/?p=48794"},"modified":"2024-06-09T22:15:00","modified_gmt":"2024-06-09T20:15:00","slug":"zum-eu-wahlergebnis-2019","status":"publish","type":"post","link":"https:\/\/www.brennerbasisdemokratie.eu\/?p=48794","title":{"rendered":"Zum EU-Wahlergebnis 2019."},"content":{"rendered":"<p><strong>Fakten und Bewertungen zur gestern Abend zu Ende gegangenen Europawahl 2019 aus <img class=\"bbdlogo\" src=\"https:\/\/www.brennerbasisdemokratie.eu\/wp-content\/uploads\/bbdsmileys\/bbde.png\">-Sicht:<\/strong><\/p>\n<ul>\n<li>Erfreulicherweise ist die <strong>Wahlbeteiligung<\/strong> im Vergleich zu 2014 fast \u00fcberall \u2014 teils deutlich \u2014 gestiegen. So hoch war sie seit 25 Jahren nicht mehr. Die Europ\u00e4erinnen interessieren sich also wieder mehr daf\u00fcr, was in Stra\u00dfburg und Br\u00fcssel passiert. Vielleicht auch eine Reaktion auf den <em>Brexit? <\/em><strong>Transnationale Listen<\/strong> k\u00f6nnten nun der logische n\u00e4chste Schritt als Beitrag zur Entstehung einer wirklich europ\u00e4ischen \u00d6ffentlichkeit sein.<\/li>\n<li>Unter anderem in Frankreich, Italien und Vereinigtem K\u00f6nigreich liegen <strong>rechtsradikale und rechtspopulistische Parteien<\/strong> <em>(Rassemblement National, Lega<\/em> und <em>Brexit-Party)<\/em> vorn. Die <em>Brexit<\/em>-Partei wird sogar st\u00e4rkste Einzelpartei im EU-Parlament sein. Trotzdem bleiben sie auf gesamteurop\u00e4ischer Ebene unter den Erwartungen (bzw. Bef\u00fcrchtungen).<\/li>\n<li>Ersten Berechnungen zufolge verf\u00fcgen <strong><abbr title=\"Europ\u00e4ische Volkspartei\">EVP<\/abbr><\/strong> (Konservative) und <strong><abbr title=\"Progressive Alliance of Socialists & Democrats\">S&D<\/abbr><\/strong> (Progressive) gemeinsam \u00fcber keine Mehrheit mehr im EU-Parlament. Demnach legen vor allem <strong>ALDE<\/strong> (Liberale), <strong><em>Gr\u00fcne<\/em><\/strong> und die EU-feindlichen Kr\u00e4fte zu.<\/li>\n<\/ul>\n<ul>\n<li>Aus <strong>S\u00fcdtirol<\/strong> \u2014 wo die Wahlbeteiligung (62,8% +10,6) ebenfalls gestiegen ist \u2014 wird wieder <a title=\"EU-Wahl 2019: Herbert Dorfmann.\" href=\"http:\/\/www.brennerbasisdemokratie.eu\/?p=48747\">Herbert Dorfmann<\/a> (<abbr title=\"S\u00fcdtiroler Volkspartei\">SVP<\/abbr>) ins Europaparlament entsandt. Alle anderen, insbesondere <em>Gr\u00fcne<\/em> (Norbert Lantschner) und <em>Team K\u00f6llensperger<\/em> (Renate Holzeisen) scheitern mit ihren B\u00fcndnispartnern wohl an der staatsweiten 4%-H\u00fcrde.<br \/>\nDie SVP ist mit 46,5% (-1,5) wieder st\u00e4rkste Partei, die <em>Lega<\/em> mit knapp 17,5% (+11,5) die zweite Kraft. <em>Pi\u00f9 Europa<\/em> (<abbr title=\"Team K\">TK<\/abbr>) und <em>Gr\u00fcne<\/em> schaffen jeweils 11,2% und 8,7%, die <abbr title=\"Partito Democratico\">PD<\/abbr> 6,5% (-9,2).<\/li>\n<li>In <strong>Nord-\/Osttirol<\/strong> liegt die <abbr title=\"\u00d6sterreichische Volkspartei\">\u00d6VP<\/abbr> (44,4% +12,0) klar vorn. Es folgen <abbr title=\"Freiheitliche Partei \u00d6sterreichs\">FP\u00d6<\/abbr> (15,9% -1,6) und <abbr title=\"Sozialdemokratische Partei \u00d6sterreichs\">SP\u00d6<\/abbr> (15,0% -1,7), dann <em>Gr\u00fcne<\/em> (14,8% -2,7) und NEOS (8,4% -1,3).<\/li>\n<li>Im <strong>Trentino<\/strong> ist die <em>Lega<\/em> (37,7% +28,8) erste Kraft. Dahinter folgen mit 25,2% (-17,2) die PD und mit 8,7% (-6,4) die <abbr title=\"F\u00fcnfsternebewegung\">5SB<\/abbr>. Die SVP wird nur noch von 6,5% (-5,5) der Trentiner W\u00e4hlerinnen bevorzugt.<\/li>\n<li>In <strong>Aosta<\/strong> konnte die autonomistische Koalition aus <em>Union Vald\u00f4taine<\/em> und anderen Kr\u00e4ften nur 14% erreichen und hat damit das Nachsehen gegen\u00fcber der <em>Lega.<\/em><\/li>\n<li>In <strong>Schottland<\/strong> zeichnet sich ein historischer Wahlsieg der <abbr title=\"Scottish National Party\">SNP<\/abbr> ab, die sich f\u00fcr die Losl\u00f6sung vom Vereinigten K\u00f6nigreich und den Verbleib in der EU starkmacht: drei von sechs und damit so viele EU-Abgeordnete wie noch nie k\u00f6nnte die <em>Scottish National Party<\/em> nach Stra\u00dfburg und Br\u00fcssel entsenden.<\/li>\n<li><em>Plaid Cymru<\/em> kann in <strong>Wales<\/strong> sein EP-Mandat best\u00e4tigen.<\/li>\n<li><strong>Katalonien:<\/strong> Der ehemalige Pr\u00e4sident <a title=\"Kandidaturverbot gegen Puigdemont aufgehoben.\" href=\"http:\/\/www.brennerbasisdemokratie.eu\/?p=48474\">Carles Puigdemont<\/a> und der ebenfalls im Exil befindliche Toni Com\u00edn (beide <abbr title=\"Junts per Catalunya\">JxC<\/abbr>) wurden ebenso ins EU-Parlament gew\u00e4hlt, wie der in U-Haft befindliche <abbr title=\"Esquerra Republicana de Catalunya\">ERC<\/abbr>-Chef <a title=\"Junqueras candidato alla presidenza europea.\" href=\"http:\/\/www.brennerbasisdemokratie.eu\/?p=47151\">Oriol Junqueras<\/a> (<abbr title=\"Europ\u00e4ische Freie Allianz\">EFA<\/abbr>). Clara Ponsat\u00ed k\u00f6nnte \u2014 wie man liest \u2014 nachr\u00fccken, sobald der <em>Brexit<\/em> vollzogen ist. Insgesamt erzielten die separatistischen Kr\u00e4fte so viele Sitze wie noch nie (je zwei f\u00fcr ERC und JxC).<\/li>\n<li>Das <strong>Baskenland<\/strong> entsendet eine Vertreterin der linken, sezessionistischen <em>Bildu. <\/em>Die autonomistische <abbr title=\"Eusko Alderdi Jeltzalea\">EAJ<\/abbr> konnte ihren Sitz im EP best\u00e4tigen.<\/li>\n<li>In <strong>Ostbelgien<\/strong> (wo parallel zur Europawahl auch das <em>Parlament der Deutschsprachigen Gemeinschaft<\/em> neugew\u00e4hlt wurde) kann Pascal Arimont (CSP-EVP) mit 34,9% (+4,6) der Stimmen sein Mandat verteidigen.<\/li>\n<li>Die Volkspartei der <strong>Finnlandschwedinnen<\/strong> schafft es trotz gegenteiliger Prognose, ihren Sitz zu erhalten.<\/li>\n<li>In <strong>Korsika<\/strong> kann Fran\u00e7ois Alfonsi f\u00fcr die <em>Partitu di a Nazione Corsa<\/em> (PNC) den 2014 verlorenen Sitz wiedererringen.<\/li>\n<li>W\u00e4hrend die ungarische Minderheit in <strong>Rum\u00e4nien<\/strong> ihre zwei Mandate best\u00e4tigen kann, verlieren die Ungarinnen in der <strong>Slowakei<\/strong> ihre gesamte Vertretung. Bislang verf\u00fcgten M-H und MKP \u00fcber je einen EU-Parlamentssitz.<\/li>\n<li>Mit Valter Flego erreicht die <em>Demokratische Istrische Versammlung<\/em> in <strong>Kroatien<\/strong> wie schon 2014 ein Mandat.<\/li>\n<li>F\u00fcr die kommunistische Partei AKEL wird in <strong>Zypern<\/strong> mit Niyazi K\u0131z\u0131ly\u00fcrek erstmals ein t\u00fcrkisch-zypriotischer Kandidat ins Europaparlament gew\u00e4hlt. Er macht sich f\u00fcr eine f\u00f6derale L\u00f6sung des Zypernkonflikts stark.<\/li>\n<\/ul>\n<ul>\n<li>In <strong>Deutschland<\/strong> sind die <em>Gr\u00fcnen<\/em> mit einer deutlichen pro-europ\u00e4ischen Kampagne zweitst\u00e4rkste Partei hinter einer kriselnden CDU. Die rechtsradikale AfD punktet vor allem im Osten, kommt aber bundesweit nicht \u00fcber 11% hinaus.<br \/>\nBei den Erstw\u00e4hlenden liegen die <em>Gr\u00fcnen<\/em> Umfragen zufolge mit 36% klar an erster Stelle; die traditionellen Volksparteien CDU (11%) und SPD (7%) kommen gerade einmal auf die H\u00e4lfte.<\/li>\n<li>In <strong>\u00d6sterreich<\/strong> wird nach dem <a title=\"Red-Bull-betankt mit Rattengift.\" href=\"http:\/\/www.brennerbasisdemokratie.eu\/?p=48705\">Ibiza-Skandal<\/a> die t\u00fcrkisblaue \u00d6VP (34,9% +7,9) erste Kraft vor der SP\u00d6 mit 23,4% (-0,7). Die FP\u00d6 verliert im Vergleich zu 2014 (17,2% -2,5), <em>Gr\u00fcne<\/em> (14,0% -0,6) und NEOS (8,7% +0,6) profitieren davon wenig bis gar nicht. Im Vergleich zur letzten Nationalratswahl feiern die <em>Gr\u00fcnen<\/em> jedoch eine Wiederauferstehung.<br \/>\nDie SP\u00d6 liegt in Wien und K\u00e4rnten vorn, alle anderen Bundesl\u00e4nder sind t\u00fcrkis eingef\u00e4rbt.<\/li>\n<\/ul>\n<p><strong><span style=\"font-family: Helvetica, Arial, sans-serif; text-transform: uppercase;\">C\u00ebla enghe:<\/span><\/strong> <a title=\"Zum EU-Wahlergebnis.\" href=\"http:\/\/www.brennerbasisdemokratie.eu\/?p=19329\"><code>01<\/code><\/a>&nbsp;<span style=\"font-family: Helvetica, Arial, sans-serif; font-weight: normal;\">||<\/span> <a title=\"Puigdemont darf nicht ins EU-Parlament.\" href=\"http:\/\/www.brennerbasisdemokratie.eu\/?p=48904\"><span style=\"color: #ff8c00\"><code>01<\/code><\/span><\/a> <a title=\"Europee, diritti negati a Junqueras.\" href=\"http:\/\/www.brennerbasisdemokratie.eu\/?p=49161\"><span style=\"color: #ff8c00\"><code>02<\/code><\/span><\/a> <a title=\"Ponsat\u00ed wird Europaabgeordnete.\" href=\"http:\/\/www.brennerbasisdemokratie.eu\/?p=54296\"><span style=\"color: #ff8c00\"><code>03<\/code><\/span><\/a> <a title=\"Immigration und Vertrauen in die EU.\" href=\"http:\/\/www.brennerbasisdemokratie.eu\/?p=54759\"><span style=\"color: #ff8c00\"><code>04<\/code><\/span><\/a> <span style=\"font-family: Helvetica, Arial, sans-serif; font-weight: normal;\">|<\/span> <a title=\"Zum EU-Wahlergebnis 2024.\" href=\"https:\/\/www.brennerbasisdemokratie.eu\/?p=86201\"><span style=\"color: #ff8c00\"><code>05<\/code><\/span><\/a><\/p>","protected":false},"excerpt":{"rendered":"<p>Fakten und Bewertungen zur gestern Abend zu Ende gegangenen Europawahl 2019 aus -Sicht: Erfreulicherweise ist die Wahlbeteiligung im Vergleich zu 2014 fast \u00fcberall \u2014 teils deutlich \u2014 gestiegen. So hoch war sie seit 25 Jahren nicht mehr. Die Europ\u00e4erinnen interessieren sich also wieder mehr daf\u00fcr, was in Stra\u00dfburg und Br\u00fcssel passiert. Vielleicht auch eine Reaktion [&hellip;]<\/p>","protected":false},"author":1,"featured_media":0,"comment_status":"open","ping_status":"open","sticky":false,"template":"","format":"standard","meta":{"_crdt_document":"","ngg_post_thumbnail":0,"_jetpack_memberships_contains_paid_content":false,"footnotes":""},"categories":[1],"tags":[],"class_list":["post-48794","post","type-post","status-publish","format-standard","hentry","category-allgemein","entity-5sb","entity-afd","entity-alde","entity-cdu-csu","entity-eaj","entity-efa","entity-eh-bildu","entity-erc","entity-eu-parlament","entity-evp","entity-freiheitliche","entity-junts","entity-lega","entity-neos","entity-ovp","entity-sd","entity-snp","entity-spd","entity-spo","entity-svp","entity-tk","entity-verc","issue-brexit","issue-europawahl-2019","issue-good-news","location-aouta","location-catalunya","location-corsica","location-cymru","location-deutschland","location-europa","location-euskadi","location-suomi","location-france","location-italy","location-nord-osttirol","location-ostbelgien","location-osterreich","location-schottland","location-sudtirolo","location-united-kingdom","location-zypern","language-deutsch","person-carles-puigdemont","person-clara-ponsati","person-herbert-dorfmann","person-norbert-lantschner","person-oriol-junqueras","person-pascal-arimont","person-renate-holzeisen","person-toni-comin","topic-democrazia","topic-minderheitenschutz","topic-politik","topic-statistik"],"jetpack_featured_media_url":"","jetpack_sharing_enabled":true,"_links":{"self":[{"href":"https:\/\/www.brennerbasisdemokratie.eu\/index.php?rest_route=\/wp\/v2\/posts\/48794","targetHints":{"allow":["GET"]}}],"collection":[{"href":"https:\/\/www.brennerbasisdemokratie.eu\/index.php?rest_route=\/wp\/v2\/posts"}],"about":[{"href":"https:\/\/www.brennerbasisdemokratie.eu\/index.php?rest_route=\/wp\/v2\/types\/post"}],"author":[{"embeddable":true,"href":"https:\/\/www.brennerbasisdemokratie.eu\/index.php?rest_route=\/wp\/v2\/users\/1"}],"replies":[{"embeddable":true,"href":"https:\/\/www.brennerbasisdemokratie.eu\/index.php?rest_route=%2Fwp%2Fv2%2Fcomments&post=48794"}],"version-history":[{"count":63,"href":"https:\/\/www.brennerbasisdemokratie.eu\/index.php?rest_route=\/wp\/v2\/posts\/48794\/revisions"}],"predecessor-version":[{"id":86225,"href":"https:\/\/www.brennerbasisdemokratie.eu\/index.php?rest_route=\/wp\/v2\/posts\/48794\/revisions\/86225"}],"wp:attachment":[{"href":"https:\/\/www.brennerbasisdemokratie.eu\/index.php?rest_route=%2Fwp%2Fv2%2Fmedia&parent=48794"}],"wp:term":[{"taxonomy":"category","embeddable":true,"href":"https:\/\/www.brennerbasisdemokratie.eu\/index.php?rest_route=%2Fwp%2Fv2%2Fcategories&post=48794"},{"taxonomy":"post_tag","embeddable":true,"href":"https:\/\/www.brennerbasisdemokratie.eu\/index.php?rest_route=%2Fwp%2Fv2%2Ftags&post=48794"}],"curies":[{"name":"wp","href":"https:\/\/api.w.org\/{rel}","templated":true}]}}