{"id":48942,"date":"2019-06-01T22:48:32","date_gmt":"2019-06-01T20:48:32","guid":{"rendered":"http:\/\/www.brennerbasisdemokratie.eu\/?p=48942"},"modified":"2023-01-03T18:07:44","modified_gmt":"2023-01-03T17:07:44","slug":"schnecken-schneller-als-die-post","status":"publish","type":"post","link":"https:\/\/www.brennerbasisdemokratie.eu\/?p=48942","title":{"rendered":"Schnecken schneller als die Post."},"content":{"rendered":"<p>Vor wenigen Tagen hat die <em>Verbraucherzentrale<\/em> (VZS) das Ergebnis einer Stichprobenerhebung zur Postzustellung in S\u00fcdtirol ver\u00f6ffentlicht.<\/p>\n<p>Dabei steht im Vergleich zur letzten durchgef\u00fchrten Untersuchung dieser Art (2014) einer enormen Verteuerung \u2014 um fast 60% von 0,70 auf 1,10\u20ac \u2014 eine noch drastischere Verlangsamung gegen\u00fcber: Die mittlere Zustellungsdauer hat sich n\u00e4mlich von 2,7 Werktagen<sup class=\"modern-footnotes-footnote modern-footnotes-footnote--hover-on-desktop \" data-mfn=\"1\" data-mfn-post-scope=\"00000000000007e30000000000000000_48942\"><a href=\"javascript:void(0)\"  role=\"button\" aria-pressed=\"false\" aria-describedby=\"mfn-content-00000000000007e30000000000000000_48942-1\">1<\/a><\/sup><span id=\"mfn-content-00000000000007e30000000000000000_48942-1\" role=\"tooltip\" class=\"modern-footnotes-footnote__note\" tabindex=\"0\" data-mfn=\"1\">ohne Samstage!<\/span> (2014) auf 6,1 (2019) mehr als verdoppelt. Und erf\u00fcllten vor f\u00fcnf Jahren noch 91% der Sendungen das sogenannte Qualit\u00e4tsziel, waren es jetzt nur noch 54% \u2014 obwohl dieses Ziel 2014 (drei Werktage) noch strenger gefasst war, als heute (vier Werktage ab Einwurf).<\/p>\n<div id=\"footable_parent_48948\"\n         class=\" footable_parent ninja_table_wrapper loading_ninja_table wp_table_data_press_parent semantic_ui \">\n                <table data-ninja_table_instance=\"ninja_table_instance_0\" data-footable_id=\"48948\" data-filter-delay=\"1000\" aria-label=\"Postzustellung VZS\"            id=\"footable_48948\"\n           data-unique_identifier=\"ninja_table_unique_id_1318132256_48948\"\n           class=\" foo-table ninja_footable foo_table_48948 ninja_table_unique_id_1318132256_48948 ui table  nt_type_legacy_table selectable striped compact vertical_centered  footable-paging-right ninja_table_search_disabled\">\n                <colgroup>\n                            <col class=\"ninja_column_0 \">\n                            <col class=\"ninja_column_1 \">\n                            <col class=\"ninja_column_2 \">\n                            <col class=\"ninja_column_3 \">\n                            <col class=\"ninja_column_4 \">\n                    <\/colgroup>\n        <thead>\n<tr class=\"footable-header\">\n                                                                                        <th scope=\"col\"  class=\"ninja_column_0 ninja_clmn_nm_jahr \">Jahr<\/th><th scope=\"col\"  class=\"ninja_column_1 ninja_clmn_nm_zustelldauer_tage_o \">Zustelldauer (\u00d8)<\/th><th scope=\"col\"  class=\"ninja_column_2 ninja_clmn_nm_qualitatsziel \">Qualit\u00e4tsziel<\/th><th scope=\"col\"  class=\"ninja_column_3 ninja_clmn_nm_erreicht \">erreicht<\/th><th scope=\"col\"  class=\"ninja_column_4 ninja_clmn_nm_porto \">Porto<\/th><\/tr>\n<\/thead>\n<tbody>\n\n        <tr data-row_id=\"351\" class=\"ninja_table_row_0 nt_row_id_351\">\n            <td>2014<\/td><td>2,7 Tage<\/td><td>Einwurf + 3 Tage<\/td><td>91%<\/td><td>0,70\u20ac<\/td>        <\/tr>\n            <tr data-row_id=\"350\" class=\"ninja_table_row_1 nt_row_id_350\">\n            <td>2019<\/td><td>6,1 Tage<\/td><td>Einwurf + 4 Tage<\/td><td>54%<\/td><td>1,10\u20ac<\/td>        <\/tr>\n            <tr data-row_id=\"349\" class=\"ninja_table_row_2 nt_row_id_349\">\n            <td><\/td><td>+126%<\/td><td>+33%<\/td><td>-41%<\/td><td>+57%<\/td>        <\/tr>\n    <\/tbody><!--ninja_tobody_rendering_done-->\n    <\/table>\n    \n    \n    \n<\/div>\n\n<p>In die Zeit zwischen 2014 und 2019 f\u00e4llt \u00fcbrigens die Unterzeichnung (und wenigstens hypothetisch auch ein Gro\u00dfteil der Umsetzung) des <a title=\"Deal: 10 Millionen f\u00fcr die Post.\" href=\"http:\/\/www.brennerbasisdemokratie.eu\/?p=34266\">Zehnmillionenvertrags<\/a> von Land S\u00fcdtirol und italienischer Post, der \u2014 z.B. durch Neuanstellungen und die Errichtung eines <a title=\"Postverteilungszentrum in Betrieb.\" href=\"http:\/\/www.brennerbasisdemokratie.eu\/?p=40243\">Verteilungszentrums in Bozen<\/a>\u00a0\u2014 auch die Zustelldauer der Binnenpost h\u00e4tte sichern und verbessern sollen.<\/p>\n<p>Dazu hat die VZS eine eindeutige Meinung:<\/p>\n<blockquote><p>Die Landesregierung sollte der Post f\u00fcr diesen Dienst, der so weit von europ\u00e4ischen Standards entfernt ist, keinen einzigen Euro geben. Dies w\u00e4re eine schlechte Verwendung der Steuergelder; eine Kostenbeteiligung durch das Land S\u00fcdtirol w\u00e4re nur dann gerechtfertigt, wenn die erreichten Qualit\u00e4tsstandards \u00fcber den auf nationaler Ebene festgelegten l\u00e4gen.<\/p><\/blockquote>\n<p>Wie es scheint, soll der Landeshauptmann das Geld tats\u00e4chlich nicht mehr an die Post \u00fcberweisen wollen. Ob das aber wirklich m\u00f6glich ist, wird wohl auch daran liegen, wie hieb- und stichfest die zu erreichenden Ziele vertraglich festgelegt waren\u2026 und da habe ich ein eher mulmiges Gef\u00fchl, wenn ich an die vielen Pannen der letzten Jahre zur\u00fcckdenke.<\/p>\n<p>Das Problem ist aber halt auch, dass das Land zwar ggf. den Vertrag aufk\u00fcndigen, in Ermangelung einschl\u00e4giger Zust\u00e4ndigkeiten aber nicht anderweitig f\u00fcr einen funktionierenden Postdienst sorgen kann. Den S\u00fcdtirolerinnen bleiben einmal mehr nur das Prinzip Hoffnung und eventuell der Verzicht auf die Post zugunsten anderer L\u00f6sungen.<\/p>\n<p><strong><span style=\"font-family: Helvetica, Arial, sans-serif; text-transform: uppercase;\">C\u00ebla enghe:<\/span><\/strong> <a title=\"Post: Zahlen, damit alles schlechter wird.\" href=\"http:\/\/www.brennerbasisdemokratie.eu\/?p=46221\"><code>01<\/code><\/a> <a title=\"Selbst ist die Post.\" href=\"http:\/\/www.brennerbasisdemokratie.eu\/?p=45773\"><code>02<\/code><\/a> <a title=\"DiePosthinterl\u00e4sstweitereHinweise.\" href=\"http:\/\/www.brennerbasisdemokratie.eu\/?p=47743\"><code>03<\/code><\/a>\u00a0<span style=\"font-family: Helvetica, Arial, sans-serif; font-weight: normal;\">||<\/span> <a title=\"Tag+Nacht: Das Abkommen mit der Post.\" href=\"https:\/\/www.brennerbasisdemokratie.eu\/?p=55280\"><span style=\"color: #ff8c00\"><code>01<\/code><\/span><\/a> <a title=\"Neu: Abkommen mit der Post.\" href=\"https:\/\/www.brennerbasisdemokratie.eu\/?p=66727\" rel=\"\"><span style=\"color: #ff8c00\"><code>02<\/code><\/span><\/a> <a title=\"Schildkr\u00f6tenpost.\" href=\"https:\/\/www.brennerbasisdemokratie.eu\/?p=69019\" rel=\"\"><span style=\"color: #ff8c00\"><code>03<\/code><\/span><\/a><\/p>\n<ul class=\"modern-footnotes-list modern-footnotes-list--show-only-for-print\"><li><span>1<\/span><div>ohne Samstage!<\/div><\/li><\/ul>","protected":false},"excerpt":{"rendered":"<p>Vor wenigen Tagen hat die Verbraucherzentrale (VZS) das Ergebnis einer Stichprobenerhebung zur Postzustellung in S\u00fcdtirol ver\u00f6ffentlicht. Dabei steht im Vergleich zur letzten durchgef\u00fchrten Untersuchung dieser Art (2014) einer enormen Verteuerung \u2014 um fast 60% von 0,70 auf 1,10\u20ac \u2014 eine noch drastischere Verlangsamung gegen\u00fcber: Die mittlere Zustellungsdauer hat sich n\u00e4mlich von 2,7 Werktagen (2014) auf [&hellip;]<\/p>","protected":false},"author":1,"featured_media":0,"comment_status":"open","ping_status":"open","sticky":false,"template":"","format":"standard","meta":{"_crdt_document":"","ngg_post_thumbnail":0,"_jetpack_memberships_contains_paid_content":false,"footnotes":""},"categories":[1],"tags":[],"class_list":["post-48942","post","type-post","status-publish","format-standard","hentry","category-allgemein","entity-land-sudtirol","entity-vzs","issue-zitac","location-italy","location-sudtirolo","language-deutsch","person-arno-kompatscher","topic-politik","topic-postdienst","topic-statistik","topic-verbraucherinnen","topic-vorzeigeautonomie"],"jetpack_featured_media_url":"","jetpack_sharing_enabled":true,"_links":{"self":[{"href":"https:\/\/www.brennerbasisdemokratie.eu\/index.php?rest_route=\/wp\/v2\/posts\/48942","targetHints":{"allow":["GET"]}}],"collection":[{"href":"https:\/\/www.brennerbasisdemokratie.eu\/index.php?rest_route=\/wp\/v2\/posts"}],"about":[{"href":"https:\/\/www.brennerbasisdemokratie.eu\/index.php?rest_route=\/wp\/v2\/types\/post"}],"author":[{"embeddable":true,"href":"https:\/\/www.brennerbasisdemokratie.eu\/index.php?rest_route=\/wp\/v2\/users\/1"}],"replies":[{"embeddable":true,"href":"https:\/\/www.brennerbasisdemokratie.eu\/index.php?rest_route=%2Fwp%2Fv2%2Fcomments&post=48942"}],"version-history":[{"count":11,"href":"https:\/\/www.brennerbasisdemokratie.eu\/index.php?rest_route=\/wp\/v2\/posts\/48942\/revisions"}],"predecessor-version":[{"id":75627,"href":"https:\/\/www.brennerbasisdemokratie.eu\/index.php?rest_route=\/wp\/v2\/posts\/48942\/revisions\/75627"}],"wp:attachment":[{"href":"https:\/\/www.brennerbasisdemokratie.eu\/index.php?rest_route=%2Fwp%2Fv2%2Fmedia&parent=48942"}],"wp:term":[{"taxonomy":"category","embeddable":true,"href":"https:\/\/www.brennerbasisdemokratie.eu\/index.php?rest_route=%2Fwp%2Fv2%2Fcategories&post=48942"},{"taxonomy":"post_tag","embeddable":true,"href":"https:\/\/www.brennerbasisdemokratie.eu\/index.php?rest_route=%2Fwp%2Fv2%2Ftags&post=48942"}],"curies":[{"name":"wp","href":"https:\/\/api.w.org\/{rel}","templated":true}]}}