{"id":48977,"date":"2019-06-05T22:00:51","date_gmt":"2019-06-05T20:00:51","guid":{"rendered":"http:\/\/www.brennerbasisdemokratie.eu\/?p=48977"},"modified":"2023-01-27T20:34:58","modified_gmt":"2023-01-27T19:34:58","slug":"gesundheit-untertaninnen-oder-burgerinnen","status":"publish","type":"post","link":"https:\/\/www.brennerbasisdemokratie.eu\/?p=48977","title":{"rendered":"Gesundheit: Untertaninnen oder B\u00fcrgerinnen?"},"content":{"rendered":"<p>Seit Tagen geistert in S\u00fcdtirol das Ger\u00fccht herum, dass ein aus \u00d6sterreich stammender Primar aus der S\u00fcdtiroler \u00c4rztinnenkammer fliegen soll, weil er nicht ausreichend gut Italienisch spricht. <em>Salto<\/em>-Chefredakteur Christoph Franceschini hat den Mann (Thomas M\u00fcller) ausfindig gemacht und <a title=\"Salto: Ich bin der Arzt.\" href=\"https:\/\/www.salto.bz\/de\/article\/05062019\/ich-bin-der-arzt\" target=\"_blank\" rel=\"noopener noreferrer\">einen Beitrag<\/a> dazu verfasst, dessen Tenor ich problematisch finde \u2014 weshalb ich ihn hier auszugsweise kommentieren m\u00f6chte:<\/p>\n<blockquote><p>Der Ausgangspunkt dieser Posse ist ein Fauxpas des Generaldirektor[s] des S\u00fcdtiroler Sanit\u00e4tsbetriebes mit nachhaltigen Folgen.<\/p><\/blockquote>\n<p>Schon der Ausdruck \u00bbPosse\u00ab ist eigentlich eine Frechheit. Es handelt sich hier um keine Posse, sondern um einen Frontalangriff auf die Grundlagen unserer Autonomie. Diese wurde mit dem Ziel konzipiert, die deutsche und die italienische Sprache in S\u00fcdtirol gleichzustellen. Alles andere hat sich dem unterzuordnen. Ergo: Entweder alle \u00c4rztinnen m\u00fcssen zweisprachig sein oder aber es gibt einsprachig italienische und einsprachig deutsche \u00c4rztinnen, die die andere Sprache ggf. innerhalb einer gewissen Frist erlernen m\u00fcssen.<\/p>\n<blockquote><p>Seit dem 1. M\u00e4rz 2018 arbeitet Thomas M\u00fcller f\u00fcr den S\u00fcdtiroler Sanit\u00e4tsbetrieb als Primar am Krankenhaus Bozen. Der Leiter des Zentrallabors ist jetzt urpl\u00f6tzlich ohne sein Zutun zur Hauptperson einer absurden Geschichte geworden.<br \/>\nEingebrockt wurde diese Geschichte M\u00fcller dabei ausgerechnet von seinem oberster Dienstherrn: Florian Zerzer.<\/p><\/blockquote>\n<blockquote><p>Salto.bz\u00a0hat\u00a0<a href=\"https:\/\/www.salto.bz\/de\/article\/03042019\/persona-non-grata\">exklusiv dar\u00fcber berichtet.<\/a>\u00a0Am 27. M\u00e4rz 2019 kam es bei einer Aussprache im r\u00f6mischen Gesundheitsministerium zum Eklat.\u00a0[\u2026] In der rund 30 Minuten dauernden Aussprache versuchte Florian Zerzer unter anderem vom Gesundheitsministerium gr\u00fcnes Licht f\u00fcr die Einstellung von Pflegepersonal aus dem Ausland zu erhalten, das nicht Italienisch spricht. Als die Ministeriumsbeamten sich dagegen aussprachen, argumentierte Zerzer, dass es in S\u00fcdtirol ja auch \u00c4rzte gebe, die nur Deutsch und kein Italienisch k\u00f6nnen.<\/p><\/blockquote>\n<p>Man kann nat\u00fcrlich sagen, dass Florian Zerzer dem Primar die Geschichte eingebrockt hat. Zumindest, wenn man kurzsichtig argumentiert. \u00d6ffnet man den Horizont ein wenig, kann man (aus dem Blickwinkel der S\u00fcdtirolautonomie) sagen, dass uns diese Geschichte ein zentralistischer Nationalstaat eingebrockt hat, in dem offenbar weder Wille noch F\u00e4higkeit bestehen, auf eine mehrsprachige Realit\u00e4t wie die unsere zu reagieren und angemessene L\u00f6sungen zu finden. Statt <a title=\"I Carabinieri all\u2019Ordine dei medici.\" href=\"http:\/\/www.brennerbasisdemokratie.eu\/?p=48445\">die <em>Carabinieri<\/em> in die S\u00fcdtiroler \u00c4rztinnenkammer zu entsenden<\/a>, k\u00f6nnte man zum Beispiel f\u00fcr deutschsprachige \u00c4rztinnen die Schaffung einer eigenen Sektion in der S\u00fcdtiroler Kammer andenken, deren Eingeschriebene nur hierzulande t\u00e4tig sein d\u00fcrfen. Wollen sie im restlichen Italien arbeiten, m\u00fcssen sie eine Sprachpr\u00fcfung ablegen.<\/p>\n<blockquote><p>Auf Nachfrage versuchte der S\u00fcdtiroler Generaldirektor seine Aussage zwar noch zu relativieren, doch das Gesundheitsministerium hatte den Braten gerochen. Wenige Tage sp\u00e4ter startete eine offizielle Anfrage an die S\u00fcdtiroler \u00c4rztekammer. Weil Kammerpr\u00e4sidentin Monika Oberrauch auf die Anfrage nur ausweichend antwortet, ermittelt die Carabinierisondereinheit NAS. Auf Anordnung des Gesundheitsministeriums soll sie pr\u00fcfen, ob die in S\u00fcdtiroler \u00c4rztekammer \u00c4rzte oder Zahn\u00e4rzte eingeschrieben sind [sic], die kein Italienisch sprechen.<br \/>\nUnd genau hier wurde man f\u00fcndig. [\u2026]<\/p><\/blockquote>\n<p>Dazu hat Franceschini offenbar keinerlei Einw\u00e4nde. Die zentralistische Denke und das nationalistische Framing, die in S\u00fcdtirol absolut keinen Sinn haben, macht er sich einfach v\u00f6llig unkritisch zueigen.<\/p>\n<blockquote><p>Anhand M\u00fcllers Stellungnahme wird klar: Die Hauptschuld an der jetzt eskalierten Situation tr\u00e4gt die S\u00fcdtiroler \u00c4rztekammer.<\/p><\/blockquote>\n<p>Oder aber die Kammer hat mit Hausverstand so gehandelt, wie sie in einem mehrsprachigen Land sinnvollerweise \u2014 im Interesse der Bev\u00f6lkerung \u2014 handeln sollte.<\/p>\n<blockquote><p>Laut Gesetzgeber ist die \u00c4rztekammer daf\u00fcr zust\u00e4ndig, diese sprachlichen F\u00e4higkeiten vor der Einschreibung zu pr\u00fcfen. Dieselben Regelungen gelten zum Beispiel auch in \u00d6sterreich und Deutschland.<\/p><\/blockquote>\n<p>Wie schon an anderer Stelle geschrieben: Was in Nationalstaaten wie \u00d6sterreich, Deutschland und (Rest-)Italien gilt, ist f\u00fcr ein mehrsprachiges Land wie unseres relativ uninteressant. Hier hat vielmehr sinnbildlich die Maxime von Silvius Magnago zu gelten, dass wir eben ggf. alle einen eigenen Hubschrauber kriegen m\u00fcssen, wenn das die einzige M\u00f6glichkeit ist, unsere Rechte sicherzustellen. Und vom Hubschrauber sind wir ja hier immer noch meilenweit entfernt \u2014 Franceschini g\u00f6nnt uns nicht einmal einen Turnschuh.<\/p>\n<p>Was sich aber regelm\u00e4\u00dfig best\u00e4tigt: Ein Nationalstaat, der in seiner eindimensionalen monolingualen Normalit\u00e4t verharrt, wird immer ungeeignet sein, unserer besonderen Situation gerecht zu werden.<\/p>\n<blockquote><p>Weil in der S\u00fcdtiroler Sanit\u00e4t zum gr\u00f6\u00dften Teil Deutsch gesprochen wird (mit Ausnahme des Krankenhauses Bozen) und es zudem an den S\u00fcdtiroler Krankenh\u00e4usern zahlreiche italienische \u00c4rzte gibt, die kein Wort Deutsch k\u00f6nnen, begegnete die \u00c4rztekammer der Problematik bisher im\u00a0laissez-faire-Stil.<\/p><\/blockquote>\n<p>Hurra!<\/p>\n<blockquote><p>Das Problem dabei: Jeder Arzt, der in die S\u00fcdtiroler \u00c4rztekammer eingetragen ist, ist damit auch berechtigt \u00fcberall in Italien seinen Beruf auszu\u00fcben. Dass die mangelnde Italienischkenntnisse in Mailand, Rom oder Palermo eines Krankenhausarztes aber zu ernsthaften Problemen f\u00fchren k\u00f6nnten, kann selbst Sven Knoll nicht abstreiten.<\/p><\/blockquote>\n<p>Siehe oben: Es gibt l\u00f6sungsorientierte Ans\u00e4tze wie es etwa die Schaffung einer Ad-Hoc-Sektion in der S\u00fcdtiroler \u00c4rztinnenkammer w\u00e4re. Dann gibt es die <em>Carabinieri<\/em>-Keule.<\/p>\n<p>(Zumindest f\u00fcr jene \u00fcbrigens, die uns gebetsm\u00fchlenartig wiederholen, dass eine \u00c4rztin, die mich nicht versteht, noch immer besser sei, als gar keine, sollte eine deutschsprachige \u00c4rztin in Palermo auch kein Problem sein.)<\/p>\n<blockquote><p>Nachdem der oberste Beamte der S\u00fcdtiroler Sanit\u00e4t das Gesundheitsministerium unfreiwillig auf diesen Missstand aufmerksam gemacht hat, muss Rom t\u00e4tig werden.<\/p><\/blockquote>\n<p>Kann sein. Doch selbst dann geht es noch immer um das \u00bbWie\u00ab. Und wie gehandelt wurde \u2014 n\u00e4mlich repressiv \u2014, ist sicher nicht im Interesse der S\u00fcdtiroler Bev\u00f6lkerung und unserer mehrsprachigen Realit\u00e4t.<\/p>\n<blockquote><p>Daran wird auch das Rechtsgutachten wenig \u00e4ndern, das Landesrat Thomas Widmann der \u00c4rztekammer \u00fcbermittelt hat.<\/p>\n<p>Das Gutachten, das <em>salto.bz<\/em> in Ausz\u00fcgen vorliegt, versucht mit Verweis auf die S\u00fcdtiroler Autonomiebestimmungen eine Situation rechtlich zu sanieren, die f\u00fcr jeden Staat unhaltbar ist.<\/p><\/blockquote>\n<p>Ich kenne das Gutachten ja nicht. Aber es ist davon auszugehen, dass Franceschini sich auf \u00bbjeden dumben Nationalstaat\u00ab bezieht und nicht etwa auf Staatsgebilde, die es gewohnt sind, mit Mehrsprachigkeit umzugehen.<\/p>\n<blockquote><p>Nimmt man das Rechtsgutachten des Landes ernst, k\u00f6nnte man in Zukunft genauso Richter einstellen, die kein Italienisch sprechen.<\/p><\/blockquote>\n<p>Selbst das w\u00e4re im Grunde kein Drama. Jedenfalls nicht, solange es daneben einsprachig italienische Richterinnen gibt (und die gibt es ja jetzt auch schon). Kleiner Unterschied ist halt, dass die italienischen Gesetze nicht in einer (rechtsverbindlichen) deutschen Fassung existieren. Medizinhandb\u00fccher schon.<\/p>\n<p><strong><span style=\"font-family: Helvetica, Arial, sans-serif; text-transform: uppercase;\">C\u00ebla enghe:<\/span><\/strong> <a title=\"Zerzer in Rom und die Bittstellerinnenmentalit\u00e4t.\" href=\"http:\/\/www.brennerbasisdemokratie.eu\/?p=47772\"><code>01<\/code><\/a> <a title=\"Der \u00c4rztinnenmangel kommt nicht von selbst.\" href=\"http:\/\/www.brennerbasisdemokratie.eu\/?p=48974\"><code>02<\/code><\/a> <a title=\"Besser keine \u00c4rztin, als einsprachig deutsch.\" href=\"http:\/\/www.brennerbasisdemokratie.eu\/?p=48686\"><code>03<\/code><\/a>\u00a0<span style=\"font-family: Helvetica, Arial, sans-serif; font-weight: normal;\">||<\/span> <a title=\"\u00d6sterreichischer Arzt von \u2018Nursing Up\u2019 denunziert.\" href=\"http:\/\/www.brennerbasisdemokratie.eu\/?p=49019\"><span style=\"color: #ff8c00\"><code>01<\/code><\/span><\/a><\/p>","protected":false},"excerpt":{"rendered":"<p>Seit Tagen geistert in S\u00fcdtirol das Ger\u00fccht herum, dass ein aus \u00d6sterreich stammender Primar aus der S\u00fcdtiroler \u00c4rztinnenkammer fliegen soll, weil er nicht ausreichend gut Italienisch spricht. Salto-Chefredakteur Christoph Franceschini hat den Mann (Thomas M\u00fcller) ausfindig gemacht und einen Beitrag dazu verfasst, dessen Tenor ich problematisch finde \u2014 weshalb ich ihn hier auszugsweise kommentieren m\u00f6chte: [&hellip;]<\/p>","protected":false},"author":1,"featured_media":0,"comment_status":"open","ping_status":"open","sticky":false,"template":"","format":"standard","meta":{"_crdt_document":"","ngg_post_thumbnail":0,"_jetpack_memberships_contains_paid_content":false,"footnotes":""},"categories":[1],"tags":[],"class_list":["post-48977","post","type-post","status-publish","format-standard","hentry","category-allgemein","entity-carabinieri","entity-land-sudtirol","entity-sabes","entity-stf","entity-svp","issue-bilinguismo-negato","issue-medienkritik","issue-zitac","location-italy","location-sudtirolo","language-deutsch","medium-salto","person-christoph-franceschini","person-sven-knoll","person-thomas-widmann","topic-bildung","topic-discriminaziun","topic-gesundheit","topic-minderheitenschutz","topic-nationalismus","topic-plurilinguism","topic-politik","topic-repression","topic-servicepublic","topic-staatland","topic-vorzeigeautonomie","topic-zentralismus"],"jetpack_featured_media_url":"","jetpack_sharing_enabled":true,"_links":{"self":[{"href":"https:\/\/www.brennerbasisdemokratie.eu\/index.php?rest_route=\/wp\/v2\/posts\/48977","targetHints":{"allow":["GET"]}}],"collection":[{"href":"https:\/\/www.brennerbasisdemokratie.eu\/index.php?rest_route=\/wp\/v2\/posts"}],"about":[{"href":"https:\/\/www.brennerbasisdemokratie.eu\/index.php?rest_route=\/wp\/v2\/types\/post"}],"author":[{"embeddable":true,"href":"https:\/\/www.brennerbasisdemokratie.eu\/index.php?rest_route=\/wp\/v2\/users\/1"}],"replies":[{"embeddable":true,"href":"https:\/\/www.brennerbasisdemokratie.eu\/index.php?rest_route=%2Fwp%2Fv2%2Fcomments&post=48977"}],"version-history":[{"count":19,"href":"https:\/\/www.brennerbasisdemokratie.eu\/index.php?rest_route=\/wp\/v2\/posts\/48977\/revisions"}],"predecessor-version":[{"id":76450,"href":"https:\/\/www.brennerbasisdemokratie.eu\/index.php?rest_route=\/wp\/v2\/posts\/48977\/revisions\/76450"}],"wp:attachment":[{"href":"https:\/\/www.brennerbasisdemokratie.eu\/index.php?rest_route=%2Fwp%2Fv2%2Fmedia&parent=48977"}],"wp:term":[{"taxonomy":"category","embeddable":true,"href":"https:\/\/www.brennerbasisdemokratie.eu\/index.php?rest_route=%2Fwp%2Fv2%2Fcategories&post=48977"},{"taxonomy":"post_tag","embeddable":true,"href":"https:\/\/www.brennerbasisdemokratie.eu\/index.php?rest_route=%2Fwp%2Fv2%2Ftags&post=48977"}],"curies":[{"name":"wp","href":"https:\/\/api.w.org\/{rel}","templated":true}]}}