{"id":49019,"date":"2019-06-07T19:07:00","date_gmt":"2019-06-07T17:07:00","guid":{"rendered":"http:\/\/www.brennerbasisdemokratie.eu\/?p=49019"},"modified":"2025-10-01T22:26:03","modified_gmt":"2025-10-01T20:26:03","slug":"osterreichischer-arzt-von-nursing-up-denunziert","status":"publish","type":"post","link":"https:\/\/www.brennerbasisdemokratie.eu\/?p=49019","title":{"rendered":"\u00d6sterreichischer Arzt von Nursing Up denunziert."},"content":{"rendered":"<p>W\u00e4hrend der Proporz ausgehebelt und die Zweisprachigkeitspflicht ausgesetzt wird, um dem Mangel an Fachkr\u00e4ften im Gesundheitsbereich zu begegnen \u2014 der auch <a title=\"Der \u00c4rztinnenmangel kommt nicht von selbst.\" href=\"http:\/\/www.brennerbasisdemokratie.eu\/?p=48974\">teilweise sinnlosen staatlichen Normen geschuldet<\/a> ist \u2014 greift das Gesundheitsministerium hart durch, um Personal ausfindig zu machen, das der italienischen Sprache nicht oder nicht ausreichend m\u00e4chtig ist. Umgekehrt ist das bei den immer zahlreicheren \u00c4rztinnen, die kein Deutsch sprechen, f\u00fcr Rom kein Thema.<\/p>\n<p>Dem Fass den Boden schl\u00e4gt nun aber aus, dass <a title=\"Gesundheit: Untertaninnen oder B\u00fcrgerinnen?\" href=\"http:\/\/www.brennerbasisdemokratie.eu\/?p=48977\">der \u00f6sterreichische Arzt, der m\u00f6glicherweise von der S\u00fcdtiroler Kammer gestrichen wird<\/a>, nicht etwa den <a title=\"I Carabinieri all\u2019Ordine dei medici.\" href=\"http:\/\/www.brennerbasisdemokratie.eu\/?p=48445\">Durchsuchungen der <em>Carabinieri<\/em><\/a> zum Opfer gefallen ist, sondern \u2014 wie der ASGB kritisiert \u2014 von der staatlichen Gewerkschaft der Krankenpflegerinnen <em>(Nursing Up)<\/em> denunziert worden sein soll. Solches Vorgehen ist absolut indiskutabel, da ist nun offenbar tats\u00e4chlich eine Treibjagd auf Deutschsprachige er\u00f6ffnet worden.<\/p>\n<blockquote><p>Es scheint Kr\u00e4fte zu geben, die der mehrsprachigen Realit\u00e4t in S\u00fcdtirol nicht Rechnung tragen wollen. Dazu geh\u00f6rt anscheinend die nationale Krankenpflegergewerkschaft Nursing Up, welche, laut Generaldirektor des S\u00fcdtiroler Sanit\u00e4tsbetriebes, Florian Zerzer, beim Gesundheitsministerium hinsichtlich dieses Falles interveniert hat.<\/p>\n<p><em>\u2014 Tony Tschenett (ASGB)<\/em><\/p><\/blockquote>\n<p>Was unternimmt die Landesregierung, um der ultranationalistischen Hetze gegen das Grundprinzip der sprachlichen Gleichstellung (ggf. mit Unterst\u00fctzung von \u00d6sterreich) ein Ende zu bereiten?<\/p>\n<p><strong><span style=\"font-family: Helvetica, Arial, sans-serif; text-transform: uppercase;\">C\u00ebla enghe:<\/span><\/strong> <a title=\"Besser keine \u00c4rztin, als einsprachig deutsch.\" href=\"http:\/\/www.brennerbasisdemokratie.eu\/?p=48686\"><code>01<\/code><\/a> <a title=\"Giorno+Notte: Il settore \u00e8 delicato.\" href=\"http:\/\/www.brennerbasisdemokratie.eu\/?p=44428\"><code>02<\/code><\/a> <a title=\"Language Barriers in Health Care.\" href=\"http:\/\/www.brennerbasisdemokratie.eu\/?p=48634\"><code>03<\/code><\/a>&nbsp;<span style=\"font-family: Helvetica, Arial, sans-serif; font-weight: normal;\">||<\/span> <a title=\"Kammerausschluss f\u00fcr deutschsprachigen Arzt.\" href=\"http:\/\/www.brennerbasisdemokratie.eu\/?p=50099\"><span style=\"color:#ff8c00; text-decoration:underline; text-decoration-color:#ff8c00; text-decoration-thickness:3px;\"><code>01<\/code><\/span><\/a><\/p>","protected":false},"excerpt":{"rendered":"<p>W\u00e4hrend der Proporz ausgehebelt und die Zweisprachigkeitspflicht ausgesetzt wird, um dem Mangel an Fachkr\u00e4ften im Gesundheitsbereich zu begegnen \u2014 der auch teilweise sinnlosen staatlichen Normen geschuldet ist \u2014 greift das Gesundheitsministerium hart durch, um Personal ausfindig zu machen, das der italienischen Sprache nicht oder nicht ausreichend m\u00e4chtig ist. Umgekehrt ist das bei den immer zahlreicheren [&hellip;]<\/p>","protected":false},"author":1,"featured_media":0,"comment_status":"open","ping_status":"open","sticky":false,"template":"","format":"standard","meta":{"_crdt_document":"","ngg_post_thumbnail":0,"_jetpack_memberships_contains_paid_content":false,"footnotes":""},"categories":[1],"tags":[],"class_list":["post-49019","post","type-post","status-publish","format-standard","hentry","category-allgemein","entity-asgb","entity-land-sudtirol","entity-sabes","issue-italianizzazione","issue-proporz","issue-zitac","location-italy","location-osterreich","language-deutsch","person-tony-tschenett","topic-buerokratismus","topic-discriminaziun","topic-gewerkschaften","topic-nationalismus","topic-plurilinguism","topic-recht","topic-repression","topic-servicepublic","topic-staatland","topic-vorzeigeautonomie","topic-zentralismus"],"jetpack_featured_media_url":"","jetpack_sharing_enabled":true,"_links":{"self":[{"href":"https:\/\/www.brennerbasisdemokratie.eu\/index.php?rest_route=\/wp\/v2\/posts\/49019","targetHints":{"allow":["GET"]}}],"collection":[{"href":"https:\/\/www.brennerbasisdemokratie.eu\/index.php?rest_route=\/wp\/v2\/posts"}],"about":[{"href":"https:\/\/www.brennerbasisdemokratie.eu\/index.php?rest_route=\/wp\/v2\/types\/post"}],"author":[{"embeddable":true,"href":"https:\/\/www.brennerbasisdemokratie.eu\/index.php?rest_route=\/wp\/v2\/users\/1"}],"replies":[{"embeddable":true,"href":"https:\/\/www.brennerbasisdemokratie.eu\/index.php?rest_route=%2Fwp%2Fv2%2Fcomments&post=49019"}],"version-history":[{"count":11,"href":"https:\/\/www.brennerbasisdemokratie.eu\/index.php?rest_route=\/wp\/v2\/posts\/49019\/revisions"}],"predecessor-version":[{"id":94978,"href":"https:\/\/www.brennerbasisdemokratie.eu\/index.php?rest_route=\/wp\/v2\/posts\/49019\/revisions\/94978"}],"wp:attachment":[{"href":"https:\/\/www.brennerbasisdemokratie.eu\/index.php?rest_route=%2Fwp%2Fv2%2Fmedia&parent=49019"}],"wp:term":[{"taxonomy":"category","embeddable":true,"href":"https:\/\/www.brennerbasisdemokratie.eu\/index.php?rest_route=%2Fwp%2Fv2%2Fcategories&post=49019"},{"taxonomy":"post_tag","embeddable":true,"href":"https:\/\/www.brennerbasisdemokratie.eu\/index.php?rest_route=%2Fwp%2Fv2%2Ftags&post=49019"}],"curies":[{"name":"wp","href":"https:\/\/api.w.org\/{rel}","templated":true}]}}