{"id":49051,"date":"2019-06-08T22:55:11","date_gmt":"2019-06-08T20:55:11","guid":{"rendered":"http:\/\/www.brennerbasisdemokratie.eu\/?p=49051"},"modified":"2021-06-15T19:36:50","modified_gmt":"2021-06-15T17:36:50","slug":"demonstrationsverbot-am-magnagoplatz","status":"publish","type":"post","link":"https:\/\/www.brennerbasisdemokratie.eu\/?p=49051","title":{"rendered":"Demonstrationsverbot am Magnagoplatz?"},"content":{"rendered":"<p>Die S\u00fcdtiroler Landesregierung aus <abbr title=\"S\u00fcdtiroler Volkspartei\">SVP<\/abbr> und rechtsradikaler <em>Lega<\/em> ist in die Kritik geraten, weil sie mit einem schlecht und schwammig formulierten <a title=\"LR-Beschluss Nr. 426 vom 4. Juni 2019.\" href=\"http:\/\/www.brennerbasisdemokratie.eu\/?p=49061\">Beschluss<\/a> in die Nutzung des Silvius-Magnago-Platzes zwischen Landtag und Landh\u00e4usern eingreifen will. Daf\u00fcr werden Grundrechte, ja Menschenrechte wie jenes auf Versammlungsfreiheit eingeschr\u00e4nkt, und das nicht an irgendeinem Ort, sondern auf dem wichtigsten Platz der S\u00fcdtiroler Demokratie. So gibt es zeitliche (Montag-Freitag au\u00dfer feiertags) und inhaltliche Beschr\u00e4nkungen, die in dieser Allgemeinheit wohl grundrechtswidrig sein d\u00fcrften. In jedem Fall ist es aber ein Versuch, den B\u00fcrgerinnen unn\u00f6tig Ketten anzulegen.<\/p>\n<p>Von der Schwammigkeit der Formulierung zeugt \u00fcbrigens auch, dass sich Landeshauptmann Kompatscher und Oppositionsparteien ein Gefecht um die Frage liefern, ob die Regelung auch Demonstrationen betreffen w\u00fcrde. Die Beschr\u00e4nkung auf bestimmte Tage tut dies wohl zweifelsfrei.<\/p>\n<p>Dass der Beschluss in zeitlicher N\u00e4he zu mehreren Kundgebungen (Klima, L\u00f6hne, Wolf\u2026) erlassen wurde, tr\u00e4gt zus\u00e4tzlich zum negativen Beigeschmack der Ma\u00dfnahme bei.<\/p>","protected":false},"excerpt":{"rendered":"<p>Die S\u00fcdtiroler Landesregierung aus SVP und rechtsradikaler Lega ist in die Kritik geraten, weil sie mit einem schlecht und schwammig formulierten Beschluss in die Nutzung des Silvius-Magnago-Platzes zwischen Landtag und Landh\u00e4usern eingreifen will. Daf\u00fcr werden Grundrechte, ja Menschenrechte wie jenes auf Versammlungsfreiheit eingeschr\u00e4nkt, und das nicht an irgendeinem Ort, sondern auf dem wichtigsten Platz der [&hellip;]<\/p>","protected":false},"author":1,"featured_media":0,"comment_status":"open","ping_status":"open","sticky":false,"template":"","format":"standard","meta":{"_crdt_document":"","ngg_post_thumbnail":0,"_jetpack_memberships_contains_paid_content":false,"footnotes":""},"categories":[1],"tags":[],"class_list":["post-49051","post","type-post","status-publish","format-standard","hentry","category-allgemein","entity-land-sudtirol","entity-landesregierung","entity-lega","entity-sudtiroler-landtag","entity-svp","location-sudtirolo","language-deutsch","person-arno-kompatscher","topic-democrazia","topic-grundrechte","topic-mitbestimmung","topic-politik","topic-recht","topic-repression"],"jetpack_featured_media_url":"","jetpack_sharing_enabled":true,"_links":{"self":[{"href":"https:\/\/www.brennerbasisdemokratie.eu\/index.php?rest_route=\/wp\/v2\/posts\/49051","targetHints":{"allow":["GET"]}}],"collection":[{"href":"https:\/\/www.brennerbasisdemokratie.eu\/index.php?rest_route=\/wp\/v2\/posts"}],"about":[{"href":"https:\/\/www.brennerbasisdemokratie.eu\/index.php?rest_route=\/wp\/v2\/types\/post"}],"author":[{"embeddable":true,"href":"https:\/\/www.brennerbasisdemokratie.eu\/index.php?rest_route=\/wp\/v2\/users\/1"}],"replies":[{"embeddable":true,"href":"https:\/\/www.brennerbasisdemokratie.eu\/index.php?rest_route=%2Fwp%2Fv2%2Fcomments&post=49051"}],"version-history":[{"count":7,"href":"https:\/\/www.brennerbasisdemokratie.eu\/index.php?rest_route=\/wp\/v2\/posts\/49051\/revisions"}],"predecessor-version":[{"id":66407,"href":"https:\/\/www.brennerbasisdemokratie.eu\/index.php?rest_route=\/wp\/v2\/posts\/49051\/revisions\/66407"}],"wp:attachment":[{"href":"https:\/\/www.brennerbasisdemokratie.eu\/index.php?rest_route=%2Fwp%2Fv2%2Fmedia&parent=49051"}],"wp:term":[{"taxonomy":"category","embeddable":true,"href":"https:\/\/www.brennerbasisdemokratie.eu\/index.php?rest_route=%2Fwp%2Fv2%2Fcategories&post=49051"},{"taxonomy":"post_tag","embeddable":true,"href":"https:\/\/www.brennerbasisdemokratie.eu\/index.php?rest_route=%2Fwp%2Fv2%2Ftags&post=49051"}],"curies":[{"name":"wp","href":"https:\/\/api.w.org\/{rel}","templated":true}]}}